{"id":4475,"date":"2013-05-06T19:18:23","date_gmt":"2013-05-06T22:18:23","guid":{"rendered":"https:\/\/abrelivros.org.br\/site\/2013\/05\/06\/editora-do-brasil-lanca-sua-nova-marca\/"},"modified":"2013-05-06T19:18:23","modified_gmt":"2013-05-06T22:18:23","slug":"editora-do-brasil-lanca-sua-nova-marca","status":"publish","type":"post","link":"https:\/\/abrelivros.org.br\/site\/editora-do-brasil-lanca-sua-nova-marca\/","title":{"rendered":"Editora do Brasil lan\u00e7a sua nova marca"},"content":{"rendered":"<p><span style=\"font-family: arial,helvetica,sans-serif; font-size: small;\"><img fetchpriority=\"high\" decoding=\"async\" class=\" size-full wp-image-4474\" width=\"303\" height=\"209\" alt=\"1\" src=\"https:\/\/abrelivros.org.br\/site\/wp-content\/uploads\/2013\/05\/1.jpg\" \/><\/span><\/p>\n<p><span style=\"font-family: arial,helvetica,sans-serif; font-size: small;\"><\/span><span style=\"font-family: arial,helvetica,sans-serif; font-size: small;\">Para iniciar as comemora\u00e7\u00f5es de seus 70 anos, a Editora do Brasil, de olho no futuro, realizou no final do m\u00eas de abril um coquetel para apresentar sua nova marca.<\/span>\u00a0<\/p>\n<p> <\/p>\n<p>\u00a0<\/p>\n<p><span style=\"font-family: arial,helvetica,sans-serif; font-size: small;\">Essa constru\u00e7\u00e3o foi resultado de um trabalho conjunto da ag\u00eancia Ana Couto Branding e da Editora do Brasil.<\/span><\/p>\n<p><span style=\"font-family: arial,helvetica,sans-serif; font-size: small;\"><\/span>\u00a0<\/p>\n<p><span style=\"font-family: arial,helvetica,sans-serif; font-size: small;\"><\/span>\u00a0<span style=\"font-family: arial,helvetica,sans-serif; font-size: small;\">A celebra\u00e7\u00e3o ocorreu no Buffet Fiorelo em S\u00e3o Paulo, e contou com a presen\u00e7a dos representantes da ag\u00eancia, colaboradores e diretores da Editora.<\/span><\/p>\n<p>\u00a0<\/p>\n<p>\u00a0<\/p>\n<p><span style=\"font-family: arial,helvetica,sans-serif; font-size: small;\">Na apresenta\u00e7\u00e3o de lan\u00e7amento, a diretora executiva, Maria Lucia K. Cavalcante de Queiroz, contou brevemente a hist\u00f3ria da empresa desde a sua funda\u00e7\u00e3o e reafirmou o objetivo que sempre orientou a Editora: oferecer livros de qualidade para todos. Ela tamb\u00e9m homenageou os colaboradores mais antigos. Em seguida, o diretor de opera\u00e7\u00f5es, Vicente Tortamano Avanso, falou sobre os desafios e objetivos da Editora para o futuro; j\u00e1 o diretor de estrat\u00e9gia da Ana Couto Branding, Renato Winnig, explicou a import\u00e2ncia do trabalho do branding para a constru\u00e7\u00e3o da imagem da empresa. Depois foi a vez de Everton Medeiros Tonini, coordenador de marketing, explicar que um dos principais objetivos do Marketing \u00e9 gerenciar a nova marca da Editora do Brasil.<\/span><\/p>\n<p>\u00a0<\/p>\n<p><span style=\"font-family: arial,helvetica,sans-serif; font-size: small;\">Um dos momentos marcantes do encerramento foi o agradecimento emocionado que os filhos do fundador Carlos Costa \u2013 \u00c1urea Regina Cavalcante Costa (diretora superintendente) e Carlos Fernando Cavalcante Costa (vice-presidente) \u2013 fizeram a todos que, com dedica\u00e7\u00e3o, alcan\u00e7aram os excelentes resultados na constru\u00e7\u00e3o da nova marca.<\/span><\/p>\n<p>\u00a0<\/p>\n","protected":false},"excerpt":{"rendered":"<p>Para iniciar as comemora\u00e7\u00f5es de seus 70 anos, a Editora do Brasil, de olho no futuro, realizou no final do m\u00eas de abril um coquetel para apresentar sua nova marca.\u00a0 \u00a0 Essa constru\u00e7\u00e3o foi resultado de um trabalho conjunto da ag\u00eancia Ana Couto Branding e da Editora do Brasil. \u00a0 \u00a0A celebra\u00e7\u00e3o ocorreu no Buffet [&hellip;]<\/p>\n","protected":false},"author":1,"featured_media":4474,"comment_status":"closed","ping_status":"closed","sticky":false,"template":"","format":"standard","meta":{"footnotes":"","_links_to":"","_links_to_target":""},"categories":[14],"tags":[],"class_list":["post-4475","post","type-post","status-publish","format-standard","has-post-thumbnail","hentry","category-noticias-das-editoras"],"yoast_head":"<!-- This site is optimized with the Yoast SEO plugin v15.1 - https:\/\/yoast.com\/wordpress\/plugins\/seo\/ -->\n<title>Editora do Brasil lan\u00e7a sua nova marca &raquo; Abrelivros<\/title>\n<meta name=\"robots\" content=\"index, follow, max-snippet:-1, max-image-preview:large, max-video-preview:-1\" \/>\n<link rel=\"canonical\" href=\"https:\/\/abrelivros.org.br\/site\/editora-do-brasil-lanca-sua-nova-marca\/\" \/>\n<meta property=\"og:locale\" content=\"pt_BR\" \/>\n<meta property=\"og:type\" content=\"article\" \/>\n<meta property=\"og:title\" content=\"Editora do Brasil lan\u00e7a sua nova marca &raquo; Abrelivros\" \/>\n<meta property=\"og:description\" content=\"Para iniciar as comemora\u00e7\u00f5es de seus 70 anos, a Editora do Brasil, de olho no futuro, realizou no final do m\u00eas de abril um coquetel para apresentar sua nova marca.\u00a0 \u00a0 Essa constru\u00e7\u00e3o foi resultado de um trabalho conjunto da ag\u00eancia Ana Couto Branding e da Editora do Brasil. \u00a0 \u00a0A celebra\u00e7\u00e3o ocorreu no Buffet [&hellip;]\" \/>\n<meta property=\"og:url\" content=\"https:\/\/abrelivros.org.br\/site\/editora-do-brasil-lanca-sua-nova-marca\/\" \/>\n<meta property=\"og:site_name\" content=\"Abrelivros\" \/>\n<meta property=\"article:published_time\" content=\"2013-05-06T22:18:23+00:00\" \/>\n<meta property=\"og:image\" content=\"https:\/\/abrelivros.org.br\/site\/wp-content\/uploads\/2014\/08\/1-scaled.jpg\" \/>\n\t<meta property=\"og:image:width\" content=\"2560\" \/>\n\t<meta property=\"og:image:height\" content=\"1707\" \/>\n<meta name=\"twitter:card\" content=\"summary_large_image\" \/>\n<script type=\"application\/ld+json\" class=\"yoast-schema-graph\">{\"@context\":\"https:\/\/schema.org\",\"@graph\":[{\"@type\":\"WebSite\",\"@id\":\"https:\/\/abrelivros.org.br\/site\/#website\",\"url\":\"https:\/\/abrelivros.org.br\/site\/\",\"name\":\"Abrelivros\",\"description\":\"\",\"potentialAction\":[{\"@type\":\"SearchAction\",\"target\":\"https:\/\/abrelivros.org.br\/site\/?s={search_term_string}\",\"query-input\":\"required name=search_term_string\"}],\"inLanguage\":\"pt-BR\"},{\"@type\":\"ImageObject\",\"@id\":\"https:\/\/abrelivros.org.br\/site\/editora-do-brasil-lanca-sua-nova-marca\/#primaryimage\",\"inLanguage\":\"pt-BR\",\"url\":\"https:\/\/abrelivros.org.br\/site\/wp-content\/uploads\/2014\/08\/1-scaled.jpg\",\"width\":2560,\"height\":1707,\"caption\":\"1\"},{\"@type\":\"WebPage\",\"@id\":\"https:\/\/abrelivros.org.br\/site\/editora-do-brasil-lanca-sua-nova-marca\/#webpage\",\"url\":\"https:\/\/abrelivros.org.br\/site\/editora-do-brasil-lanca-sua-nova-marca\/\",\"name\":\"Editora do Brasil lan\\u00e7a sua nova marca &raquo; Abrelivros\",\"isPartOf\":{\"@id\":\"https:\/\/abrelivros.org.br\/site\/#website\"},\"primaryImageOfPage\":{\"@id\":\"https:\/\/abrelivros.org.br\/site\/editora-do-brasil-lanca-sua-nova-marca\/#primaryimage\"},\"datePublished\":\"2013-05-06T22:18:23+00:00\",\"dateModified\":\"2013-05-06T22:18:23+00:00\",\"author\":{\"@id\":\"https:\/\/abrelivros.org.br\/site\/#\/schema\/person\/2b867f13a717bb230f1a3555505f5593\"},\"breadcrumb\":{\"@id\":\"https:\/\/abrelivros.org.br\/site\/editora-do-brasil-lanca-sua-nova-marca\/#breadcrumb\"},\"inLanguage\":\"pt-BR\",\"potentialAction\":[{\"@type\":\"ReadAction\",\"target\":[\"https:\/\/abrelivros.org.br\/site\/editora-do-brasil-lanca-sua-nova-marca\/\"]}]},{\"@type\":\"BreadcrumbList\",\"@id\":\"https:\/\/abrelivros.org.br\/site\/editora-do-brasil-lanca-sua-nova-marca\/#breadcrumb\",\"itemListElement\":[{\"@type\":\"ListItem\",\"position\":1,\"item\":{\"@type\":\"WebPage\",\"@id\":\"https:\/\/abrelivros.org.br\/site\/\",\"url\":\"https:\/\/abrelivros.org.br\/site\/\",\"name\":\"In\\u00edcio\"}},{\"@type\":\"ListItem\",\"position\":2,\"item\":{\"@type\":\"WebPage\",\"@id\":\"https:\/\/abrelivros.org.br\/site\/category\/institucional\/\",\"url\":\"https:\/\/abrelivros.org.br\/site\/category\/institucional\/\",\"name\":\"Institucional\"}},{\"@type\":\"ListItem\",\"position\":3,\"item\":{\"@type\":\"WebPage\",\"@id\":\"https:\/\/abrelivros.org.br\/site\/category\/institucional\/noticias-das-editoras\/\",\"url\":\"https:\/\/abrelivros.org.br\/site\/category\/institucional\/noticias-das-editoras\/\",\"name\":\"Not\\u00edcias das editoras\"}},{\"@type\":\"ListItem\",\"position\":4,\"item\":{\"@type\":\"WebPage\",\"@id\":\"https:\/\/abrelivros.org.br\/site\/editora-do-brasil-lanca-sua-nova-marca\/\",\"url\":\"https:\/\/abrelivros.org.br\/site\/editora-do-brasil-lanca-sua-nova-marca\/\",\"name\":\"Editora do Brasil lan\\u00e7a sua nova marca\"}}]},{\"@type\":\"Person\",\"@id\":\"https:\/\/abrelivros.org.br\/site\/#\/schema\/person\/2b867f13a717bb230f1a3555505f5593\",\"name\":\"\\u00a0\",\"image\":{\"@type\":\"ImageObject\",\"@id\":\"https:\/\/abrelivros.org.br\/site\/#personlogo\",\"inLanguage\":\"pt-BR\",\"url\":\"https:\/\/secure.gravatar.com\/avatar\/e80b7f5231be2fff5040a8023da424898002831c5439420df182ae62676d2a6f?s=96&d=mm&r=g\",\"caption\":\"\\u00a0\"}}]}<\/script>\n<!-- \/ Yoast SEO plugin. -->","_links":{"self":[{"href":"https:\/\/abrelivros.org.br\/site\/wp-json\/wp\/v2\/posts\/4475","targetHints":{"allow":["GET"]}}],"collection":[{"href":"https:\/\/abrelivros.org.br\/site\/wp-json\/wp\/v2\/posts"}],"about":[{"href":"https:\/\/abrelivros.org.br\/site\/wp-json\/wp\/v2\/types\/post"}],"author":[{"embeddable":true,"href":"https:\/\/abrelivros.org.br\/site\/wp-json\/wp\/v2\/users\/1"}],"replies":[{"embeddable":true,"href":"https:\/\/abrelivros.org.br\/site\/wp-json\/wp\/v2\/comments?post=4475"}],"version-history":[{"count":0,"href":"https:\/\/abrelivros.org.br\/site\/wp-json\/wp\/v2\/posts\/4475\/revisions"}],"wp:featuredmedia":[{"embeddable":true,"href":"https:\/\/abrelivros.org.br\/site\/wp-json\/wp\/v2\/media\/4474"}],"wp:attachment":[{"href":"https:\/\/abrelivros.org.br\/site\/wp-json\/wp\/v2\/media?parent=4475"}],"wp:term":[{"taxonomy":"category","embeddable":true,"href":"https:\/\/abrelivros.org.br\/site\/wp-json\/wp\/v2\/categories?post=4475"},{"taxonomy":"post_tag","embeddable":true,"href":"https:\/\/abrelivros.org.br\/site\/wp-json\/wp\/v2\/tags?post=4475"}],"curies":[{"name":"wp","href":"https:\/\/api.w.org\/{rel}","templated":true}]}}