{"id":2634,"date":"2009-03-20T17:56:00","date_gmt":"2009-03-20T20:56:00","guid":{"rendered":"https:\/\/abrelivros.org.br\/site\/2009\/03\/20\/temos-vocabulario\/"},"modified":"2009-03-20T17:56:00","modified_gmt":"2009-03-20T20:56:00","slug":"temos-vocabulario","status":"publish","type":"post","link":"https:\/\/abrelivros.org.br\/site\/temos-vocabulario\/","title":{"rendered":"Temos vocabul\u00e1rio"},"content":{"rendered":"<p>No teatro R. Magalh\u00e3es, ontem, na ABL, C\u00edcero Sandroni, presidente da casa, lan\u00e7ou para o p\u00fablico mortal o volume da 5\u00aa edi\u00e7\u00e3o do Vocabul\u00e1rio Ortogr\u00e1fico da L\u00edngua Portuguesa \u2013 o que d\u00e1 a palavra final sobre a grafia correta das palavras ap\u00f3s a implementa\u00e7\u00e3o do Novo Acordo Ortogr\u00e1fico (de 1990), em vigor no Brasil desde 1\u00ba de janeiro de 2009. &nbsp;<br \/> &nbsp;<br \/> Evanildo Bechara, o \u201csenhor Volp\u201d, como foi chamado na cerim\u00f4nia, deu algumas explica\u00e7\u00f5es sobre as diretrizes do trabalho. Tamb\u00e9m estava presente o c\u00f4nsul portugu\u00eas Ant\u00f3nio de Almeida Lima, evocado com o devido acento agudo. &nbsp;<br \/> &nbsp;<\/p>\n","protected":false},"excerpt":{"rendered":"<p>No teatro R. Magalh\u00e3es, ontem, na ABL, C\u00edcero Sandroni, presidente da casa, lan\u00e7ou para o p\u00fablico mortal o volume da 5\u00aa edi\u00e7\u00e3o do Vocabul\u00e1rio Ortogr\u00e1fico da L\u00edngua Portuguesa \u2013 o que d\u00e1 a palavra final sobre a grafia correta das palavras ap\u00f3s a implementa\u00e7\u00e3o do Novo Acordo Ortogr\u00e1fico (de 1990), em vigor no Brasil desde [&hellip;]<\/p>\n","protected":false},"author":1,"featured_media":0,"comment_status":"closed","ping_status":"closed","sticky":false,"template":"","format":"standard","meta":{"footnotes":"","_links_to":"","_links_to_target":""},"categories":[9],"tags":[],"class_list":["post-2634","post","type-post","status-publish","format-standard","hentry","category-noticias-da-imprensa"],"yoast_head":"<!-- This site is optimized with the Yoast SEO plugin v15.1 - https:\/\/yoast.com\/wordpress\/plugins\/seo\/ -->\n<title>Temos vocabul\u00e1rio &raquo; Abrelivros<\/title>\n<meta name=\"robots\" content=\"index, follow, max-snippet:-1, max-image-preview:large, max-video-preview:-1\" \/>\n<link rel=\"canonical\" href=\"https:\/\/abrelivros.org.br\/site\/temos-vocabulario\/\" \/>\n<meta property=\"og:locale\" content=\"pt_BR\" \/>\n<meta property=\"og:type\" content=\"article\" \/>\n<meta property=\"og:title\" content=\"Temos vocabul\u00e1rio &raquo; Abrelivros\" \/>\n<meta property=\"og:description\" content=\"No teatro R. Magalh\u00e3es, ontem, na ABL, C\u00edcero Sandroni, presidente da casa, lan\u00e7ou para o p\u00fablico mortal o volume da 5\u00aa edi\u00e7\u00e3o do Vocabul\u00e1rio Ortogr\u00e1fico da L\u00edngua Portuguesa \u2013 o que d\u00e1 a palavra final sobre a grafia correta das palavras ap\u00f3s a implementa\u00e7\u00e3o do Novo Acordo Ortogr\u00e1fico (de 1990), em vigor no Brasil desde [&hellip;]\" \/>\n<meta property=\"og:url\" content=\"https:\/\/abrelivros.org.br\/site\/temos-vocabulario\/\" \/>\n<meta property=\"og:site_name\" content=\"Abrelivros\" \/>\n<meta property=\"article:published_time\" content=\"2009-03-20T20:56:00+00:00\" \/>\n<meta name=\"twitter:card\" content=\"summary_large_image\" \/>\n<script type=\"application\/ld+json\" class=\"yoast-schema-graph\">{\"@context\":\"https:\/\/schema.org\",\"@graph\":[{\"@type\":\"WebSite\",\"@id\":\"https:\/\/abrelivros.org.br\/site\/#website\",\"url\":\"https:\/\/abrelivros.org.br\/site\/\",\"name\":\"Abrelivros\",\"description\":\"\",\"potentialAction\":[{\"@type\":\"SearchAction\",\"target\":\"https:\/\/abrelivros.org.br\/site\/?s={search_term_string}\",\"query-input\":\"required name=search_term_string\"}],\"inLanguage\":\"pt-BR\"},{\"@type\":\"WebPage\",\"@id\":\"https:\/\/abrelivros.org.br\/site\/temos-vocabulario\/#webpage\",\"url\":\"https:\/\/abrelivros.org.br\/site\/temos-vocabulario\/\",\"name\":\"Temos vocabul\\u00e1rio &raquo; Abrelivros\",\"isPartOf\":{\"@id\":\"https:\/\/abrelivros.org.br\/site\/#website\"},\"datePublished\":\"2009-03-20T20:56:00+00:00\",\"dateModified\":\"2009-03-20T20:56:00+00:00\",\"author\":{\"@id\":\"https:\/\/abrelivros.org.br\/site\/#\/schema\/person\/2b867f13a717bb230f1a3555505f5593\"},\"breadcrumb\":{\"@id\":\"https:\/\/abrelivros.org.br\/site\/temos-vocabulario\/#breadcrumb\"},\"inLanguage\":\"pt-BR\",\"potentialAction\":[{\"@type\":\"ReadAction\",\"target\":[\"https:\/\/abrelivros.org.br\/site\/temos-vocabulario\/\"]}]},{\"@type\":\"BreadcrumbList\",\"@id\":\"https:\/\/abrelivros.org.br\/site\/temos-vocabulario\/#breadcrumb\",\"itemListElement\":[{\"@type\":\"ListItem\",\"position\":1,\"item\":{\"@type\":\"WebPage\",\"@id\":\"https:\/\/abrelivros.org.br\/site\/\",\"url\":\"https:\/\/abrelivros.org.br\/site\/\",\"name\":\"In\\u00edcio\"}},{\"@type\":\"ListItem\",\"position\":2,\"item\":{\"@type\":\"WebPage\",\"@id\":\"https:\/\/abrelivros.org.br\/site\/category\/noticias\/\",\"url\":\"https:\/\/abrelivros.org.br\/site\/category\/noticias\/\",\"name\":\"Not\\u00edcias\"}},{\"@type\":\"ListItem\",\"position\":3,\"item\":{\"@type\":\"WebPage\",\"@id\":\"https:\/\/abrelivros.org.br\/site\/category\/noticias\/noticias-da-imprensa\/\",\"url\":\"https:\/\/abrelivros.org.br\/site\/category\/noticias\/noticias-da-imprensa\/\",\"name\":\"Not\\u00edcias da imprensa\"}},{\"@type\":\"ListItem\",\"position\":4,\"item\":{\"@type\":\"WebPage\",\"@id\":\"https:\/\/abrelivros.org.br\/site\/temos-vocabulario\/\",\"url\":\"https:\/\/abrelivros.org.br\/site\/temos-vocabulario\/\",\"name\":\"Temos vocabul\\u00e1rio\"}}]},{\"@type\":\"Person\",\"@id\":\"https:\/\/abrelivros.org.br\/site\/#\/schema\/person\/2b867f13a717bb230f1a3555505f5593\",\"name\":\"\\u00a0\",\"image\":{\"@type\":\"ImageObject\",\"@id\":\"https:\/\/abrelivros.org.br\/site\/#personlogo\",\"inLanguage\":\"pt-BR\",\"url\":\"https:\/\/secure.gravatar.com\/avatar\/e80b7f5231be2fff5040a8023da424898002831c5439420df182ae62676d2a6f?s=96&d=mm&r=g\",\"caption\":\"\\u00a0\"}}]}<\/script>\n<!-- \/ Yoast SEO plugin. -->","_links":{"self":[{"href":"https:\/\/abrelivros.org.br\/site\/wp-json\/wp\/v2\/posts\/2634","targetHints":{"allow":["GET"]}}],"collection":[{"href":"https:\/\/abrelivros.org.br\/site\/wp-json\/wp\/v2\/posts"}],"about":[{"href":"https:\/\/abrelivros.org.br\/site\/wp-json\/wp\/v2\/types\/post"}],"author":[{"embeddable":true,"href":"https:\/\/abrelivros.org.br\/site\/wp-json\/wp\/v2\/users\/1"}],"replies":[{"embeddable":true,"href":"https:\/\/abrelivros.org.br\/site\/wp-json\/wp\/v2\/comments?post=2634"}],"version-history":[{"count":0,"href":"https:\/\/abrelivros.org.br\/site\/wp-json\/wp\/v2\/posts\/2634\/revisions"}],"wp:attachment":[{"href":"https:\/\/abrelivros.org.br\/site\/wp-json\/wp\/v2\/media?parent=2634"}],"wp:term":[{"taxonomy":"category","embeddable":true,"href":"https:\/\/abrelivros.org.br\/site\/wp-json\/wp\/v2\/categories?post=2634"},{"taxonomy":"post_tag","embeddable":true,"href":"https:\/\/abrelivros.org.br\/site\/wp-json\/wp\/v2\/tags?post=2634"}],"curies":[{"name":"wp","href":"https:\/\/api.w.org\/{rel}","templated":true}]}}