{"id":2632,"date":"2009-03-23T16:42:00","date_gmt":"2009-03-23T19:42:00","guid":{"rendered":"https:\/\/abrelivros.org.br\/site\/2009\/03\/23\/livros-apreendidos-em-sebos-de-curitiba\/"},"modified":"2009-03-23T16:42:00","modified_gmt":"2009-03-23T19:42:00","slug":"livros-apreendidos-em-sebos-de-curitiba","status":"publish","type":"post","link":"https:\/\/abrelivros.org.br\/site\/livros-apreendidos-em-sebos-de-curitiba\/","title":{"rendered":"Livros apreendidos em sebos de Curitiba"},"content":{"rendered":"<p>A Delegacia do Consumidor apreendeu ontem cerca de 400 livros did\u00e1ticos em cinco sebos de Curitiba. A a\u00e7\u00e3o in\u00e9dita faz parte da campanha nacional 2008\/2009 da Associa\u00e7\u00e3o Brasileira de Editores de Livros (Abrelivros), que atua por meio de den\u00fancias. A venda de livros did\u00e1ticos do professor &#8211; aqueles que cont\u00e9m um selo na capa e cont\u00eam respostas dos exerc\u00edcios \u2013 \u00e9 considerada crime similar ao com\u00e9rcio de CDs piratas.<\/p>\n<p> Em Curitiba, a campanha foi realizada ap\u00f3s a obten\u00e7\u00e3o de mandado judicial. Os livros incluem disciplinas diversas, como Biologia, Hist\u00f3ria, Portugu\u00eas e Matem\u00e1tica, dos ensinos fundamental e m\u00e9dio. Agora, os livros v\u00e3o para o dep\u00f3sito de uma editora aguardando decis\u00f5es da Justi\u00e7a. Os sebos foram autuados por crime de viola\u00e7\u00e3o de direitos autorais, conforme prev\u00ea o artigo 184 do C\u00f3digo Penal.<\/p>\n<p> A pena para esse tipo de crime, considerando grave, \u00e9 pris\u00e3o que pode variar de dois a quatro anos. \u201cAl\u00e9m do crime autoral, a venda de livros did\u00e1ticos do professor \u00e9 tamb\u00e9m um crime educacional, pois esses exemplares na m\u00e3o do aluno s\u00e3o uma verdadeira cat\u00e1strofe, ele n\u00e3o estuda mais\u201d, afirma o advogado da Abrelivros, Dalizio Porto Barros. Todos os sebos alegaram \u00e0 policia que n\u00e3o sabiam que n\u00e3o podiam vender os livros com os selos.<\/p>\n<p> Tendo em vista as a\u00e7\u00f5es de outras capitais, a apreens\u00e3o de Curitiba foi considerada pequena. Entre as maiores est\u00e3o as apreens\u00f5es de Fortaleza ( 6 mil exemplares), Recife ( 5 mil) e S\u00e3o Paulo (4 mil). Desde 2006, quando a Abrelivros come\u00e7ou a atuar, j\u00e1 foram apreendidos mais de 30 mil livros em todo o Brasil.<\/p>\n<p> Com o passar dos anos, as apreens\u00f5es tem diminu\u00eddo, embora existam poucos cr\u00edticos, como a regi\u00e3o Nordeste, na an\u00e1lise do advogado da Abrelivros.<\/p>\n<p> Abrelivros<\/p>\n<p> A Abrelivros re\u00fane as principais editoras do Pa\u00eds, concentrando 95% do mercado did\u00e1tico brasileiro. Mais informa\u00e7\u00f5es e den\u00fancias sobre a venda ilegal podem ser feitas pelo telefone 0800-7741-4444. O site da institui\u00e7\u00e3o \u00e9 www.abrelivros.org.br.<br \/> \u00a0<br \/> \u00a0<br \/> <B>O sumi\u00e7o dos livros<\/B><br \/> \u00a0<br \/> A edi\u00e7\u00e3o de quinta-feira de O Estado trouxe uma not\u00edcia surpreendente: a apreens\u00e3o de livros did\u00e1ticos, aqueles destinados apenas aos professores, tanto que contam com as respostas dos exerc\u00edcios, em sebos de Curitiba. Somente na quarta-feira foram encontrados 400 livros em lojas de livros antigos. Foi necess\u00e1ria a obten\u00e7\u00e3o de um mandado judicial para realizar a tarefa. Conta a rep\u00f3rter Luciana Cristo: \u201cA venda de livros did\u00e1ticos do professor \u00e9 considerada crime similar ao com\u00e9rcio de CDs piratas\u201d. <\/p>\n<p> Em Curitiba, a campanha foi realizada ap\u00f3s a obten\u00e7\u00e3o de mandado judicial. Os livros incluem disciplinas diversas, como Biologia, Hist\u00f3ria, Portugu\u00eas e Matem\u00e1tica, dos ensinos fundamental e m\u00e9dio. (&#8230;)<\/p>\n<p> Todos os sebos alegaram \u00e0 pol\u00edcia que n\u00e3o sabiam que n\u00e3o podiam vender os livros com os selos. Tendo em vista as a\u00e7\u00f5es de outras capitais, a apreens\u00e3o de Curitiba foi considerada pequena. Entre as maiores est\u00e3o as apreens\u00f5es de Fortaleza (6 mil exemplares).<br \/> \u00a0<br \/> \u00a0<br \/> <B>Como estes livros did\u00e1ticos chegaram aos sebos?<\/B><br \/> \u00a0<br \/> \u201cRecife (5 mil) e S\u00e3o Paulo (4 mil)\u201d.<\/p>\n<p> A reportagem ainda informa que a Associa\u00e7\u00e3o de Editores de Livros (Abrelivros), a entidade que coordena a busca destes livros escolares, j\u00e1 apreendeu cerca de 30 mil unidades em tr\u00eas anos de atividade.<\/p>\n<p> A pergunta que fica \u00e9 a seguinte: como estes livros did\u00e1ticos chegam aos sebos? Por mais que imaginemos que alguns deles poderiam ter sido negociados por professores que n\u00e3o usariam mais o material, o volume n\u00e3o seria tanto, n\u00e3o seriam trinta mil (mesmo em tr\u00eas anos).A rigor, n\u00e3o seriam sequer os 400 recolhidos na \u00faltima quarta-feira.<\/p>\n<p> Ent\u00e3o, estes livros saem das editoras para as lojas?Esta hip\u00f3tese tamb\u00e9m \u00e9 remota, pois \u00e9 justamente a entidade que congrega os editores de livros que est\u00e1 fazendo as buscas.<\/p>\n<p> Sobram, ent\u00e3o, as escolas. Ent\u00e3o os livros saem dos col\u00e9gios para os sebos? Seria justamente o \u00faltimo lugar que pensar\u00edamos, mas \u00e9 uma possibilidade real.<\/p>\n<p> Viver\u00edamos, ent\u00e3o, uma situa\u00e7\u00e3o inacredit\u00e1vel \u2013 os livros destinados para os professores s\u00e3o desviados logo onde eles deveriam ficar. Seria o fim.<br \/> \u00a0<br \/> \u00a0<br \/> \u00a0<\/p>\n","protected":false},"excerpt":{"rendered":"<p>A Delegacia do Consumidor apreendeu ontem cerca de 400 livros did\u00e1ticos em cinco sebos de Curitiba. A a\u00e7\u00e3o in\u00e9dita faz parte da campanha nacional 2008\/2009 da Associa\u00e7\u00e3o Brasileira de Editores de Livros (Abrelivros), que atua por meio de den\u00fancias. A venda de livros did\u00e1ticos do professor &#8211; aqueles que cont\u00e9m um selo na capa e [&hellip;]<\/p>\n","protected":false},"author":1,"featured_media":0,"comment_status":"closed","ping_status":"closed","sticky":false,"template":"","format":"standard","meta":{"footnotes":"","_links_to":"","_links_to_target":""},"categories":[9],"tags":[],"class_list":["post-2632","post","type-post","status-publish","format-standard","hentry","category-noticias-da-imprensa"],"yoast_head":"<!-- This site is optimized with the Yoast SEO plugin v15.1 - https:\/\/yoast.com\/wordpress\/plugins\/seo\/ -->\n<title>Livros apreendidos em sebos de Curitiba &raquo; Abrelivros<\/title>\n<meta name=\"robots\" content=\"index, follow, max-snippet:-1, max-image-preview:large, max-video-preview:-1\" \/>\n<link rel=\"canonical\" href=\"https:\/\/abrelivros.org.br\/site\/livros-apreendidos-em-sebos-de-curitiba\/\" \/>\n<meta property=\"og:locale\" content=\"pt_BR\" \/>\n<meta property=\"og:type\" content=\"article\" \/>\n<meta property=\"og:title\" content=\"Livros apreendidos em sebos de Curitiba &raquo; Abrelivros\" \/>\n<meta property=\"og:description\" content=\"A Delegacia do Consumidor apreendeu ontem cerca de 400 livros did\u00e1ticos em cinco sebos de Curitiba. A a\u00e7\u00e3o in\u00e9dita faz parte da campanha nacional 2008\/2009 da Associa\u00e7\u00e3o Brasileira de Editores de Livros (Abrelivros), que atua por meio de den\u00fancias. A venda de livros did\u00e1ticos do professor &#8211; aqueles que cont\u00e9m um selo na capa e [&hellip;]\" \/>\n<meta property=\"og:url\" content=\"https:\/\/abrelivros.org.br\/site\/livros-apreendidos-em-sebos-de-curitiba\/\" \/>\n<meta property=\"og:site_name\" content=\"Abrelivros\" \/>\n<meta property=\"article:published_time\" content=\"2009-03-23T19:42:00+00:00\" \/>\n<meta name=\"twitter:card\" content=\"summary_large_image\" \/>\n<script type=\"application\/ld+json\" class=\"yoast-schema-graph\">{\"@context\":\"https:\/\/schema.org\",\"@graph\":[{\"@type\":\"WebSite\",\"@id\":\"https:\/\/abrelivros.org.br\/site\/#website\",\"url\":\"https:\/\/abrelivros.org.br\/site\/\",\"name\":\"Abrelivros\",\"description\":\"\",\"potentialAction\":[{\"@type\":\"SearchAction\",\"target\":\"https:\/\/abrelivros.org.br\/site\/?s={search_term_string}\",\"query-input\":\"required name=search_term_string\"}],\"inLanguage\":\"pt-BR\"},{\"@type\":\"WebPage\",\"@id\":\"https:\/\/abrelivros.org.br\/site\/livros-apreendidos-em-sebos-de-curitiba\/#webpage\",\"url\":\"https:\/\/abrelivros.org.br\/site\/livros-apreendidos-em-sebos-de-curitiba\/\",\"name\":\"Livros apreendidos em sebos de Curitiba &raquo; Abrelivros\",\"isPartOf\":{\"@id\":\"https:\/\/abrelivros.org.br\/site\/#website\"},\"datePublished\":\"2009-03-23T19:42:00+00:00\",\"dateModified\":\"2009-03-23T19:42:00+00:00\",\"author\":{\"@id\":\"https:\/\/abrelivros.org.br\/site\/#\/schema\/person\/2b867f13a717bb230f1a3555505f5593\"},\"breadcrumb\":{\"@id\":\"https:\/\/abrelivros.org.br\/site\/livros-apreendidos-em-sebos-de-curitiba\/#breadcrumb\"},\"inLanguage\":\"pt-BR\",\"potentialAction\":[{\"@type\":\"ReadAction\",\"target\":[\"https:\/\/abrelivros.org.br\/site\/livros-apreendidos-em-sebos-de-curitiba\/\"]}]},{\"@type\":\"BreadcrumbList\",\"@id\":\"https:\/\/abrelivros.org.br\/site\/livros-apreendidos-em-sebos-de-curitiba\/#breadcrumb\",\"itemListElement\":[{\"@type\":\"ListItem\",\"position\":1,\"item\":{\"@type\":\"WebPage\",\"@id\":\"https:\/\/abrelivros.org.br\/site\/\",\"url\":\"https:\/\/abrelivros.org.br\/site\/\",\"name\":\"In\\u00edcio\"}},{\"@type\":\"ListItem\",\"position\":2,\"item\":{\"@type\":\"WebPage\",\"@id\":\"https:\/\/abrelivros.org.br\/site\/category\/noticias\/\",\"url\":\"https:\/\/abrelivros.org.br\/site\/category\/noticias\/\",\"name\":\"Not\\u00edcias\"}},{\"@type\":\"ListItem\",\"position\":3,\"item\":{\"@type\":\"WebPage\",\"@id\":\"https:\/\/abrelivros.org.br\/site\/category\/noticias\/noticias-da-imprensa\/\",\"url\":\"https:\/\/abrelivros.org.br\/site\/category\/noticias\/noticias-da-imprensa\/\",\"name\":\"Not\\u00edcias da imprensa\"}},{\"@type\":\"ListItem\",\"position\":4,\"item\":{\"@type\":\"WebPage\",\"@id\":\"https:\/\/abrelivros.org.br\/site\/livros-apreendidos-em-sebos-de-curitiba\/\",\"url\":\"https:\/\/abrelivros.org.br\/site\/livros-apreendidos-em-sebos-de-curitiba\/\",\"name\":\"Livros apreendidos em sebos de Curitiba\"}}]},{\"@type\":\"Person\",\"@id\":\"https:\/\/abrelivros.org.br\/site\/#\/schema\/person\/2b867f13a717bb230f1a3555505f5593\",\"name\":\"\\u00a0\",\"image\":{\"@type\":\"ImageObject\",\"@id\":\"https:\/\/abrelivros.org.br\/site\/#personlogo\",\"inLanguage\":\"pt-BR\",\"url\":\"https:\/\/secure.gravatar.com\/avatar\/e80b7f5231be2fff5040a8023da424898002831c5439420df182ae62676d2a6f?s=96&d=mm&r=g\",\"caption\":\"\\u00a0\"}}]}<\/script>\n<!-- \/ Yoast SEO plugin. -->","_links":{"self":[{"href":"https:\/\/abrelivros.org.br\/site\/wp-json\/wp\/v2\/posts\/2632","targetHints":{"allow":["GET"]}}],"collection":[{"href":"https:\/\/abrelivros.org.br\/site\/wp-json\/wp\/v2\/posts"}],"about":[{"href":"https:\/\/abrelivros.org.br\/site\/wp-json\/wp\/v2\/types\/post"}],"author":[{"embeddable":true,"href":"https:\/\/abrelivros.org.br\/site\/wp-json\/wp\/v2\/users\/1"}],"replies":[{"embeddable":true,"href":"https:\/\/abrelivros.org.br\/site\/wp-json\/wp\/v2\/comments?post=2632"}],"version-history":[{"count":0,"href":"https:\/\/abrelivros.org.br\/site\/wp-json\/wp\/v2\/posts\/2632\/revisions"}],"wp:attachment":[{"href":"https:\/\/abrelivros.org.br\/site\/wp-json\/wp\/v2\/media?parent=2632"}],"wp:term":[{"taxonomy":"category","embeddable":true,"href":"https:\/\/abrelivros.org.br\/site\/wp-json\/wp\/v2\/categories?post=2632"},{"taxonomy":"post_tag","embeddable":true,"href":"https:\/\/abrelivros.org.br\/site\/wp-json\/wp\/v2\/tags?post=2632"}],"curies":[{"name":"wp","href":"https:\/\/api.w.org\/{rel}","templated":true}]}}