{"id":2630,"date":"2009-03-24T15:23:00","date_gmt":"2009-03-24T18:23:00","guid":{"rendered":"https:\/\/abrelivros.org.br\/site\/2009\/03\/24\/mec-compra-250-titulos-para-bibliotecas-escolares\/"},"modified":"2009-03-24T15:23:00","modified_gmt":"2009-03-24T18:23:00","slug":"mec-compra-250-titulos-para-bibliotecas-escolares","status":"publish","type":"post","link":"https:\/\/abrelivros.org.br\/site\/mec-compra-250-titulos-para-bibliotecas-escolares\/","title":{"rendered":"MEC compra 250 t\u00edtulos para bibliotecas escolares"},"content":{"rendered":"<p>O MEC abriu as inscri\u00e7\u00f5es de obras para o Programa Nacional Biblioteca da Escola (PNBE) 2010. As pr\u00e9 inscri\u00e7\u00f5es come\u00e7aram ontem (23\/3) e v\u00e3o at\u00e9 dia 3\/4. A entrega das obras deve ser feita entre 22\/4 e 28\/4.<\/p>\n<p> Obras em verso e prosa, narrativas com imagens, adapta\u00e7\u00f5es de cl\u00e1ssicos da literatura para quadrinhos, tradu\u00e7\u00f5es e livros interativos (com selo do INMETRO) podem ser inscritos em quatro categorias: Educa\u00e7\u00e3o Infantil, de 0 a 3 anos, Educa\u00e7\u00e3o Infantil, 4 e 5 anos, anos iniciais do Ensino Fundamental e final do Ensino Fundamental e Ensino M\u00e9dio. <\/p>\n<p> Ser\u00e3o adquiridas, ao todo, 250 obras, distribu\u00eddas em acervos direcionados para as faixas et\u00e1rias. O edital prev\u00ea que as obras estejam adaptadas ao Novo Acordo Ortogr\u00e1fico, mas abre exce\u00e7\u00e3o para este ano, permitindo que as editoras adaptem as obras, se selecionadas.<\/p>\n","protected":false},"excerpt":{"rendered":"<p>O MEC abriu as inscri\u00e7\u00f5es de obras para o Programa Nacional Biblioteca da Escola (PNBE) 2010. As pr\u00e9 inscri\u00e7\u00f5es come\u00e7aram ontem (23\/3) e v\u00e3o at\u00e9 dia 3\/4. A entrega das obras deve ser feita entre 22\/4 e 28\/4. Obras em verso e prosa, narrativas com imagens, adapta\u00e7\u00f5es de cl\u00e1ssicos da literatura para quadrinhos, tradu\u00e7\u00f5es e [&hellip;]<\/p>\n","protected":false},"author":1,"featured_media":0,"comment_status":"closed","ping_status":"closed","sticky":false,"template":"","format":"standard","meta":{"footnotes":"","_links_to":"","_links_to_target":""},"categories":[9],"tags":[],"class_list":["post-2630","post","type-post","status-publish","format-standard","hentry","category-noticias-da-imprensa"],"yoast_head":"<!-- This site is optimized with the Yoast SEO plugin v15.1 - https:\/\/yoast.com\/wordpress\/plugins\/seo\/ -->\n<title>MEC compra 250 t\u00edtulos para bibliotecas escolares &raquo; Abrelivros<\/title>\n<meta name=\"robots\" content=\"index, follow, max-snippet:-1, max-image-preview:large, max-video-preview:-1\" \/>\n<link rel=\"canonical\" href=\"https:\/\/abrelivros.org.br\/site\/mec-compra-250-titulos-para-bibliotecas-escolares\/\" \/>\n<meta property=\"og:locale\" content=\"pt_BR\" \/>\n<meta property=\"og:type\" content=\"article\" \/>\n<meta property=\"og:title\" content=\"MEC compra 250 t\u00edtulos para bibliotecas escolares &raquo; Abrelivros\" \/>\n<meta property=\"og:description\" content=\"O MEC abriu as inscri\u00e7\u00f5es de obras para o Programa Nacional Biblioteca da Escola (PNBE) 2010. As pr\u00e9 inscri\u00e7\u00f5es come\u00e7aram ontem (23\/3) e v\u00e3o at\u00e9 dia 3\/4. A entrega das obras deve ser feita entre 22\/4 e 28\/4. Obras em verso e prosa, narrativas com imagens, adapta\u00e7\u00f5es de cl\u00e1ssicos da literatura para quadrinhos, tradu\u00e7\u00f5es e [&hellip;]\" \/>\n<meta property=\"og:url\" content=\"https:\/\/abrelivros.org.br\/site\/mec-compra-250-titulos-para-bibliotecas-escolares\/\" \/>\n<meta property=\"og:site_name\" content=\"Abrelivros\" \/>\n<meta property=\"article:published_time\" content=\"2009-03-24T18:23:00+00:00\" \/>\n<meta name=\"twitter:card\" content=\"summary_large_image\" \/>\n<script type=\"application\/ld+json\" class=\"yoast-schema-graph\">{\"@context\":\"https:\/\/schema.org\",\"@graph\":[{\"@type\":\"WebSite\",\"@id\":\"https:\/\/abrelivros.org.br\/site\/#website\",\"url\":\"https:\/\/abrelivros.org.br\/site\/\",\"name\":\"Abrelivros\",\"description\":\"\",\"potentialAction\":[{\"@type\":\"SearchAction\",\"target\":\"https:\/\/abrelivros.org.br\/site\/?s={search_term_string}\",\"query-input\":\"required name=search_term_string\"}],\"inLanguage\":\"pt-BR\"},{\"@type\":\"WebPage\",\"@id\":\"https:\/\/abrelivros.org.br\/site\/mec-compra-250-titulos-para-bibliotecas-escolares\/#webpage\",\"url\":\"https:\/\/abrelivros.org.br\/site\/mec-compra-250-titulos-para-bibliotecas-escolares\/\",\"name\":\"MEC compra 250 t\\u00edtulos para bibliotecas escolares &raquo; Abrelivros\",\"isPartOf\":{\"@id\":\"https:\/\/abrelivros.org.br\/site\/#website\"},\"datePublished\":\"2009-03-24T18:23:00+00:00\",\"dateModified\":\"2009-03-24T18:23:00+00:00\",\"author\":{\"@id\":\"https:\/\/abrelivros.org.br\/site\/#\/schema\/person\/2b867f13a717bb230f1a3555505f5593\"},\"breadcrumb\":{\"@id\":\"https:\/\/abrelivros.org.br\/site\/mec-compra-250-titulos-para-bibliotecas-escolares\/#breadcrumb\"},\"inLanguage\":\"pt-BR\",\"potentialAction\":[{\"@type\":\"ReadAction\",\"target\":[\"https:\/\/abrelivros.org.br\/site\/mec-compra-250-titulos-para-bibliotecas-escolares\/\"]}]},{\"@type\":\"BreadcrumbList\",\"@id\":\"https:\/\/abrelivros.org.br\/site\/mec-compra-250-titulos-para-bibliotecas-escolares\/#breadcrumb\",\"itemListElement\":[{\"@type\":\"ListItem\",\"position\":1,\"item\":{\"@type\":\"WebPage\",\"@id\":\"https:\/\/abrelivros.org.br\/site\/\",\"url\":\"https:\/\/abrelivros.org.br\/site\/\",\"name\":\"In\\u00edcio\"}},{\"@type\":\"ListItem\",\"position\":2,\"item\":{\"@type\":\"WebPage\",\"@id\":\"https:\/\/abrelivros.org.br\/site\/category\/noticias\/\",\"url\":\"https:\/\/abrelivros.org.br\/site\/category\/noticias\/\",\"name\":\"Not\\u00edcias\"}},{\"@type\":\"ListItem\",\"position\":3,\"item\":{\"@type\":\"WebPage\",\"@id\":\"https:\/\/abrelivros.org.br\/site\/category\/noticias\/noticias-da-imprensa\/\",\"url\":\"https:\/\/abrelivros.org.br\/site\/category\/noticias\/noticias-da-imprensa\/\",\"name\":\"Not\\u00edcias da imprensa\"}},{\"@type\":\"ListItem\",\"position\":4,\"item\":{\"@type\":\"WebPage\",\"@id\":\"https:\/\/abrelivros.org.br\/site\/mec-compra-250-titulos-para-bibliotecas-escolares\/\",\"url\":\"https:\/\/abrelivros.org.br\/site\/mec-compra-250-titulos-para-bibliotecas-escolares\/\",\"name\":\"MEC compra 250 t\\u00edtulos para bibliotecas escolares\"}}]},{\"@type\":\"Person\",\"@id\":\"https:\/\/abrelivros.org.br\/site\/#\/schema\/person\/2b867f13a717bb230f1a3555505f5593\",\"name\":\"\\u00a0\",\"image\":{\"@type\":\"ImageObject\",\"@id\":\"https:\/\/abrelivros.org.br\/site\/#personlogo\",\"inLanguage\":\"pt-BR\",\"url\":\"https:\/\/secure.gravatar.com\/avatar\/e80b7f5231be2fff5040a8023da424898002831c5439420df182ae62676d2a6f?s=96&d=mm&r=g\",\"caption\":\"\\u00a0\"}}]}<\/script>\n<!-- \/ Yoast SEO plugin. -->","_links":{"self":[{"href":"https:\/\/abrelivros.org.br\/site\/wp-json\/wp\/v2\/posts\/2630","targetHints":{"allow":["GET"]}}],"collection":[{"href":"https:\/\/abrelivros.org.br\/site\/wp-json\/wp\/v2\/posts"}],"about":[{"href":"https:\/\/abrelivros.org.br\/site\/wp-json\/wp\/v2\/types\/post"}],"author":[{"embeddable":true,"href":"https:\/\/abrelivros.org.br\/site\/wp-json\/wp\/v2\/users\/1"}],"replies":[{"embeddable":true,"href":"https:\/\/abrelivros.org.br\/site\/wp-json\/wp\/v2\/comments?post=2630"}],"version-history":[{"count":0,"href":"https:\/\/abrelivros.org.br\/site\/wp-json\/wp\/v2\/posts\/2630\/revisions"}],"wp:attachment":[{"href":"https:\/\/abrelivros.org.br\/site\/wp-json\/wp\/v2\/media?parent=2630"}],"wp:term":[{"taxonomy":"category","embeddable":true,"href":"https:\/\/abrelivros.org.br\/site\/wp-json\/wp\/v2\/categories?post=2630"},{"taxonomy":"post_tag","embeddable":true,"href":"https:\/\/abrelivros.org.br\/site\/wp-json\/wp\/v2\/tags?post=2630"}],"curies":[{"name":"wp","href":"https:\/\/api.w.org\/{rel}","templated":true}]}}