{"id":2629,"date":"2009-03-25T14:05:00","date_gmt":"2009-03-25T17:05:00","guid":{"rendered":"https:\/\/abrelivros.org.br\/site\/2009\/03\/25\/cidade-de-sao-paulo-ganha-novo-espaco-cultural\/"},"modified":"2009-03-25T14:05:00","modified_gmt":"2009-03-25T17:05:00","slug":"cidade-de-sao-paulo-ganha-novo-espaco-cultural","status":"publish","type":"post","link":"https:\/\/abrelivros.org.br\/site\/cidade-de-sao-paulo-ganha-novo-espaco-cultural\/","title":{"rendered":"Cidade de S\u00e3o Paulo ganha novo espa\u00e7o cultural"},"content":{"rendered":"<p>No pr\u00f3ximo dia 28 de mar\u00e7o, o Grupo IBEP-Nacional inaugura um espa\u00e7o totalmente dedicado \u00e0 cultura e ao aprendizado. Localizado na Bela Vista, pr\u00f3ximo \u00e0 esta\u00e7\u00e3o Brigadeiro da linha verde do metr\u00f4. O Espa\u00e7o Cultural IBEP-Nacional (Rua Santo Amaro, 766, tel. 2799-7799) ter\u00e1 uma programa\u00e7\u00e3o di\u00e1ria e gratuita, com entretenimento, cursos, palestras, livraria, caf\u00e9, revistaria, espa\u00e7o HQ e infantil, audit\u00f3rio e um atendimento diferenciado para os professores. &nbsp;<br \/> &nbsp;<br \/> Marcada para ter\u00e7a-feira, 31 de mar\u00e7o, a inaugura\u00e7\u00e3o oficial celebrar\u00e1 a nova fase do grupo IBEP- Nacional, que j\u00e1 reestruturou o Departamento Comercial, trouxe de volta do Cat\u00e1logo de Livros Did\u00e1ticos da Editora Nacional, lan\u00e7ou a Cole\u00e7\u00e3o Brasiliana e adquiriu a Conrad Editora em fevereiro de 2009.&nbsp;<br \/> &nbsp;<br \/> &nbsp;<\/p>\n","protected":false},"excerpt":{"rendered":"<p>No pr\u00f3ximo dia 28 de mar\u00e7o, o Grupo IBEP-Nacional inaugura um espa\u00e7o totalmente dedicado \u00e0 cultura e ao aprendizado. Localizado na Bela Vista, pr\u00f3ximo \u00e0 esta\u00e7\u00e3o Brigadeiro da linha verde do metr\u00f4. O Espa\u00e7o Cultural IBEP-Nacional (Rua Santo Amaro, 766, tel. 2799-7799) ter\u00e1 uma programa\u00e7\u00e3o di\u00e1ria e gratuita, com entretenimento, cursos, palestras, livraria, caf\u00e9, revistaria, [&hellip;]<\/p>\n","protected":false},"author":1,"featured_media":0,"comment_status":"closed","ping_status":"closed","sticky":false,"template":"","format":"standard","meta":{"footnotes":"","_links_to":"","_links_to_target":""},"categories":[9],"tags":[],"class_list":["post-2629","post","type-post","status-publish","format-standard","hentry","category-noticias-da-imprensa"],"yoast_head":"<!-- This site is optimized with the Yoast SEO plugin v15.1 - https:\/\/yoast.com\/wordpress\/plugins\/seo\/ -->\n<title>Cidade de S\u00e3o Paulo ganha novo espa\u00e7o cultural &raquo; Abrelivros<\/title>\n<meta name=\"robots\" content=\"index, follow, max-snippet:-1, max-image-preview:large, max-video-preview:-1\" \/>\n<link rel=\"canonical\" href=\"https:\/\/abrelivros.org.br\/site\/cidade-de-sao-paulo-ganha-novo-espaco-cultural\/\" \/>\n<meta property=\"og:locale\" content=\"pt_BR\" \/>\n<meta property=\"og:type\" content=\"article\" \/>\n<meta property=\"og:title\" content=\"Cidade de S\u00e3o Paulo ganha novo espa\u00e7o cultural &raquo; Abrelivros\" \/>\n<meta property=\"og:description\" content=\"No pr\u00f3ximo dia 28 de mar\u00e7o, o Grupo IBEP-Nacional inaugura um espa\u00e7o totalmente dedicado \u00e0 cultura e ao aprendizado. Localizado na Bela Vista, pr\u00f3ximo \u00e0 esta\u00e7\u00e3o Brigadeiro da linha verde do metr\u00f4. O Espa\u00e7o Cultural IBEP-Nacional (Rua Santo Amaro, 766, tel. 2799-7799) ter\u00e1 uma programa\u00e7\u00e3o di\u00e1ria e gratuita, com entretenimento, cursos, palestras, livraria, caf\u00e9, revistaria, [&hellip;]\" \/>\n<meta property=\"og:url\" content=\"https:\/\/abrelivros.org.br\/site\/cidade-de-sao-paulo-ganha-novo-espaco-cultural\/\" \/>\n<meta property=\"og:site_name\" content=\"Abrelivros\" \/>\n<meta property=\"article:published_time\" content=\"2009-03-25T17:05:00+00:00\" \/>\n<meta name=\"twitter:card\" content=\"summary_large_image\" \/>\n<script type=\"application\/ld+json\" class=\"yoast-schema-graph\">{\"@context\":\"https:\/\/schema.org\",\"@graph\":[{\"@type\":\"WebSite\",\"@id\":\"https:\/\/abrelivros.org.br\/site\/#website\",\"url\":\"https:\/\/abrelivros.org.br\/site\/\",\"name\":\"Abrelivros\",\"description\":\"\",\"potentialAction\":[{\"@type\":\"SearchAction\",\"target\":\"https:\/\/abrelivros.org.br\/site\/?s={search_term_string}\",\"query-input\":\"required name=search_term_string\"}],\"inLanguage\":\"pt-BR\"},{\"@type\":\"WebPage\",\"@id\":\"https:\/\/abrelivros.org.br\/site\/cidade-de-sao-paulo-ganha-novo-espaco-cultural\/#webpage\",\"url\":\"https:\/\/abrelivros.org.br\/site\/cidade-de-sao-paulo-ganha-novo-espaco-cultural\/\",\"name\":\"Cidade de S\\u00e3o Paulo ganha novo espa\\u00e7o cultural &raquo; Abrelivros\",\"isPartOf\":{\"@id\":\"https:\/\/abrelivros.org.br\/site\/#website\"},\"datePublished\":\"2009-03-25T17:05:00+00:00\",\"dateModified\":\"2009-03-25T17:05:00+00:00\",\"author\":{\"@id\":\"https:\/\/abrelivros.org.br\/site\/#\/schema\/person\/2b867f13a717bb230f1a3555505f5593\"},\"breadcrumb\":{\"@id\":\"https:\/\/abrelivros.org.br\/site\/cidade-de-sao-paulo-ganha-novo-espaco-cultural\/#breadcrumb\"},\"inLanguage\":\"pt-BR\",\"potentialAction\":[{\"@type\":\"ReadAction\",\"target\":[\"https:\/\/abrelivros.org.br\/site\/cidade-de-sao-paulo-ganha-novo-espaco-cultural\/\"]}]},{\"@type\":\"BreadcrumbList\",\"@id\":\"https:\/\/abrelivros.org.br\/site\/cidade-de-sao-paulo-ganha-novo-espaco-cultural\/#breadcrumb\",\"itemListElement\":[{\"@type\":\"ListItem\",\"position\":1,\"item\":{\"@type\":\"WebPage\",\"@id\":\"https:\/\/abrelivros.org.br\/site\/\",\"url\":\"https:\/\/abrelivros.org.br\/site\/\",\"name\":\"In\\u00edcio\"}},{\"@type\":\"ListItem\",\"position\":2,\"item\":{\"@type\":\"WebPage\",\"@id\":\"https:\/\/abrelivros.org.br\/site\/category\/noticias\/\",\"url\":\"https:\/\/abrelivros.org.br\/site\/category\/noticias\/\",\"name\":\"Not\\u00edcias\"}},{\"@type\":\"ListItem\",\"position\":3,\"item\":{\"@type\":\"WebPage\",\"@id\":\"https:\/\/abrelivros.org.br\/site\/category\/noticias\/noticias-da-imprensa\/\",\"url\":\"https:\/\/abrelivros.org.br\/site\/category\/noticias\/noticias-da-imprensa\/\",\"name\":\"Not\\u00edcias da imprensa\"}},{\"@type\":\"ListItem\",\"position\":4,\"item\":{\"@type\":\"WebPage\",\"@id\":\"https:\/\/abrelivros.org.br\/site\/cidade-de-sao-paulo-ganha-novo-espaco-cultural\/\",\"url\":\"https:\/\/abrelivros.org.br\/site\/cidade-de-sao-paulo-ganha-novo-espaco-cultural\/\",\"name\":\"Cidade de S\\u00e3o Paulo ganha novo espa\\u00e7o cultural\"}}]},{\"@type\":\"Person\",\"@id\":\"https:\/\/abrelivros.org.br\/site\/#\/schema\/person\/2b867f13a717bb230f1a3555505f5593\",\"name\":\"\\u00a0\",\"image\":{\"@type\":\"ImageObject\",\"@id\":\"https:\/\/abrelivros.org.br\/site\/#personlogo\",\"inLanguage\":\"pt-BR\",\"url\":\"https:\/\/secure.gravatar.com\/avatar\/e80b7f5231be2fff5040a8023da424898002831c5439420df182ae62676d2a6f?s=96&d=mm&r=g\",\"caption\":\"\\u00a0\"}}]}<\/script>\n<!-- \/ Yoast SEO plugin. -->","_links":{"self":[{"href":"https:\/\/abrelivros.org.br\/site\/wp-json\/wp\/v2\/posts\/2629","targetHints":{"allow":["GET"]}}],"collection":[{"href":"https:\/\/abrelivros.org.br\/site\/wp-json\/wp\/v2\/posts"}],"about":[{"href":"https:\/\/abrelivros.org.br\/site\/wp-json\/wp\/v2\/types\/post"}],"author":[{"embeddable":true,"href":"https:\/\/abrelivros.org.br\/site\/wp-json\/wp\/v2\/users\/1"}],"replies":[{"embeddable":true,"href":"https:\/\/abrelivros.org.br\/site\/wp-json\/wp\/v2\/comments?post=2629"}],"version-history":[{"count":0,"href":"https:\/\/abrelivros.org.br\/site\/wp-json\/wp\/v2\/posts\/2629\/revisions"}],"wp:attachment":[{"href":"https:\/\/abrelivros.org.br\/site\/wp-json\/wp\/v2\/media?parent=2629"}],"wp:term":[{"taxonomy":"category","embeddable":true,"href":"https:\/\/abrelivros.org.br\/site\/wp-json\/wp\/v2\/categories?post=2629"},{"taxonomy":"post_tag","embeddable":true,"href":"https:\/\/abrelivros.org.br\/site\/wp-json\/wp\/v2\/tags?post=2629"}],"curies":[{"name":"wp","href":"https:\/\/api.w.org\/{rel}","templated":true}]}}