{"id":2628,"date":"2009-03-26T16:31:00","date_gmt":"2009-03-26T19:31:00","guid":{"rendered":"https:\/\/abrelivros.org.br\/site\/2009\/03\/26\/seminario-discute-educacao-de-jovens-e-adultos-na-america-latina\/"},"modified":"2009-03-26T16:31:00","modified_gmt":"2009-03-26T19:31:00","slug":"seminario-discute-educacao-de-jovens-e-adultos-na-america-latina","status":"publish","type":"post","link":"https:\/\/abrelivros.org.br\/site\/seminario-discute-educacao-de-jovens-e-adultos-na-america-latina\/","title":{"rendered":"Semin\u00e1rio discute educa\u00e7\u00e3o de jovens e adultos na Am\u00e9rica Latina"},"content":{"rendered":"<p>A Comiss\u00e3o de Educa\u00e7\u00e3o e Cultura da C\u00e2mara, em parceria com o Unesco, o Minist\u00e9rio da Educa\u00e7\u00e3o e a Funda\u00e7\u00e3o Satillana, promoveram esta semana, Semin\u00e1rio internacional sobre o tema \u201cEduca\u00e7\u00e3o de Jovens e Adultos na Am\u00e9rica Latina: Direito e Desafio de Todos\u201c.&nbsp;<br \/> &nbsp;<br \/> Houveram debates sobre o Plano Ibero-Americano da Alfabetiza\u00e7\u00e3o e Educa\u00e7\u00e3o de Pessoas Jovens e Adultas e a\u00e7\u00f5es nessa \u00e1rea no Brasil. Durante o evento, ocorreram reuni\u00f5es de interc\u00e2mbio de experi\u00eancias em alfabetiza\u00e7\u00e3o e sa\u00fade; em pol\u00edticas de diversidade cultural e ling\u00fc\u00edstica e em a\u00e7\u00f5es de educa\u00e7\u00e3o em pris\u00f5es.&nbsp;<br \/> &nbsp;<br \/> Durante o encontro, foram avaliados temas que ser\u00e3o debatidos na Sexta Confer\u00eancia Internacional da Unesco em Educa\u00e7\u00e3o de Adultos (Confinteia VI), que ocorrer\u00e1 em maio em Bel\u00e9m (PA). A Confer\u00eancia, que pela primeira vez ocorre na Am\u00e9rica Latina, reunir\u00e1 delega\u00e7\u00f5es de v\u00e1rios pa\u00edses. Realizada a cada 12 anos, seus resultados s\u00e3o estrat\u00e9gicos na defini\u00e7\u00e3o de par\u00e2metros internacionais para as pol\u00edticas de educa\u00e7\u00e3o de jovens e adultos.&nbsp;<br \/> &nbsp;<br \/> Os temas centrais do documento-base da Confinteia VI foram apresentados pelo especialista em Educa\u00e7\u00e3o de Jovens e Adultos da Unesco no Brasil, Timothy Ireland. &nbsp;<br \/> &nbsp;<br \/> O encontro contou com a presen\u00e7a, entre outros:&nbsp;<br \/> &nbsp;<br \/> &#8211; do Ministro da Educa\u00e7\u00e3o,  Fernando Haddad;&nbsp;<br \/> &nbsp;<br \/> &#8211; do Presidente da C\u00e2mara dos Deputados, Deputado Michel Temer;&nbsp;<br \/> &nbsp;<br \/> &#8211; Presidente da Comiss\u00e3o de Educa\u00e7\u00e3o e Cultura da C\u00e2mara dos Deputados, Deputada Maria do Ros\u00e1rio; &nbsp;<br \/> &nbsp;<br \/> &#8211; Presidente da Comiss\u00e3o de Educa\u00e7\u00e3o, Cultura e Esporte do Senado Federal, Senador Fl\u00e1vio Arns; &nbsp;<br \/> &nbsp;<br \/> &#8211; Presidente do Conselho Nacional de Secret\u00e1rios de Educa\u00e7\u00e3o \u2013 CONSED, Maria Auxiliadora Seabra Rezende; &nbsp;<br \/> &nbsp;<br \/> &#8211; Presidente da Uni\u00e3o de Dirigentes Municipais de Educa\u00e7\u00e3o \u2013 UNDIME, Justina Iv\u00e3;&nbsp;<br \/> &nbsp;<br \/> &#8211; Representante no Brasil da UNESCO, Vincent Defourny;&nbsp;<br \/> &nbsp;<br \/> &#8211; Funda\u00e7\u00e3o Santillana \u2013 Representante no Brasil, Andr\u00e9s Cardo;  &nbsp;<br \/> &nbsp;<br \/> &#8211; Campanha Latino-Americana de Educa\u00e7\u00e3o \u2013 CLADE, Madeleine Zu\u00f1iga; e&nbsp;<br \/> &nbsp;<br \/> &#8211; Ex-Presidente da Comiss\u00e3o de Educa\u00e7\u00e3o e Cultura da C\u00e2mara dos Deputados, Deputado Jo\u00e3o Mattos;  &nbsp;<br \/> &nbsp;<br \/>  &nbsp;<\/p>\n","protected":false},"excerpt":{"rendered":"<p>A Comiss\u00e3o de Educa\u00e7\u00e3o e Cultura da C\u00e2mara, em parceria com o Unesco, o Minist\u00e9rio da Educa\u00e7\u00e3o e a Funda\u00e7\u00e3o Satillana, promoveram esta semana, Semin\u00e1rio internacional sobre o tema \u201cEduca\u00e7\u00e3o de Jovens e Adultos na Am\u00e9rica Latina: Direito e Desafio de Todos\u201c.&nbsp; &nbsp; Houveram debates sobre o Plano Ibero-Americano da Alfabetiza\u00e7\u00e3o e Educa\u00e7\u00e3o de Pessoas [&hellip;]<\/p>\n","protected":false},"author":1,"featured_media":0,"comment_status":"closed","ping_status":"closed","sticky":false,"template":"","format":"standard","meta":{"footnotes":"","_links_to":"","_links_to_target":""},"categories":[9],"tags":[],"class_list":["post-2628","post","type-post","status-publish","format-standard","hentry","category-noticias-da-imprensa"],"yoast_head":"<!-- This site is optimized with the Yoast SEO plugin v15.1 - https:\/\/yoast.com\/wordpress\/plugins\/seo\/ -->\n<title>Semin\u00e1rio discute educa\u00e7\u00e3o de jovens e adultos na Am\u00e9rica Latina &raquo; Abrelivros<\/title>\n<meta name=\"robots\" content=\"index, follow, max-snippet:-1, max-image-preview:large, max-video-preview:-1\" \/>\n<link rel=\"canonical\" href=\"https:\/\/abrelivros.org.br\/site\/seminario-discute-educacao-de-jovens-e-adultos-na-america-latina\/\" \/>\n<meta property=\"og:locale\" content=\"pt_BR\" \/>\n<meta property=\"og:type\" content=\"article\" \/>\n<meta property=\"og:title\" content=\"Semin\u00e1rio discute educa\u00e7\u00e3o de jovens e adultos na Am\u00e9rica Latina &raquo; Abrelivros\" \/>\n<meta property=\"og:description\" content=\"A Comiss\u00e3o de Educa\u00e7\u00e3o e Cultura da C\u00e2mara, em parceria com o Unesco, o Minist\u00e9rio da Educa\u00e7\u00e3o e a Funda\u00e7\u00e3o Satillana, promoveram esta semana, Semin\u00e1rio internacional sobre o tema \u201cEduca\u00e7\u00e3o de Jovens e Adultos na Am\u00e9rica Latina: Direito e Desafio de Todos\u201c.&nbsp; &nbsp; Houveram debates sobre o Plano Ibero-Americano da Alfabetiza\u00e7\u00e3o e Educa\u00e7\u00e3o de Pessoas [&hellip;]\" \/>\n<meta property=\"og:url\" content=\"https:\/\/abrelivros.org.br\/site\/seminario-discute-educacao-de-jovens-e-adultos-na-america-latina\/\" \/>\n<meta property=\"og:site_name\" content=\"Abrelivros\" \/>\n<meta property=\"article:published_time\" content=\"2009-03-26T19:31:00+00:00\" \/>\n<meta name=\"twitter:card\" content=\"summary_large_image\" \/>\n<script type=\"application\/ld+json\" class=\"yoast-schema-graph\">{\"@context\":\"https:\/\/schema.org\",\"@graph\":[{\"@type\":\"WebSite\",\"@id\":\"https:\/\/abrelivros.org.br\/site\/#website\",\"url\":\"https:\/\/abrelivros.org.br\/site\/\",\"name\":\"Abrelivros\",\"description\":\"\",\"potentialAction\":[{\"@type\":\"SearchAction\",\"target\":\"https:\/\/abrelivros.org.br\/site\/?s={search_term_string}\",\"query-input\":\"required name=search_term_string\"}],\"inLanguage\":\"pt-BR\"},{\"@type\":\"WebPage\",\"@id\":\"https:\/\/abrelivros.org.br\/site\/seminario-discute-educacao-de-jovens-e-adultos-na-america-latina\/#webpage\",\"url\":\"https:\/\/abrelivros.org.br\/site\/seminario-discute-educacao-de-jovens-e-adultos-na-america-latina\/\",\"name\":\"Semin\\u00e1rio discute educa\\u00e7\\u00e3o de jovens e adultos na Am\\u00e9rica Latina &raquo; Abrelivros\",\"isPartOf\":{\"@id\":\"https:\/\/abrelivros.org.br\/site\/#website\"},\"datePublished\":\"2009-03-26T19:31:00+00:00\",\"dateModified\":\"2009-03-26T19:31:00+00:00\",\"author\":{\"@id\":\"https:\/\/abrelivros.org.br\/site\/#\/schema\/person\/2b867f13a717bb230f1a3555505f5593\"},\"breadcrumb\":{\"@id\":\"https:\/\/abrelivros.org.br\/site\/seminario-discute-educacao-de-jovens-e-adultos-na-america-latina\/#breadcrumb\"},\"inLanguage\":\"pt-BR\",\"potentialAction\":[{\"@type\":\"ReadAction\",\"target\":[\"https:\/\/abrelivros.org.br\/site\/seminario-discute-educacao-de-jovens-e-adultos-na-america-latina\/\"]}]},{\"@type\":\"BreadcrumbList\",\"@id\":\"https:\/\/abrelivros.org.br\/site\/seminario-discute-educacao-de-jovens-e-adultos-na-america-latina\/#breadcrumb\",\"itemListElement\":[{\"@type\":\"ListItem\",\"position\":1,\"item\":{\"@type\":\"WebPage\",\"@id\":\"https:\/\/abrelivros.org.br\/site\/\",\"url\":\"https:\/\/abrelivros.org.br\/site\/\",\"name\":\"In\\u00edcio\"}},{\"@type\":\"ListItem\",\"position\":2,\"item\":{\"@type\":\"WebPage\",\"@id\":\"https:\/\/abrelivros.org.br\/site\/category\/noticias\/\",\"url\":\"https:\/\/abrelivros.org.br\/site\/category\/noticias\/\",\"name\":\"Not\\u00edcias\"}},{\"@type\":\"ListItem\",\"position\":3,\"item\":{\"@type\":\"WebPage\",\"@id\":\"https:\/\/abrelivros.org.br\/site\/category\/noticias\/noticias-da-imprensa\/\",\"url\":\"https:\/\/abrelivros.org.br\/site\/category\/noticias\/noticias-da-imprensa\/\",\"name\":\"Not\\u00edcias da imprensa\"}},{\"@type\":\"ListItem\",\"position\":4,\"item\":{\"@type\":\"WebPage\",\"@id\":\"https:\/\/abrelivros.org.br\/site\/seminario-discute-educacao-de-jovens-e-adultos-na-america-latina\/\",\"url\":\"https:\/\/abrelivros.org.br\/site\/seminario-discute-educacao-de-jovens-e-adultos-na-america-latina\/\",\"name\":\"Semin\\u00e1rio discute educa\\u00e7\\u00e3o de jovens e adultos na Am\\u00e9rica Latina\"}}]},{\"@type\":\"Person\",\"@id\":\"https:\/\/abrelivros.org.br\/site\/#\/schema\/person\/2b867f13a717bb230f1a3555505f5593\",\"name\":\"\\u00a0\",\"image\":{\"@type\":\"ImageObject\",\"@id\":\"https:\/\/abrelivros.org.br\/site\/#personlogo\",\"inLanguage\":\"pt-BR\",\"url\":\"https:\/\/secure.gravatar.com\/avatar\/e80b7f5231be2fff5040a8023da424898002831c5439420df182ae62676d2a6f?s=96&d=mm&r=g\",\"caption\":\"\\u00a0\"}}]}<\/script>\n<!-- \/ Yoast SEO plugin. -->","_links":{"self":[{"href":"https:\/\/abrelivros.org.br\/site\/wp-json\/wp\/v2\/posts\/2628","targetHints":{"allow":["GET"]}}],"collection":[{"href":"https:\/\/abrelivros.org.br\/site\/wp-json\/wp\/v2\/posts"}],"about":[{"href":"https:\/\/abrelivros.org.br\/site\/wp-json\/wp\/v2\/types\/post"}],"author":[{"embeddable":true,"href":"https:\/\/abrelivros.org.br\/site\/wp-json\/wp\/v2\/users\/1"}],"replies":[{"embeddable":true,"href":"https:\/\/abrelivros.org.br\/site\/wp-json\/wp\/v2\/comments?post=2628"}],"version-history":[{"count":0,"href":"https:\/\/abrelivros.org.br\/site\/wp-json\/wp\/v2\/posts\/2628\/revisions"}],"wp:attachment":[{"href":"https:\/\/abrelivros.org.br\/site\/wp-json\/wp\/v2\/media?parent=2628"}],"wp:term":[{"taxonomy":"category","embeddable":true,"href":"https:\/\/abrelivros.org.br\/site\/wp-json\/wp\/v2\/categories?post=2628"},{"taxonomy":"post_tag","embeddable":true,"href":"https:\/\/abrelivros.org.br\/site\/wp-json\/wp\/v2\/tags?post=2628"}],"curies":[{"name":"wp","href":"https:\/\/api.w.org\/{rel}","templated":true}]}}