{"id":2627,"date":"2009-03-27T10:29:00","date_gmt":"2009-03-27T13:29:00","guid":{"rendered":"https:\/\/abrelivros.org.br\/site\/2009\/03\/27\/frente-da-leitura-discute-preco-unico-de-livros\/"},"modified":"2009-03-27T10:29:00","modified_gmt":"2009-03-27T13:29:00","slug":"frente-da-leitura-discute-preco-unico-de-livros","status":"publish","type":"post","link":"https:\/\/abrelivros.org.br\/site\/frente-da-leitura-discute-preco-unico-de-livros\/","title":{"rendered":"Frente da Leitura discute pre\u00e7o \u00fanico de livros"},"content":{"rendered":"<p>A Frente Parlamentar Mista de Leitura promover\u00e1 audi\u00eancia p\u00fablica na pr\u00f3xima semana para analisar as vantagens e desvantagens de ado\u00e7\u00e3o da Lei do Pre\u00e7o \u00danico para a venda de livros no Brasil.&nbsp;<br \/> &nbsp;<br \/> A lei do pre\u00e7o \u00fanico, que existe na Europa, determina que um livro n\u00e3o pode ser vendido por um valor diferente do que consta na capa.&nbsp;<br \/> &nbsp;<br \/> O presidente da Frente Parlamentar, deputado Marcelo Almeida, do PMDB do Paran\u00e1, disse que o pre\u00e7o \u00fanico \u00e9 o pre\u00e7o m\u00ednimo e por isso gera disputa entre editoras e consumidores.&nbsp;<br \/> &nbsp;<br \/> Marcelo Almeida afirmou que a Frente Parlamentar n\u00e3o tem uma opini\u00e3o formada sobre o pre\u00e7o \u00fanico e por isso \u00e9 preciso promover esse debate.&nbsp;<br \/> &nbsp;<br \/> O presidente da Associa\u00e7\u00e3o Nacional de Livrarias, Vitor Tavares, \u00e9 favor\u00e1vel \u00e0 ado\u00e7\u00e3o do pre\u00e7o \u00fanico. Ele lembra que o Brasil tem um n\u00famero de livrarias inferior recomendado pela ONU.&nbsp;<br \/> &nbsp;<br \/> \u201cN\u00f3s sentimos realmente que esse fato, de n\u00e3o ter boas e mais livrarias, se deve \u00e0 pr\u00f3pria motiva\u00e7\u00e3o do empres\u00e1rio. Ele n\u00e3o quer investir porque existe uma concorr\u00eancia \u201cmuito agressiva\u201c. Por exemplo, a pr\u00f3pria internet hoje \u00e9 muito agressiva\u201c, disse.&nbsp;<br \/> &nbsp;<br \/> Vitor Tavares ressaltou que a internet deve ser mais um instrumento de venda e n\u00e3o um concorrente que vende livros com pre\u00e7os menores que os sugeridos pela editoras.&nbsp;<br \/> &nbsp;<br \/> J\u00e1 o Sindicato Nacional de Editores de Livros e as entidades de defesa do consumidor s\u00e3o contr\u00e1rias \u00e0 ado\u00e7\u00e3o do pre\u00e7o \u00fanico porque inviabiliza essas promo\u00e7\u00f5es na web.&nbsp;<br \/> &nbsp;<br \/> A presidente do Sindicato dos Editores, S\u00f4nia Machado Jardim, afirmou que a medida vai se refletir na diminui\u00e7\u00e3o da venda de livros, prejudicando o leitor.&nbsp;<br \/> &nbsp;<br \/> \u201cA gente compartilha a preocupa\u00e7\u00e3o do pequeno livreiro de que \u00e0s vezes o livreiro maior, as grande redes ou mesmo os sites pela Internet d\u00e3o descontos muito agressivos ao consumidor final. Entretanto, isso de alguma maneira beneficia o leitor e faz com que determinados leitores que talvez n\u00e3o comprassem de outra forma entrem nesse mercado\u201c, afirmou.&nbsp;<br \/> &nbsp;<br \/> A audi\u00eancia ser\u00e1 realizada na pr\u00f3xima quinta-feira (2), a partir das 9 horas, no plen\u00e1rio 13.&nbsp;<br \/> &nbsp;<br \/> &nbsp;<\/p>\n","protected":false},"excerpt":{"rendered":"<p>A Frente Parlamentar Mista de Leitura promover\u00e1 audi\u00eancia p\u00fablica na pr\u00f3xima semana para analisar as vantagens e desvantagens de ado\u00e7\u00e3o da Lei do Pre\u00e7o \u00danico para a venda de livros no Brasil.&nbsp; &nbsp; A lei do pre\u00e7o \u00fanico, que existe na Europa, determina que um livro n\u00e3o pode ser vendido por um valor diferente do [&hellip;]<\/p>\n","protected":false},"author":1,"featured_media":0,"comment_status":"closed","ping_status":"closed","sticky":false,"template":"","format":"standard","meta":{"footnotes":"","_links_to":"","_links_to_target":""},"categories":[9],"tags":[],"class_list":["post-2627","post","type-post","status-publish","format-standard","hentry","category-noticias-da-imprensa"],"yoast_head":"<!-- This site is optimized with the Yoast SEO plugin v15.1 - https:\/\/yoast.com\/wordpress\/plugins\/seo\/ -->\n<title>Frente da Leitura discute pre\u00e7o \u00fanico de livros &raquo; Abrelivros<\/title>\n<meta name=\"robots\" content=\"index, follow, max-snippet:-1, max-image-preview:large, max-video-preview:-1\" \/>\n<link rel=\"canonical\" href=\"https:\/\/abrelivros.org.br\/site\/frente-da-leitura-discute-preco-unico-de-livros\/\" \/>\n<meta property=\"og:locale\" content=\"pt_BR\" \/>\n<meta property=\"og:type\" content=\"article\" \/>\n<meta property=\"og:title\" content=\"Frente da Leitura discute pre\u00e7o \u00fanico de livros &raquo; Abrelivros\" \/>\n<meta property=\"og:description\" content=\"A Frente Parlamentar Mista de Leitura promover\u00e1 audi\u00eancia p\u00fablica na pr\u00f3xima semana para analisar as vantagens e desvantagens de ado\u00e7\u00e3o da Lei do Pre\u00e7o \u00danico para a venda de livros no Brasil.&nbsp; &nbsp; A lei do pre\u00e7o \u00fanico, que existe na Europa, determina que um livro n\u00e3o pode ser vendido por um valor diferente do [&hellip;]\" \/>\n<meta property=\"og:url\" content=\"https:\/\/abrelivros.org.br\/site\/frente-da-leitura-discute-preco-unico-de-livros\/\" \/>\n<meta property=\"og:site_name\" content=\"Abrelivros\" \/>\n<meta property=\"article:published_time\" content=\"2009-03-27T13:29:00+00:00\" \/>\n<meta name=\"twitter:card\" content=\"summary_large_image\" \/>\n<script type=\"application\/ld+json\" class=\"yoast-schema-graph\">{\"@context\":\"https:\/\/schema.org\",\"@graph\":[{\"@type\":\"WebSite\",\"@id\":\"https:\/\/abrelivros.org.br\/site\/#website\",\"url\":\"https:\/\/abrelivros.org.br\/site\/\",\"name\":\"Abrelivros\",\"description\":\"\",\"potentialAction\":[{\"@type\":\"SearchAction\",\"target\":\"https:\/\/abrelivros.org.br\/site\/?s={search_term_string}\",\"query-input\":\"required name=search_term_string\"}],\"inLanguage\":\"pt-BR\"},{\"@type\":\"WebPage\",\"@id\":\"https:\/\/abrelivros.org.br\/site\/frente-da-leitura-discute-preco-unico-de-livros\/#webpage\",\"url\":\"https:\/\/abrelivros.org.br\/site\/frente-da-leitura-discute-preco-unico-de-livros\/\",\"name\":\"Frente da Leitura discute pre\\u00e7o \\u00fanico de livros &raquo; Abrelivros\",\"isPartOf\":{\"@id\":\"https:\/\/abrelivros.org.br\/site\/#website\"},\"datePublished\":\"2009-03-27T13:29:00+00:00\",\"dateModified\":\"2009-03-27T13:29:00+00:00\",\"author\":{\"@id\":\"https:\/\/abrelivros.org.br\/site\/#\/schema\/person\/2b867f13a717bb230f1a3555505f5593\"},\"breadcrumb\":{\"@id\":\"https:\/\/abrelivros.org.br\/site\/frente-da-leitura-discute-preco-unico-de-livros\/#breadcrumb\"},\"inLanguage\":\"pt-BR\",\"potentialAction\":[{\"@type\":\"ReadAction\",\"target\":[\"https:\/\/abrelivros.org.br\/site\/frente-da-leitura-discute-preco-unico-de-livros\/\"]}]},{\"@type\":\"BreadcrumbList\",\"@id\":\"https:\/\/abrelivros.org.br\/site\/frente-da-leitura-discute-preco-unico-de-livros\/#breadcrumb\",\"itemListElement\":[{\"@type\":\"ListItem\",\"position\":1,\"item\":{\"@type\":\"WebPage\",\"@id\":\"https:\/\/abrelivros.org.br\/site\/\",\"url\":\"https:\/\/abrelivros.org.br\/site\/\",\"name\":\"In\\u00edcio\"}},{\"@type\":\"ListItem\",\"position\":2,\"item\":{\"@type\":\"WebPage\",\"@id\":\"https:\/\/abrelivros.org.br\/site\/category\/noticias\/\",\"url\":\"https:\/\/abrelivros.org.br\/site\/category\/noticias\/\",\"name\":\"Not\\u00edcias\"}},{\"@type\":\"ListItem\",\"position\":3,\"item\":{\"@type\":\"WebPage\",\"@id\":\"https:\/\/abrelivros.org.br\/site\/category\/noticias\/noticias-da-imprensa\/\",\"url\":\"https:\/\/abrelivros.org.br\/site\/category\/noticias\/noticias-da-imprensa\/\",\"name\":\"Not\\u00edcias da imprensa\"}},{\"@type\":\"ListItem\",\"position\":4,\"item\":{\"@type\":\"WebPage\",\"@id\":\"https:\/\/abrelivros.org.br\/site\/frente-da-leitura-discute-preco-unico-de-livros\/\",\"url\":\"https:\/\/abrelivros.org.br\/site\/frente-da-leitura-discute-preco-unico-de-livros\/\",\"name\":\"Frente da Leitura discute pre\\u00e7o \\u00fanico de livros\"}}]},{\"@type\":\"Person\",\"@id\":\"https:\/\/abrelivros.org.br\/site\/#\/schema\/person\/2b867f13a717bb230f1a3555505f5593\",\"name\":\"\\u00a0\",\"image\":{\"@type\":\"ImageObject\",\"@id\":\"https:\/\/abrelivros.org.br\/site\/#personlogo\",\"inLanguage\":\"pt-BR\",\"url\":\"https:\/\/secure.gravatar.com\/avatar\/e80b7f5231be2fff5040a8023da424898002831c5439420df182ae62676d2a6f?s=96&d=mm&r=g\",\"caption\":\"\\u00a0\"}}]}<\/script>\n<!-- \/ Yoast SEO plugin. -->","_links":{"self":[{"href":"https:\/\/abrelivros.org.br\/site\/wp-json\/wp\/v2\/posts\/2627","targetHints":{"allow":["GET"]}}],"collection":[{"href":"https:\/\/abrelivros.org.br\/site\/wp-json\/wp\/v2\/posts"}],"about":[{"href":"https:\/\/abrelivros.org.br\/site\/wp-json\/wp\/v2\/types\/post"}],"author":[{"embeddable":true,"href":"https:\/\/abrelivros.org.br\/site\/wp-json\/wp\/v2\/users\/1"}],"replies":[{"embeddable":true,"href":"https:\/\/abrelivros.org.br\/site\/wp-json\/wp\/v2\/comments?post=2627"}],"version-history":[{"count":0,"href":"https:\/\/abrelivros.org.br\/site\/wp-json\/wp\/v2\/posts\/2627\/revisions"}],"wp:attachment":[{"href":"https:\/\/abrelivros.org.br\/site\/wp-json\/wp\/v2\/media?parent=2627"}],"wp:term":[{"taxonomy":"category","embeddable":true,"href":"https:\/\/abrelivros.org.br\/site\/wp-json\/wp\/v2\/categories?post=2627"},{"taxonomy":"post_tag","embeddable":true,"href":"https:\/\/abrelivros.org.br\/site\/wp-json\/wp\/v2\/tags?post=2627"}],"curies":[{"name":"wp","href":"https:\/\/api.w.org\/{rel}","templated":true}]}}