{"id":2626,"date":"2009-03-27T13:00:00","date_gmt":"2009-03-27T16:00:00","guid":{"rendered":"https:\/\/abrelivros.org.br\/site\/2009\/03\/27\/fim-da-dru-proposta-inclui-ensino-obrigatorio-dos-4-aos-17\/"},"modified":"2009-03-27T13:00:00","modified_gmt":"2009-03-27T16:00:00","slug":"fim-da-dru-proposta-inclui-ensino-obrigatorio-dos-4-aos-17","status":"publish","type":"post","link":"https:\/\/abrelivros.org.br\/site\/fim-da-dru-proposta-inclui-ensino-obrigatorio-dos-4-aos-17\/","title":{"rendered":"Fim da DRU: proposta inclui ensino obrigat\u00f3rio dos 4 aos 17"},"content":{"rendered":"<p>O ensino obrigat\u00f3rio de quatro a 17 anos de idade j\u00e1 faz parte do texto da Proposta de Emenda \u00e0 Constitui\u00e7\u00e3o (PEC) 277\/08, que retira o or\u00e7amento da educa\u00e7\u00e3o da Desvincula\u00e7\u00e3o de Receitas da Uni\u00e3o (DRU). O parecer substitutivo do deputado federal Rog\u00e9rio Marinho (PSB-RN), com a nova reda\u00e7\u00e3o, foi aprovado na ter\u00e7a-feira, 24, pela comiss\u00e3o especial que analisa a PEC na C\u00e2mara dos Deputados.&nbsp;<br \/> &nbsp;<br \/> A proposta ser\u00e1 votada no plen\u00e1rio da C\u00e2mara, em dois turnos. O ministro da Educa\u00e7\u00e3o, Fernando Haddad, e os membros da comiss\u00e3o especial dever\u00e3o se reunir com o presidente da Casa, Michel Temer (PMDB-SP), nesta quarta-feira, 25, para pedir que a PEC seja votada em regime de urg\u00eancia. Se aprovada na C\u00e2mara, volta para aprova\u00e7\u00e3o no Senado.&nbsp;<br \/> &nbsp;<br \/> A Proposta de Emenda Constitucional 277\/08 prev\u00ea o fim gradual da DRU para a educa\u00e7\u00e3o at\u00e9 2011. Isso significa o acr\u00e9scimo de cerca de R$ 9 bilh\u00f5es anuais ao or\u00e7amento do MEC. O relat\u00f3rio aprovado nesta ter\u00e7a-feira na comiss\u00e3o especial vincula o aumento dos recursos \u00e0 obrigatoriedade da educa\u00e7\u00e3o infantil e do ensino m\u00e9dio.&nbsp;<br \/> &nbsp;<br \/> De acordo com o texto, a educa\u00e7\u00e3o obrigat\u00f3ria dos quatro aos 17 anos dever\u00e1 ser implementada progressivamente at\u00e9 2016, com apoio t\u00e9cnico e financeiro da Uni\u00e3o. Est\u00e1 previsto o regime de colabora\u00e7\u00e3o entre Uni\u00e3o, estados, Distrito Federal e munic\u00edpios para universalizar o ensino. O texto ainda garante a oferta gratuita da educa\u00e7\u00e3o b\u00e1sica para os que n\u00e3o tiveram acesso a ela na idade certa. &nbsp;<br \/> &nbsp;<br \/> &nbsp;<\/p>\n","protected":false},"excerpt":{"rendered":"<p>O ensino obrigat\u00f3rio de quatro a 17 anos de idade j\u00e1 faz parte do texto da Proposta de Emenda \u00e0 Constitui\u00e7\u00e3o (PEC) 277\/08, que retira o or\u00e7amento da educa\u00e7\u00e3o da Desvincula\u00e7\u00e3o de Receitas da Uni\u00e3o (DRU). O parecer substitutivo do deputado federal Rog\u00e9rio Marinho (PSB-RN), com a nova reda\u00e7\u00e3o, foi aprovado na ter\u00e7a-feira, 24, pela [&hellip;]<\/p>\n","protected":false},"author":1,"featured_media":0,"comment_status":"closed","ping_status":"closed","sticky":false,"template":"","format":"standard","meta":{"footnotes":"","_links_to":"","_links_to_target":""},"categories":[9],"tags":[],"class_list":["post-2626","post","type-post","status-publish","format-standard","hentry","category-noticias-da-imprensa"],"yoast_head":"<!-- This site is optimized with the Yoast SEO plugin v15.1 - https:\/\/yoast.com\/wordpress\/plugins\/seo\/ -->\n<title>Fim da DRU: proposta inclui ensino obrigat\u00f3rio dos 4 aos 17 &raquo; Abrelivros<\/title>\n<meta name=\"robots\" content=\"index, follow, max-snippet:-1, max-image-preview:large, max-video-preview:-1\" \/>\n<link rel=\"canonical\" href=\"https:\/\/abrelivros.org.br\/site\/fim-da-dru-proposta-inclui-ensino-obrigatorio-dos-4-aos-17\/\" \/>\n<meta property=\"og:locale\" content=\"pt_BR\" \/>\n<meta property=\"og:type\" content=\"article\" \/>\n<meta property=\"og:title\" content=\"Fim da DRU: proposta inclui ensino obrigat\u00f3rio dos 4 aos 17 &raquo; Abrelivros\" \/>\n<meta property=\"og:description\" content=\"O ensino obrigat\u00f3rio de quatro a 17 anos de idade j\u00e1 faz parte do texto da Proposta de Emenda \u00e0 Constitui\u00e7\u00e3o (PEC) 277\/08, que retira o or\u00e7amento da educa\u00e7\u00e3o da Desvincula\u00e7\u00e3o de Receitas da Uni\u00e3o (DRU). O parecer substitutivo do deputado federal Rog\u00e9rio Marinho (PSB-RN), com a nova reda\u00e7\u00e3o, foi aprovado na ter\u00e7a-feira, 24, pela [&hellip;]\" \/>\n<meta property=\"og:url\" content=\"https:\/\/abrelivros.org.br\/site\/fim-da-dru-proposta-inclui-ensino-obrigatorio-dos-4-aos-17\/\" \/>\n<meta property=\"og:site_name\" content=\"Abrelivros\" \/>\n<meta property=\"article:published_time\" content=\"2009-03-27T16:00:00+00:00\" \/>\n<meta name=\"twitter:card\" content=\"summary_large_image\" \/>\n<script type=\"application\/ld+json\" class=\"yoast-schema-graph\">{\"@context\":\"https:\/\/schema.org\",\"@graph\":[{\"@type\":\"WebSite\",\"@id\":\"https:\/\/abrelivros.org.br\/site\/#website\",\"url\":\"https:\/\/abrelivros.org.br\/site\/\",\"name\":\"Abrelivros\",\"description\":\"\",\"potentialAction\":[{\"@type\":\"SearchAction\",\"target\":\"https:\/\/abrelivros.org.br\/site\/?s={search_term_string}\",\"query-input\":\"required name=search_term_string\"}],\"inLanguage\":\"pt-BR\"},{\"@type\":\"WebPage\",\"@id\":\"https:\/\/abrelivros.org.br\/site\/fim-da-dru-proposta-inclui-ensino-obrigatorio-dos-4-aos-17\/#webpage\",\"url\":\"https:\/\/abrelivros.org.br\/site\/fim-da-dru-proposta-inclui-ensino-obrigatorio-dos-4-aos-17\/\",\"name\":\"Fim da DRU: proposta inclui ensino obrigat\\u00f3rio dos 4 aos 17 &raquo; Abrelivros\",\"isPartOf\":{\"@id\":\"https:\/\/abrelivros.org.br\/site\/#website\"},\"datePublished\":\"2009-03-27T16:00:00+00:00\",\"dateModified\":\"2009-03-27T16:00:00+00:00\",\"author\":{\"@id\":\"https:\/\/abrelivros.org.br\/site\/#\/schema\/person\/2b867f13a717bb230f1a3555505f5593\"},\"breadcrumb\":{\"@id\":\"https:\/\/abrelivros.org.br\/site\/fim-da-dru-proposta-inclui-ensino-obrigatorio-dos-4-aos-17\/#breadcrumb\"},\"inLanguage\":\"pt-BR\",\"potentialAction\":[{\"@type\":\"ReadAction\",\"target\":[\"https:\/\/abrelivros.org.br\/site\/fim-da-dru-proposta-inclui-ensino-obrigatorio-dos-4-aos-17\/\"]}]},{\"@type\":\"BreadcrumbList\",\"@id\":\"https:\/\/abrelivros.org.br\/site\/fim-da-dru-proposta-inclui-ensino-obrigatorio-dos-4-aos-17\/#breadcrumb\",\"itemListElement\":[{\"@type\":\"ListItem\",\"position\":1,\"item\":{\"@type\":\"WebPage\",\"@id\":\"https:\/\/abrelivros.org.br\/site\/\",\"url\":\"https:\/\/abrelivros.org.br\/site\/\",\"name\":\"In\\u00edcio\"}},{\"@type\":\"ListItem\",\"position\":2,\"item\":{\"@type\":\"WebPage\",\"@id\":\"https:\/\/abrelivros.org.br\/site\/category\/noticias\/\",\"url\":\"https:\/\/abrelivros.org.br\/site\/category\/noticias\/\",\"name\":\"Not\\u00edcias\"}},{\"@type\":\"ListItem\",\"position\":3,\"item\":{\"@type\":\"WebPage\",\"@id\":\"https:\/\/abrelivros.org.br\/site\/category\/noticias\/noticias-da-imprensa\/\",\"url\":\"https:\/\/abrelivros.org.br\/site\/category\/noticias\/noticias-da-imprensa\/\",\"name\":\"Not\\u00edcias da imprensa\"}},{\"@type\":\"ListItem\",\"position\":4,\"item\":{\"@type\":\"WebPage\",\"@id\":\"https:\/\/abrelivros.org.br\/site\/fim-da-dru-proposta-inclui-ensino-obrigatorio-dos-4-aos-17\/\",\"url\":\"https:\/\/abrelivros.org.br\/site\/fim-da-dru-proposta-inclui-ensino-obrigatorio-dos-4-aos-17\/\",\"name\":\"Fim da DRU: proposta inclui ensino obrigat\\u00f3rio dos 4 aos 17\"}}]},{\"@type\":\"Person\",\"@id\":\"https:\/\/abrelivros.org.br\/site\/#\/schema\/person\/2b867f13a717bb230f1a3555505f5593\",\"name\":\"\\u00a0\",\"image\":{\"@type\":\"ImageObject\",\"@id\":\"https:\/\/abrelivros.org.br\/site\/#personlogo\",\"inLanguage\":\"pt-BR\",\"url\":\"https:\/\/secure.gravatar.com\/avatar\/e80b7f5231be2fff5040a8023da424898002831c5439420df182ae62676d2a6f?s=96&d=mm&r=g\",\"caption\":\"\\u00a0\"}}]}<\/script>\n<!-- \/ Yoast SEO plugin. -->","_links":{"self":[{"href":"https:\/\/abrelivros.org.br\/site\/wp-json\/wp\/v2\/posts\/2626","targetHints":{"allow":["GET"]}}],"collection":[{"href":"https:\/\/abrelivros.org.br\/site\/wp-json\/wp\/v2\/posts"}],"about":[{"href":"https:\/\/abrelivros.org.br\/site\/wp-json\/wp\/v2\/types\/post"}],"author":[{"embeddable":true,"href":"https:\/\/abrelivros.org.br\/site\/wp-json\/wp\/v2\/users\/1"}],"replies":[{"embeddable":true,"href":"https:\/\/abrelivros.org.br\/site\/wp-json\/wp\/v2\/comments?post=2626"}],"version-history":[{"count":0,"href":"https:\/\/abrelivros.org.br\/site\/wp-json\/wp\/v2\/posts\/2626\/revisions"}],"wp:attachment":[{"href":"https:\/\/abrelivros.org.br\/site\/wp-json\/wp\/v2\/media?parent=2626"}],"wp:term":[{"taxonomy":"category","embeddable":true,"href":"https:\/\/abrelivros.org.br\/site\/wp-json\/wp\/v2\/categories?post=2626"},{"taxonomy":"post_tag","embeddable":true,"href":"https:\/\/abrelivros.org.br\/site\/wp-json\/wp\/v2\/tags?post=2626"}],"curies":[{"name":"wp","href":"https:\/\/api.w.org\/{rel}","templated":true}]}}