{"id":2623,"date":"2009-03-27T14:08:00","date_gmt":"2009-03-27T17:08:00","guid":{"rendered":"https:\/\/abrelivros.org.br\/site\/2009\/03\/27\/escolas-publicas-com-baixos-idebs-receberao-recursos-do-mec\/"},"modified":"2009-03-27T14:08:00","modified_gmt":"2009-03-27T17:08:00","slug":"escolas-publicas-com-baixos-idebs-receberao-recursos-do-mec","status":"publish","type":"post","link":"https:\/\/abrelivros.org.br\/site\/escolas-publicas-com-baixos-idebs-receberao-recursos-do-mec\/","title":{"rendered":"Escolas p\u00fablicas com baixos Idebs receber\u00e3o recursos do MEC"},"content":{"rendered":"<p>Mais de 27 mil escolas p\u00fablicas da educa\u00e7\u00e3o b\u00e1sica que registraram baixos \u00edndices de desenvolvimento da educa\u00e7\u00e3o (Idebs) em 2005 e 2007 receber\u00e3o recursos do Minist\u00e9rio da Educa\u00e7\u00e3o para executar o Plano de Desenvolvimento da Escola (PDE-Escola). O plano \u00e9 uma ferramenta gerencial que auxilia a escola a melhorar seu desempenho.&nbsp;<br \/> &nbsp;<br \/> De acordo com Jos\u00e9 Carlos Martinez Fernandez, coordenador-geral de gest\u00e3o escolar da Secretaria de Educa\u00e7\u00e3o B\u00e1sica, cada escola receber\u00e1 este ano entre R$ 10 mil e R$ 75 mil, segundo o n\u00famero de estudantes matriculados no censo escolar de 2008. A verba total prevista no or\u00e7amento \u00e9 de R$ 517,7 milh\u00f5es.&nbsp;<br \/> &nbsp;<br \/> O repasse de recursos do governo federal, explica Jos\u00e9 Carlos, \u00e9 para financiar algumas a\u00e7\u00f5es do plano estrat\u00e9gico da escola, e o Minist\u00e9rio da Educa\u00e7\u00e3o orienta que ela utilize essa verba prioritariamente em apoio a cinco a\u00e7\u00f5es: programas de acessibilidade como, por exemplo, constru\u00e7\u00e3o de rampas e adapta\u00e7\u00e3o de banheiros; ProInfo; Mais Educa\u00e7\u00e3o; conselho escolar (qualifica\u00e7\u00e3o de conselheiros); e Escola Aberta.&nbsp;<br \/> &nbsp;<br \/> Em 2009, o Plano de Desenvolvimento da Escola atender\u00e1 27.885 escolas. Nesse conjunto de estabelecimentos est\u00e3o tr\u00eas tipos de escolas classificados segundo o \u00cdndice de Desenvolvimento da Educa\u00e7\u00e3o B\u00e1sica de 2005 e 2007: as 7.842 escolas com Ideb de 2,7 pontos nos anos iniciais e 2,8 pontos nos anos finais do ensino fundamental, em 2005; as 4.695 escolas com Ideb de 3,0 pontos nos anos iniciais e 2,8 nos anos finais, em 2007; e as 15.350 escolas que obtiveram \u00edndice abaixo da m\u00e9dia nacional em 2007, que foi de 4,2 pontos nos anos iniciais e 3,8 pontos nos anos finais.&nbsp;<br \/> &nbsp;<br \/> Participam do PDE-Escola estabelecimentos das 27 unidades da Federa\u00e7\u00e3o. Entre os estados com maior n\u00famero de escolas, destacam-se a Bahia, com 3.248 escolas, Minas Gerais (2.772), Rio de Janeiro (2.031) e S\u00e3o Paulo (2.029). Todos os dados do PDE-Escola 2009 \u2013 entre eles, os recursos por unidade e como deve ser feita a presta\u00e7\u00e3o de contas \u2013 est\u00e3o descritos na Resolu\u00e7\u00e3o n\u00ba 4\/2009, de 17 de mar\u00e7o. &nbsp;<br \/> &nbsp;<\/p>\n","protected":false},"excerpt":{"rendered":"<p>Mais de 27 mil escolas p\u00fablicas da educa\u00e7\u00e3o b\u00e1sica que registraram baixos \u00edndices de desenvolvimento da educa\u00e7\u00e3o (Idebs) em 2005 e 2007 receber\u00e3o recursos do Minist\u00e9rio da Educa\u00e7\u00e3o para executar o Plano de Desenvolvimento da Escola (PDE-Escola). O plano \u00e9 uma ferramenta gerencial que auxilia a escola a melhorar seu desempenho.&nbsp; &nbsp; De acordo com [&hellip;]<\/p>\n","protected":false},"author":1,"featured_media":0,"comment_status":"closed","ping_status":"closed","sticky":false,"template":"","format":"standard","meta":{"footnotes":"","_links_to":"","_links_to_target":""},"categories":[9],"tags":[],"class_list":["post-2623","post","type-post","status-publish","format-standard","hentry","category-noticias-da-imprensa"],"yoast_head":"<!-- This site is optimized with the Yoast SEO plugin v15.1 - https:\/\/yoast.com\/wordpress\/plugins\/seo\/ -->\n<title>Escolas p\u00fablicas com baixos Idebs receber\u00e3o recursos do MEC &raquo; Abrelivros<\/title>\n<meta name=\"robots\" content=\"index, follow, max-snippet:-1, max-image-preview:large, max-video-preview:-1\" \/>\n<link rel=\"canonical\" href=\"https:\/\/abrelivros.org.br\/site\/escolas-publicas-com-baixos-idebs-receberao-recursos-do-mec\/\" \/>\n<meta property=\"og:locale\" content=\"pt_BR\" \/>\n<meta property=\"og:type\" content=\"article\" \/>\n<meta property=\"og:title\" content=\"Escolas p\u00fablicas com baixos Idebs receber\u00e3o recursos do MEC &raquo; Abrelivros\" \/>\n<meta property=\"og:description\" content=\"Mais de 27 mil escolas p\u00fablicas da educa\u00e7\u00e3o b\u00e1sica que registraram baixos \u00edndices de desenvolvimento da educa\u00e7\u00e3o (Idebs) em 2005 e 2007 receber\u00e3o recursos do Minist\u00e9rio da Educa\u00e7\u00e3o para executar o Plano de Desenvolvimento da Escola (PDE-Escola). O plano \u00e9 uma ferramenta gerencial que auxilia a escola a melhorar seu desempenho.&nbsp; &nbsp; De acordo com [&hellip;]\" \/>\n<meta property=\"og:url\" content=\"https:\/\/abrelivros.org.br\/site\/escolas-publicas-com-baixos-idebs-receberao-recursos-do-mec\/\" \/>\n<meta property=\"og:site_name\" content=\"Abrelivros\" \/>\n<meta property=\"article:published_time\" content=\"2009-03-27T17:08:00+00:00\" \/>\n<meta name=\"twitter:card\" content=\"summary_large_image\" \/>\n<script type=\"application\/ld+json\" class=\"yoast-schema-graph\">{\"@context\":\"https:\/\/schema.org\",\"@graph\":[{\"@type\":\"WebSite\",\"@id\":\"https:\/\/abrelivros.org.br\/site\/#website\",\"url\":\"https:\/\/abrelivros.org.br\/site\/\",\"name\":\"Abrelivros\",\"description\":\"\",\"potentialAction\":[{\"@type\":\"SearchAction\",\"target\":\"https:\/\/abrelivros.org.br\/site\/?s={search_term_string}\",\"query-input\":\"required name=search_term_string\"}],\"inLanguage\":\"pt-BR\"},{\"@type\":\"WebPage\",\"@id\":\"https:\/\/abrelivros.org.br\/site\/escolas-publicas-com-baixos-idebs-receberao-recursos-do-mec\/#webpage\",\"url\":\"https:\/\/abrelivros.org.br\/site\/escolas-publicas-com-baixos-idebs-receberao-recursos-do-mec\/\",\"name\":\"Escolas p\\u00fablicas com baixos Idebs receber\\u00e3o recursos do MEC &raquo; Abrelivros\",\"isPartOf\":{\"@id\":\"https:\/\/abrelivros.org.br\/site\/#website\"},\"datePublished\":\"2009-03-27T17:08:00+00:00\",\"dateModified\":\"2009-03-27T17:08:00+00:00\",\"author\":{\"@id\":\"https:\/\/abrelivros.org.br\/site\/#\/schema\/person\/2b867f13a717bb230f1a3555505f5593\"},\"breadcrumb\":{\"@id\":\"https:\/\/abrelivros.org.br\/site\/escolas-publicas-com-baixos-idebs-receberao-recursos-do-mec\/#breadcrumb\"},\"inLanguage\":\"pt-BR\",\"potentialAction\":[{\"@type\":\"ReadAction\",\"target\":[\"https:\/\/abrelivros.org.br\/site\/escolas-publicas-com-baixos-idebs-receberao-recursos-do-mec\/\"]}]},{\"@type\":\"BreadcrumbList\",\"@id\":\"https:\/\/abrelivros.org.br\/site\/escolas-publicas-com-baixos-idebs-receberao-recursos-do-mec\/#breadcrumb\",\"itemListElement\":[{\"@type\":\"ListItem\",\"position\":1,\"item\":{\"@type\":\"WebPage\",\"@id\":\"https:\/\/abrelivros.org.br\/site\/\",\"url\":\"https:\/\/abrelivros.org.br\/site\/\",\"name\":\"In\\u00edcio\"}},{\"@type\":\"ListItem\",\"position\":2,\"item\":{\"@type\":\"WebPage\",\"@id\":\"https:\/\/abrelivros.org.br\/site\/category\/noticias\/\",\"url\":\"https:\/\/abrelivros.org.br\/site\/category\/noticias\/\",\"name\":\"Not\\u00edcias\"}},{\"@type\":\"ListItem\",\"position\":3,\"item\":{\"@type\":\"WebPage\",\"@id\":\"https:\/\/abrelivros.org.br\/site\/category\/noticias\/noticias-da-imprensa\/\",\"url\":\"https:\/\/abrelivros.org.br\/site\/category\/noticias\/noticias-da-imprensa\/\",\"name\":\"Not\\u00edcias da imprensa\"}},{\"@type\":\"ListItem\",\"position\":4,\"item\":{\"@type\":\"WebPage\",\"@id\":\"https:\/\/abrelivros.org.br\/site\/escolas-publicas-com-baixos-idebs-receberao-recursos-do-mec\/\",\"url\":\"https:\/\/abrelivros.org.br\/site\/escolas-publicas-com-baixos-idebs-receberao-recursos-do-mec\/\",\"name\":\"Escolas p\\u00fablicas com baixos Idebs receber\\u00e3o recursos do MEC\"}}]},{\"@type\":\"Person\",\"@id\":\"https:\/\/abrelivros.org.br\/site\/#\/schema\/person\/2b867f13a717bb230f1a3555505f5593\",\"name\":\"\\u00a0\",\"image\":{\"@type\":\"ImageObject\",\"@id\":\"https:\/\/abrelivros.org.br\/site\/#personlogo\",\"inLanguage\":\"pt-BR\",\"url\":\"https:\/\/secure.gravatar.com\/avatar\/e80b7f5231be2fff5040a8023da424898002831c5439420df182ae62676d2a6f?s=96&d=mm&r=g\",\"caption\":\"\\u00a0\"}}]}<\/script>\n<!-- \/ Yoast SEO plugin. -->","_links":{"self":[{"href":"https:\/\/abrelivros.org.br\/site\/wp-json\/wp\/v2\/posts\/2623","targetHints":{"allow":["GET"]}}],"collection":[{"href":"https:\/\/abrelivros.org.br\/site\/wp-json\/wp\/v2\/posts"}],"about":[{"href":"https:\/\/abrelivros.org.br\/site\/wp-json\/wp\/v2\/types\/post"}],"author":[{"embeddable":true,"href":"https:\/\/abrelivros.org.br\/site\/wp-json\/wp\/v2\/users\/1"}],"replies":[{"embeddable":true,"href":"https:\/\/abrelivros.org.br\/site\/wp-json\/wp\/v2\/comments?post=2623"}],"version-history":[{"count":0,"href":"https:\/\/abrelivros.org.br\/site\/wp-json\/wp\/v2\/posts\/2623\/revisions"}],"wp:attachment":[{"href":"https:\/\/abrelivros.org.br\/site\/wp-json\/wp\/v2\/media?parent=2623"}],"wp:term":[{"taxonomy":"category","embeddable":true,"href":"https:\/\/abrelivros.org.br\/site\/wp-json\/wp\/v2\/categories?post=2623"},{"taxonomy":"post_tag","embeddable":true,"href":"https:\/\/abrelivros.org.br\/site\/wp-json\/wp\/v2\/tags?post=2623"}],"curies":[{"name":"wp","href":"https:\/\/api.w.org\/{rel}","templated":true}]}}