{"id":2621,"date":"2009-03-27T14:37:00","date_gmt":"2009-03-27T17:37:00","guid":{"rendered":"https:\/\/abrelivros.org.br\/site\/2009\/03\/27\/bibliotecas-escolares-terao-livros-para-toda-a-educacao-basica\/"},"modified":"2009-03-27T14:37:00","modified_gmt":"2009-03-27T17:37:00","slug":"bibliotecas-escolares-terao-livros-para-toda-a-educacao-basica","status":"publish","type":"post","link":"https:\/\/abrelivros.org.br\/site\/bibliotecas-escolares-terao-livros-para-toda-a-educacao-basica\/","title":{"rendered":"Bibliotecas escolares ter\u00e3o livros para toda a educa\u00e7\u00e3o b\u00e1sica"},"content":{"rendered":"<p>A partir de 2010, o Programa Nacional Biblioteca da Escola (PNBE) ser\u00e1 ampliado para toda a educa\u00e7\u00e3o b\u00e1sica, passando a atender tamb\u00e9m a educa\u00e7\u00e3o de jovens e adultos (EJA). Quase 40 mil bibliotecas escolares usadas por jovens e adultos matriculados nos ensinos fundamental e m\u00e9dio (EJA) receber\u00e3o obras de literatura, de pesquisa e de refer\u00eancia voltadas para esses estudantes. Ser\u00e3o distribu\u00eddos cerca de 1,47 milh\u00e3o de livros. Os estudantes dos anos iniciais do ensino fundamental (1\u00ba ao 5\u00ba ano) e da educa\u00e7\u00e3o infantil (creches e pr\u00e9-escolas) tamb\u00e9m ser\u00e3o beneficiados no ano que vem.<br \/> \u00a0<br \/> \u201cAt\u00e9 2007, apenas as bibliotecas das escolas de ensino fundamental recebiam livros. Em 2008, ampliamos para a educa\u00e7\u00e3o infantil e o ensino m\u00e9dio. Agora, dando continuidade \u00e0 universaliza\u00e7\u00e3o do atendimento, estamos incluindo tamb\u00e9m a educa\u00e7\u00e3o de jovens e adultos\u201d, afirma Sonia Schvartz, coordenadora geral dos programas do livro do Fundo Nacional de Desenvolvimento da Educa\u00e7\u00e3o (FNDE).<br \/> \u00a0<br \/> Respons\u00e1vel pela execu\u00e7\u00e3o do Programa Nacional Biblioteca da Escola, o FNDE abriu as inscri\u00e7\u00f5es para a avalia\u00e7\u00e3o e a sele\u00e7\u00e3o das obras para 2010. O prazo para cadastramento e pr\u00e9-inscri\u00e7\u00e3o dos livros vai at\u00e9 3 de abril. A entrega dos exemplares e da documenta\u00e7\u00e3o, de 22 a 28 de abril. Ser\u00e3o selecionadas obras em verso, contos, cr\u00f4nicas, romances, biografias, entre outros g\u00eaneros liter\u00e1rios. Todos os t\u00edtulos devem estar adaptados \u00e0s novas normas ortogr\u00e1ficas.<br \/> \u00a0<br \/> Seguindo o calend\u00e1rio de atendimento do PNBE, em 2011 receber\u00e3o livros as bibliotecas das escolas de ensino m\u00e9dio e dos anos finais do ensino fundamental (6\u00ba ao 9\u00ba ano).\u00a0<br \/> \u00a0<br \/> \u00a0<br \/>  \u00a0<\/p>\n","protected":false},"excerpt":{"rendered":"<p>A partir de 2010, o Programa Nacional Biblioteca da Escola (PNBE) ser\u00e1 ampliado para toda a educa\u00e7\u00e3o b\u00e1sica, passando a atender tamb\u00e9m a educa\u00e7\u00e3o de jovens e adultos (EJA). Quase 40 mil bibliotecas escolares usadas por jovens e adultos matriculados nos ensinos fundamental e m\u00e9dio (EJA) receber\u00e3o obras de literatura, de pesquisa e de refer\u00eancia [&hellip;]<\/p>\n","protected":false},"author":1,"featured_media":0,"comment_status":"closed","ping_status":"closed","sticky":false,"template":"","format":"standard","meta":{"footnotes":"","_links_to":"","_links_to_target":""},"categories":[9],"tags":[],"class_list":["post-2621","post","type-post","status-publish","format-standard","hentry","category-noticias-da-imprensa"],"yoast_head":"<!-- This site is optimized with the Yoast SEO plugin v15.1 - https:\/\/yoast.com\/wordpress\/plugins\/seo\/ -->\n<title>Bibliotecas escolares ter\u00e3o livros para toda a educa\u00e7\u00e3o b\u00e1sica &raquo; Abrelivros<\/title>\n<meta name=\"robots\" content=\"index, follow, max-snippet:-1, max-image-preview:large, max-video-preview:-1\" \/>\n<link rel=\"canonical\" href=\"https:\/\/abrelivros.org.br\/site\/bibliotecas-escolares-terao-livros-para-toda-a-educacao-basica\/\" \/>\n<meta property=\"og:locale\" content=\"pt_BR\" \/>\n<meta property=\"og:type\" content=\"article\" \/>\n<meta property=\"og:title\" content=\"Bibliotecas escolares ter\u00e3o livros para toda a educa\u00e7\u00e3o b\u00e1sica &raquo; Abrelivros\" \/>\n<meta property=\"og:description\" content=\"A partir de 2010, o Programa Nacional Biblioteca da Escola (PNBE) ser\u00e1 ampliado para toda a educa\u00e7\u00e3o b\u00e1sica, passando a atender tamb\u00e9m a educa\u00e7\u00e3o de jovens e adultos (EJA). Quase 40 mil bibliotecas escolares usadas por jovens e adultos matriculados nos ensinos fundamental e m\u00e9dio (EJA) receber\u00e3o obras de literatura, de pesquisa e de refer\u00eancia [&hellip;]\" \/>\n<meta property=\"og:url\" content=\"https:\/\/abrelivros.org.br\/site\/bibliotecas-escolares-terao-livros-para-toda-a-educacao-basica\/\" \/>\n<meta property=\"og:site_name\" content=\"Abrelivros\" \/>\n<meta property=\"article:published_time\" content=\"2009-03-27T17:37:00+00:00\" \/>\n<meta name=\"twitter:card\" content=\"summary_large_image\" \/>\n<script type=\"application\/ld+json\" class=\"yoast-schema-graph\">{\"@context\":\"https:\/\/schema.org\",\"@graph\":[{\"@type\":\"WebSite\",\"@id\":\"https:\/\/abrelivros.org.br\/site\/#website\",\"url\":\"https:\/\/abrelivros.org.br\/site\/\",\"name\":\"Abrelivros\",\"description\":\"\",\"potentialAction\":[{\"@type\":\"SearchAction\",\"target\":\"https:\/\/abrelivros.org.br\/site\/?s={search_term_string}\",\"query-input\":\"required name=search_term_string\"}],\"inLanguage\":\"pt-BR\"},{\"@type\":\"WebPage\",\"@id\":\"https:\/\/abrelivros.org.br\/site\/bibliotecas-escolares-terao-livros-para-toda-a-educacao-basica\/#webpage\",\"url\":\"https:\/\/abrelivros.org.br\/site\/bibliotecas-escolares-terao-livros-para-toda-a-educacao-basica\/\",\"name\":\"Bibliotecas escolares ter\\u00e3o livros para toda a educa\\u00e7\\u00e3o b\\u00e1sica &raquo; Abrelivros\",\"isPartOf\":{\"@id\":\"https:\/\/abrelivros.org.br\/site\/#website\"},\"datePublished\":\"2009-03-27T17:37:00+00:00\",\"dateModified\":\"2009-03-27T17:37:00+00:00\",\"author\":{\"@id\":\"https:\/\/abrelivros.org.br\/site\/#\/schema\/person\/2b867f13a717bb230f1a3555505f5593\"},\"breadcrumb\":{\"@id\":\"https:\/\/abrelivros.org.br\/site\/bibliotecas-escolares-terao-livros-para-toda-a-educacao-basica\/#breadcrumb\"},\"inLanguage\":\"pt-BR\",\"potentialAction\":[{\"@type\":\"ReadAction\",\"target\":[\"https:\/\/abrelivros.org.br\/site\/bibliotecas-escolares-terao-livros-para-toda-a-educacao-basica\/\"]}]},{\"@type\":\"BreadcrumbList\",\"@id\":\"https:\/\/abrelivros.org.br\/site\/bibliotecas-escolares-terao-livros-para-toda-a-educacao-basica\/#breadcrumb\",\"itemListElement\":[{\"@type\":\"ListItem\",\"position\":1,\"item\":{\"@type\":\"WebPage\",\"@id\":\"https:\/\/abrelivros.org.br\/site\/\",\"url\":\"https:\/\/abrelivros.org.br\/site\/\",\"name\":\"In\\u00edcio\"}},{\"@type\":\"ListItem\",\"position\":2,\"item\":{\"@type\":\"WebPage\",\"@id\":\"https:\/\/abrelivros.org.br\/site\/category\/noticias\/\",\"url\":\"https:\/\/abrelivros.org.br\/site\/category\/noticias\/\",\"name\":\"Not\\u00edcias\"}},{\"@type\":\"ListItem\",\"position\":3,\"item\":{\"@type\":\"WebPage\",\"@id\":\"https:\/\/abrelivros.org.br\/site\/category\/noticias\/noticias-da-imprensa\/\",\"url\":\"https:\/\/abrelivros.org.br\/site\/category\/noticias\/noticias-da-imprensa\/\",\"name\":\"Not\\u00edcias da imprensa\"}},{\"@type\":\"ListItem\",\"position\":4,\"item\":{\"@type\":\"WebPage\",\"@id\":\"https:\/\/abrelivros.org.br\/site\/bibliotecas-escolares-terao-livros-para-toda-a-educacao-basica\/\",\"url\":\"https:\/\/abrelivros.org.br\/site\/bibliotecas-escolares-terao-livros-para-toda-a-educacao-basica\/\",\"name\":\"Bibliotecas escolares ter\\u00e3o livros para toda a educa\\u00e7\\u00e3o b\\u00e1sica\"}}]},{\"@type\":\"Person\",\"@id\":\"https:\/\/abrelivros.org.br\/site\/#\/schema\/person\/2b867f13a717bb230f1a3555505f5593\",\"name\":\"\\u00a0\",\"image\":{\"@type\":\"ImageObject\",\"@id\":\"https:\/\/abrelivros.org.br\/site\/#personlogo\",\"inLanguage\":\"pt-BR\",\"url\":\"https:\/\/secure.gravatar.com\/avatar\/e80b7f5231be2fff5040a8023da424898002831c5439420df182ae62676d2a6f?s=96&d=mm&r=g\",\"caption\":\"\\u00a0\"}}]}<\/script>\n<!-- \/ Yoast SEO plugin. -->","_links":{"self":[{"href":"https:\/\/abrelivros.org.br\/site\/wp-json\/wp\/v2\/posts\/2621","targetHints":{"allow":["GET"]}}],"collection":[{"href":"https:\/\/abrelivros.org.br\/site\/wp-json\/wp\/v2\/posts"}],"about":[{"href":"https:\/\/abrelivros.org.br\/site\/wp-json\/wp\/v2\/types\/post"}],"author":[{"embeddable":true,"href":"https:\/\/abrelivros.org.br\/site\/wp-json\/wp\/v2\/users\/1"}],"replies":[{"embeddable":true,"href":"https:\/\/abrelivros.org.br\/site\/wp-json\/wp\/v2\/comments?post=2621"}],"version-history":[{"count":0,"href":"https:\/\/abrelivros.org.br\/site\/wp-json\/wp\/v2\/posts\/2621\/revisions"}],"wp:attachment":[{"href":"https:\/\/abrelivros.org.br\/site\/wp-json\/wp\/v2\/media?parent=2621"}],"wp:term":[{"taxonomy":"category","embeddable":true,"href":"https:\/\/abrelivros.org.br\/site\/wp-json\/wp\/v2\/categories?post=2621"},{"taxonomy":"post_tag","embeddable":true,"href":"https:\/\/abrelivros.org.br\/site\/wp-json\/wp\/v2\/tags?post=2621"}],"curies":[{"name":"wp","href":"https:\/\/api.w.org\/{rel}","templated":true}]}}