{"id":2620,"date":"2009-03-27T14:39:00","date_gmt":"2009-03-27T17:39:00","guid":{"rendered":"https:\/\/abrelivros.org.br\/site\/2009\/03\/27\/ex-ministro-paulo-renato-assume-secretaria-de-educacao-de-sao-paulo\/"},"modified":"2009-03-27T14:39:00","modified_gmt":"2009-03-27T17:39:00","slug":"ex-ministro-paulo-renato-assume-secretaria-de-educacao-de-sao-paulo","status":"publish","type":"post","link":"https:\/\/abrelivros.org.br\/site\/ex-ministro-paulo-renato-assume-secretaria-de-educacao-de-sao-paulo\/","title":{"rendered":"Ex-ministro Paulo Renato assume Secretaria de Educa\u00e7\u00e3o de S\u00e3o Paulo"},"content":{"rendered":"<p>O ex-ministro Paulo Renato de Souza vai assumir no dia 15 de abril a secretaria de Educa\u00e7\u00e3o de S\u00e3o Paulo. Deputado federal pelo PSDB de S\u00e3o Paulo, ele ir\u00e1 substituir Maria Helena Guimar\u00e3es. \u00a0<br \/> \u00a0<br \/> Na vers\u00e3o que o Pal\u00e1cio dos Bandeirantes vai divulgar ainda nesta sexta-feira, a secret\u00e1ria deixou o cargo a pedido. A divulga\u00e7\u00e3o ser\u00e1 feita pelo governador Jos\u00e9 Serra (PSDB). \u00a0<br \/> \u00a0<br \/> Na tarde de quinta-feira (26), Guimar\u00e3es esteve, ao lado do governador, durante a inaugura\u00e7\u00e3o do espa\u00e7o Catavento, no centro de S\u00e3o Paulo. \u00a0<br \/> \u00a0<br \/> Neste m\u00eas, a secretaria foi duramente criticada por professores da rede estadual por causa de erros em 500 mil livros did\u00e1ticos distribu\u00eddos pela pasta. \u00a0<br \/> \u00a0<br \/> Um livro did\u00e1tico de geografia, usado por alunos da 6\u00aa s\u00e9rie do ensino fundamental nas escolas p\u00fablicas, mostra o Paraguai duas vezes em um mapa da Am\u00e9rica do Sul e exclui o Equador. O problema aparece tanto nos livros destinados aos estudantes quanto nas publica\u00e7\u00f5es destinadas aos professores. \u00a0<br \/> \u00a0<br \/> No dia 19, a secretaria informou que determinou \u00e0 Funda\u00e7\u00e3o Vanzolini a troca das publica\u00e7\u00f5es com erros. De acordo com a secretaria, a institui\u00e7\u00e3o arcar\u00e1 com todos os custos da troca, incluindo a impress\u00e3o e a distribui\u00e7\u00e3o. \u00a0<br \/> \u00a0<br \/><B> Seguran\u00e7a \u00a0<br \/> \u00a0<br \/><\/B> Esta foi a segunda troca de secret\u00e1rios do governo paulista em apenas um m\u00eas. No \u00faltimo dia 17, Ronaldo Marzag\u00e3o, ent\u00e3o secret\u00e1rio da Seguran\u00e7a P\u00fablica, pediu demiss\u00e3o do cargo. \u00a0<br \/> \u00a0<br \/> Apesar de ter alegado \u201cmotivos estritamente pessoais\u201c, o desgaste provocado por esc\u00e2ndalos de corrup\u00e7\u00e3o envolvendo policiais civis e militares, al\u00e9m da greve da Pol\u00edcia Civil de S\u00e3o Paulo no ano passado, contribu\u00edram para sua sa\u00edda. \u00a0<br \/> \u00a0<br \/> Em seu lugar, Serra nomeou seu ent\u00e3o secret\u00e1rio da Administra\u00e7\u00e3o Penitenci\u00e1ria, Antonio Ferreira Pinto, para a pasta. \u00a0<br \/> \u00a0<br \/> Desde que assumiu, Ferreira Pinto substituiu o comando das pol\u00edcias Civil e Militar. No lugar de Maur\u00edcio Lemos Freire, delegado-geral da Pol\u00edcia Civil na gest\u00e3o Marzag\u00e3o, o secret\u00e1rio nomeou o ex-diretor do DHPP (Departamento de Homic\u00eddios e Prote\u00e7\u00e3o \u00e0 Pessoa) Domingos Paulo Neto. \u00a0<br \/> \u00a0<br \/> Ferreira Pinto tamb\u00e9m anunciou o novo nome do comandante da PM (Pol\u00edcia Militar) de S\u00e3o Paulo: o coronel \u00c1lvaro Camilo. O oficial, que atualmente comanda o policiamento ostensivo no centro de S\u00e3o Paulo, assumir\u00e1 o cargo em 15 de abril, quando substituir\u00e1 o atual comandante, coronel Roberto Antonio Diniz. \u00a0<br \/> \u00a0<br \/> \u00a0<br \/> \u00a0<br \/><B> Secret\u00e1ria da educa\u00e7\u00e3o de SP vai assessorar Paulo Renato de Souza<br \/><\/B> Folha Online<br \/> \u00a0<br \/> O governo de S\u00e3o Paulo anunciou nesta sexta-feira que a secret\u00e1ria estadual da Educa\u00e7\u00e3o, Maria Helena Guimar\u00e3es, ir\u00e1 assessorar o novo dirigente da pasta, Paulo Renato de Souza. Em nota, o Pal\u00e1cio dos Bandeirantes afirma que a decis\u00e3o de deixar o cargo foi tomada por Guimar\u00e3es e foi motivada por motivos \u201cestritamente pessoais\u201c. \u00a0<br \/> \u00a0<br \/> A mudan\u00e7a na pasta foi adiantada pela colunista M\u00f4nica Bergamo, da Folha. \u00a0<br \/> \u00a0<br \/> Deputado federal pelo PSDB de S\u00e3o Paulo, Paulo Renato, que foi ministro da educa\u00e7\u00e3o durante o governo Fernando Henrique Cardoso, ir\u00e1 ocupar o cargo no dia 15 de abril. Ainda de acordo com o comunicado, a atual equipe da secretaria ser\u00e1 mantida na nova gest\u00e3o. \u00a0<br \/> \u00a0<br \/> O governador Jos\u00e9 Serra elogiou a atua\u00e7\u00e3o de Guimar\u00e3es. \u201cSua gest\u00e3o, voltada \u00e0 valoriza\u00e7\u00e3o do professor e \u00e0 melhora do aprendizado na sala de aula, ter\u00e1 pleno seguimento com o novo secret\u00e1rio\u201c, afirmou. \u00a0<br \/> \u00a0<\/p>\n<p><\/p>\n","protected":false},"excerpt":{"rendered":"<p>O ex-ministro Paulo Renato de Souza vai assumir no dia 15 de abril a secretaria de Educa\u00e7\u00e3o de S\u00e3o Paulo. Deputado federal pelo PSDB de S\u00e3o Paulo, ele ir\u00e1 substituir Maria Helena Guimar\u00e3es. \u00a0 \u00a0 Na vers\u00e3o que o Pal\u00e1cio dos Bandeirantes vai divulgar ainda nesta sexta-feira, a secret\u00e1ria deixou o cargo a pedido. A [&hellip;]<\/p>\n","protected":false},"author":1,"featured_media":0,"comment_status":"closed","ping_status":"closed","sticky":false,"template":"","format":"standard","meta":{"footnotes":"","_links_to":"","_links_to_target":""},"categories":[9],"tags":[],"class_list":["post-2620","post","type-post","status-publish","format-standard","hentry","category-noticias-da-imprensa"],"yoast_head":"<!-- This site is optimized with the Yoast SEO plugin v15.1 - https:\/\/yoast.com\/wordpress\/plugins\/seo\/ -->\n<title>Ex-ministro Paulo Renato assume Secretaria de Educa\u00e7\u00e3o de S\u00e3o Paulo &raquo; Abrelivros<\/title>\n<meta name=\"robots\" content=\"index, follow, max-snippet:-1, max-image-preview:large, max-video-preview:-1\" \/>\n<link rel=\"canonical\" href=\"https:\/\/abrelivros.org.br\/site\/ex-ministro-paulo-renato-assume-secretaria-de-educacao-de-sao-paulo\/\" \/>\n<meta property=\"og:locale\" content=\"pt_BR\" \/>\n<meta property=\"og:type\" content=\"article\" \/>\n<meta property=\"og:title\" content=\"Ex-ministro Paulo Renato assume Secretaria de Educa\u00e7\u00e3o de S\u00e3o Paulo &raquo; Abrelivros\" \/>\n<meta property=\"og:description\" content=\"O ex-ministro Paulo Renato de Souza vai assumir no dia 15 de abril a secretaria de Educa\u00e7\u00e3o de S\u00e3o Paulo. Deputado federal pelo PSDB de S\u00e3o Paulo, ele ir\u00e1 substituir Maria Helena Guimar\u00e3es. \u00a0 \u00a0 Na vers\u00e3o que o Pal\u00e1cio dos Bandeirantes vai divulgar ainda nesta sexta-feira, a secret\u00e1ria deixou o cargo a pedido. A [&hellip;]\" \/>\n<meta property=\"og:url\" content=\"https:\/\/abrelivros.org.br\/site\/ex-ministro-paulo-renato-assume-secretaria-de-educacao-de-sao-paulo\/\" \/>\n<meta property=\"og:site_name\" content=\"Abrelivros\" \/>\n<meta property=\"article:published_time\" content=\"2009-03-27T17:39:00+00:00\" \/>\n<meta name=\"twitter:card\" content=\"summary_large_image\" \/>\n<script type=\"application\/ld+json\" class=\"yoast-schema-graph\">{\"@context\":\"https:\/\/schema.org\",\"@graph\":[{\"@type\":\"WebSite\",\"@id\":\"https:\/\/abrelivros.org.br\/site\/#website\",\"url\":\"https:\/\/abrelivros.org.br\/site\/\",\"name\":\"Abrelivros\",\"description\":\"\",\"potentialAction\":[{\"@type\":\"SearchAction\",\"target\":\"https:\/\/abrelivros.org.br\/site\/?s={search_term_string}\",\"query-input\":\"required name=search_term_string\"}],\"inLanguage\":\"pt-BR\"},{\"@type\":\"WebPage\",\"@id\":\"https:\/\/abrelivros.org.br\/site\/ex-ministro-paulo-renato-assume-secretaria-de-educacao-de-sao-paulo\/#webpage\",\"url\":\"https:\/\/abrelivros.org.br\/site\/ex-ministro-paulo-renato-assume-secretaria-de-educacao-de-sao-paulo\/\",\"name\":\"Ex-ministro Paulo Renato assume Secretaria de Educa\\u00e7\\u00e3o de S\\u00e3o Paulo &raquo; Abrelivros\",\"isPartOf\":{\"@id\":\"https:\/\/abrelivros.org.br\/site\/#website\"},\"datePublished\":\"2009-03-27T17:39:00+00:00\",\"dateModified\":\"2009-03-27T17:39:00+00:00\",\"author\":{\"@id\":\"https:\/\/abrelivros.org.br\/site\/#\/schema\/person\/2b867f13a717bb230f1a3555505f5593\"},\"breadcrumb\":{\"@id\":\"https:\/\/abrelivros.org.br\/site\/ex-ministro-paulo-renato-assume-secretaria-de-educacao-de-sao-paulo\/#breadcrumb\"},\"inLanguage\":\"pt-BR\",\"potentialAction\":[{\"@type\":\"ReadAction\",\"target\":[\"https:\/\/abrelivros.org.br\/site\/ex-ministro-paulo-renato-assume-secretaria-de-educacao-de-sao-paulo\/\"]}]},{\"@type\":\"BreadcrumbList\",\"@id\":\"https:\/\/abrelivros.org.br\/site\/ex-ministro-paulo-renato-assume-secretaria-de-educacao-de-sao-paulo\/#breadcrumb\",\"itemListElement\":[{\"@type\":\"ListItem\",\"position\":1,\"item\":{\"@type\":\"WebPage\",\"@id\":\"https:\/\/abrelivros.org.br\/site\/\",\"url\":\"https:\/\/abrelivros.org.br\/site\/\",\"name\":\"In\\u00edcio\"}},{\"@type\":\"ListItem\",\"position\":2,\"item\":{\"@type\":\"WebPage\",\"@id\":\"https:\/\/abrelivros.org.br\/site\/category\/noticias\/\",\"url\":\"https:\/\/abrelivros.org.br\/site\/category\/noticias\/\",\"name\":\"Not\\u00edcias\"}},{\"@type\":\"ListItem\",\"position\":3,\"item\":{\"@type\":\"WebPage\",\"@id\":\"https:\/\/abrelivros.org.br\/site\/category\/noticias\/noticias-da-imprensa\/\",\"url\":\"https:\/\/abrelivros.org.br\/site\/category\/noticias\/noticias-da-imprensa\/\",\"name\":\"Not\\u00edcias da imprensa\"}},{\"@type\":\"ListItem\",\"position\":4,\"item\":{\"@type\":\"WebPage\",\"@id\":\"https:\/\/abrelivros.org.br\/site\/ex-ministro-paulo-renato-assume-secretaria-de-educacao-de-sao-paulo\/\",\"url\":\"https:\/\/abrelivros.org.br\/site\/ex-ministro-paulo-renato-assume-secretaria-de-educacao-de-sao-paulo\/\",\"name\":\"Ex-ministro Paulo Renato assume Secretaria de Educa\\u00e7\\u00e3o de S\\u00e3o Paulo\"}}]},{\"@type\":\"Person\",\"@id\":\"https:\/\/abrelivros.org.br\/site\/#\/schema\/person\/2b867f13a717bb230f1a3555505f5593\",\"name\":\"\\u00a0\",\"image\":{\"@type\":\"ImageObject\",\"@id\":\"https:\/\/abrelivros.org.br\/site\/#personlogo\",\"inLanguage\":\"pt-BR\",\"url\":\"https:\/\/secure.gravatar.com\/avatar\/e80b7f5231be2fff5040a8023da424898002831c5439420df182ae62676d2a6f?s=96&d=mm&r=g\",\"caption\":\"\\u00a0\"}}]}<\/script>\n<!-- \/ Yoast SEO plugin. -->","_links":{"self":[{"href":"https:\/\/abrelivros.org.br\/site\/wp-json\/wp\/v2\/posts\/2620","targetHints":{"allow":["GET"]}}],"collection":[{"href":"https:\/\/abrelivros.org.br\/site\/wp-json\/wp\/v2\/posts"}],"about":[{"href":"https:\/\/abrelivros.org.br\/site\/wp-json\/wp\/v2\/types\/post"}],"author":[{"embeddable":true,"href":"https:\/\/abrelivros.org.br\/site\/wp-json\/wp\/v2\/users\/1"}],"replies":[{"embeddable":true,"href":"https:\/\/abrelivros.org.br\/site\/wp-json\/wp\/v2\/comments?post=2620"}],"version-history":[{"count":0,"href":"https:\/\/abrelivros.org.br\/site\/wp-json\/wp\/v2\/posts\/2620\/revisions"}],"wp:attachment":[{"href":"https:\/\/abrelivros.org.br\/site\/wp-json\/wp\/v2\/media?parent=2620"}],"wp:term":[{"taxonomy":"category","embeddable":true,"href":"https:\/\/abrelivros.org.br\/site\/wp-json\/wp\/v2\/categories?post=2620"},{"taxonomy":"post_tag","embeddable":true,"href":"https:\/\/abrelivros.org.br\/site\/wp-json\/wp\/v2\/tags?post=2620"}],"curies":[{"name":"wp","href":"https:\/\/api.w.org\/{rel}","templated":true}]}}