{"id":2617,"date":"2009-04-03T15:01:00","date_gmt":"2009-04-03T18:01:00","guid":{"rendered":"https:\/\/abrelivros.org.br\/site\/2009\/04\/03\/livreiro-e-editores-divergem-sobre-preco-unico-do-livro\/"},"modified":"2009-04-03T15:01:00","modified_gmt":"2009-04-03T18:01:00","slug":"livreiro-e-editores-divergem-sobre-preco-unico-do-livro","status":"publish","type":"post","link":"https:\/\/abrelivros.org.br\/site\/livreiro-e-editores-divergem-sobre-preco-unico-do-livro\/","title":{"rendered":"Livreiro e Editores divergem sobre pre\u00e7o \u00fanico do livro"},"content":{"rendered":"<p>Representantes de editoras, autores, livreiros e parlamentares discutiram no dia 2, Dia Mundial do livro Infantil, em audi\u00eancia p\u00fablica na C\u00e2mara dos Deputados a proposta da Lei do Pre\u00e7o \u00danico para regulamentar a venda de livros no pa\u00eds. A Associa\u00e7\u00e3o Nacional de Livrarias prop\u00f5e que os livros sejam vendidos por um pre\u00e7o \u00fanico sugerido pelo editor, a exemplo do que ocorre com os jornais e as revistas, vendidos pelo mesmo pre\u00e7o em todo o territ\u00f3rio nacional.\u00a0<\/p>\n<p> Os livreiros argumentam que os pre\u00e7os praticados no Brasil inviabilizam o acesso da popula\u00e7\u00e3o leitura. Segundo a presidente da Associa\u00e7\u00e3o Estadual de Livrarias do Rio de Janeiro, Milena Duchiade, poucas s\u00e3o as lojas que sobrevivem nas ruas das cidades. Atualmente, as livrarias se concentram nos grandes shoppings, onde os custos s\u00e3o mais elevados, o que tamb\u00e9m encarece o livro. &#8211; Livro vende pouco porque \u00e9 caro e \u00e9 caro porque vende pouco. Enfim, \u00e9 um ciclo vicioso, considerou Milena. Os empres\u00e1rios acreditam que a aprova\u00e7\u00e3o da lei vai incentivar o surgimento de pequenas novas livrarias.<\/p>\n<p> No entanto, os editores n\u00e3o concordam com os argumentos. Segundo o presidente do Sindicato  Nacional dos Editores de Livros, Mauro Koogan Lorch, a unifica\u00e7\u00e3o de pre\u00e7os acabar\u00e1 com a possibilidade de que as livrarias fa\u00e7am promo\u00e7\u00f5es, como as oferecidas na internet. N\u00e3o \u00e9 por falta de livrarias que o brasileiro n\u00e3o l\u00ea, mas por falta de dinheiro para ler livros, disse.\u00a0<\/p>\n<p> Os participantes da audi\u00eancia p\u00fablica n\u00e3o chegaram a um consenso sobre o tema. Estamos longe de decidir alguma coisa. Ainda temos que discutir muito sobre isso, afirmou o presidente da Frente Parlamentar Mista da Leitura, deputado Marcelo Almeida (PMDB-PR).<\/p>\n<p> A lei prop\u00f5e que o pre\u00e7o \u00fanico seja praticado em todos os canais de venda no varejo como livrarias, supermercados, vendas por cat\u00e1logo ou internet. A medida valeria apenas para lan\u00e7amentos e reedi\u00e7\u00f5es durante um per\u00edodo de 24 meses ap\u00f3s a data de publica\u00e7\u00e3o. Depois desse per\u00edodo, a negocia\u00e7\u00e3o de pre\u00e7os seria livre.<\/p>\n<p><\/p>\n","protected":false},"excerpt":{"rendered":"<p>Representantes de editoras, autores, livreiros e parlamentares discutiram no dia 2, Dia Mundial do livro Infantil, em audi\u00eancia p\u00fablica na C\u00e2mara dos Deputados a proposta da Lei do Pre\u00e7o \u00danico para regulamentar a venda de livros no pa\u00eds. A Associa\u00e7\u00e3o Nacional de Livrarias prop\u00f5e que os livros sejam vendidos por um pre\u00e7o \u00fanico sugerido pelo [&hellip;]<\/p>\n","protected":false},"author":1,"featured_media":0,"comment_status":"closed","ping_status":"closed","sticky":false,"template":"","format":"standard","meta":{"footnotes":"","_links_to":"","_links_to_target":""},"categories":[9],"tags":[],"class_list":["post-2617","post","type-post","status-publish","format-standard","hentry","category-noticias-da-imprensa"],"yoast_head":"<!-- This site is optimized with the Yoast SEO plugin v15.1 - https:\/\/yoast.com\/wordpress\/plugins\/seo\/ -->\n<title>Livreiro e Editores divergem sobre pre\u00e7o \u00fanico do livro &raquo; Abrelivros<\/title>\n<meta name=\"robots\" content=\"index, follow, max-snippet:-1, max-image-preview:large, max-video-preview:-1\" \/>\n<link rel=\"canonical\" href=\"https:\/\/abrelivros.org.br\/site\/livreiro-e-editores-divergem-sobre-preco-unico-do-livro\/\" \/>\n<meta property=\"og:locale\" content=\"pt_BR\" \/>\n<meta property=\"og:type\" content=\"article\" \/>\n<meta property=\"og:title\" content=\"Livreiro e Editores divergem sobre pre\u00e7o \u00fanico do livro &raquo; Abrelivros\" \/>\n<meta property=\"og:description\" content=\"Representantes de editoras, autores, livreiros e parlamentares discutiram no dia 2, Dia Mundial do livro Infantil, em audi\u00eancia p\u00fablica na C\u00e2mara dos Deputados a proposta da Lei do Pre\u00e7o \u00danico para regulamentar a venda de livros no pa\u00eds. A Associa\u00e7\u00e3o Nacional de Livrarias prop\u00f5e que os livros sejam vendidos por um pre\u00e7o \u00fanico sugerido pelo [&hellip;]\" \/>\n<meta property=\"og:url\" content=\"https:\/\/abrelivros.org.br\/site\/livreiro-e-editores-divergem-sobre-preco-unico-do-livro\/\" \/>\n<meta property=\"og:site_name\" content=\"Abrelivros\" \/>\n<meta property=\"article:published_time\" content=\"2009-04-03T18:01:00+00:00\" \/>\n<meta name=\"twitter:card\" content=\"summary_large_image\" \/>\n<script type=\"application\/ld+json\" class=\"yoast-schema-graph\">{\"@context\":\"https:\/\/schema.org\",\"@graph\":[{\"@type\":\"WebSite\",\"@id\":\"https:\/\/abrelivros.org.br\/site\/#website\",\"url\":\"https:\/\/abrelivros.org.br\/site\/\",\"name\":\"Abrelivros\",\"description\":\"\",\"potentialAction\":[{\"@type\":\"SearchAction\",\"target\":\"https:\/\/abrelivros.org.br\/site\/?s={search_term_string}\",\"query-input\":\"required name=search_term_string\"}],\"inLanguage\":\"pt-BR\"},{\"@type\":\"WebPage\",\"@id\":\"https:\/\/abrelivros.org.br\/site\/livreiro-e-editores-divergem-sobre-preco-unico-do-livro\/#webpage\",\"url\":\"https:\/\/abrelivros.org.br\/site\/livreiro-e-editores-divergem-sobre-preco-unico-do-livro\/\",\"name\":\"Livreiro e Editores divergem sobre pre\\u00e7o \\u00fanico do livro &raquo; Abrelivros\",\"isPartOf\":{\"@id\":\"https:\/\/abrelivros.org.br\/site\/#website\"},\"datePublished\":\"2009-04-03T18:01:00+00:00\",\"dateModified\":\"2009-04-03T18:01:00+00:00\",\"author\":{\"@id\":\"https:\/\/abrelivros.org.br\/site\/#\/schema\/person\/2b867f13a717bb230f1a3555505f5593\"},\"breadcrumb\":{\"@id\":\"https:\/\/abrelivros.org.br\/site\/livreiro-e-editores-divergem-sobre-preco-unico-do-livro\/#breadcrumb\"},\"inLanguage\":\"pt-BR\",\"potentialAction\":[{\"@type\":\"ReadAction\",\"target\":[\"https:\/\/abrelivros.org.br\/site\/livreiro-e-editores-divergem-sobre-preco-unico-do-livro\/\"]}]},{\"@type\":\"BreadcrumbList\",\"@id\":\"https:\/\/abrelivros.org.br\/site\/livreiro-e-editores-divergem-sobre-preco-unico-do-livro\/#breadcrumb\",\"itemListElement\":[{\"@type\":\"ListItem\",\"position\":1,\"item\":{\"@type\":\"WebPage\",\"@id\":\"https:\/\/abrelivros.org.br\/site\/\",\"url\":\"https:\/\/abrelivros.org.br\/site\/\",\"name\":\"In\\u00edcio\"}},{\"@type\":\"ListItem\",\"position\":2,\"item\":{\"@type\":\"WebPage\",\"@id\":\"https:\/\/abrelivros.org.br\/site\/category\/noticias\/\",\"url\":\"https:\/\/abrelivros.org.br\/site\/category\/noticias\/\",\"name\":\"Not\\u00edcias\"}},{\"@type\":\"ListItem\",\"position\":3,\"item\":{\"@type\":\"WebPage\",\"@id\":\"https:\/\/abrelivros.org.br\/site\/category\/noticias\/noticias-da-imprensa\/\",\"url\":\"https:\/\/abrelivros.org.br\/site\/category\/noticias\/noticias-da-imprensa\/\",\"name\":\"Not\\u00edcias da imprensa\"}},{\"@type\":\"ListItem\",\"position\":4,\"item\":{\"@type\":\"WebPage\",\"@id\":\"https:\/\/abrelivros.org.br\/site\/livreiro-e-editores-divergem-sobre-preco-unico-do-livro\/\",\"url\":\"https:\/\/abrelivros.org.br\/site\/livreiro-e-editores-divergem-sobre-preco-unico-do-livro\/\",\"name\":\"Livreiro e Editores divergem sobre pre\\u00e7o \\u00fanico do livro\"}}]},{\"@type\":\"Person\",\"@id\":\"https:\/\/abrelivros.org.br\/site\/#\/schema\/person\/2b867f13a717bb230f1a3555505f5593\",\"name\":\"\\u00a0\",\"image\":{\"@type\":\"ImageObject\",\"@id\":\"https:\/\/abrelivros.org.br\/site\/#personlogo\",\"inLanguage\":\"pt-BR\",\"url\":\"https:\/\/secure.gravatar.com\/avatar\/e80b7f5231be2fff5040a8023da424898002831c5439420df182ae62676d2a6f?s=96&d=mm&r=g\",\"caption\":\"\\u00a0\"}}]}<\/script>\n<!-- \/ Yoast SEO plugin. -->","_links":{"self":[{"href":"https:\/\/abrelivros.org.br\/site\/wp-json\/wp\/v2\/posts\/2617","targetHints":{"allow":["GET"]}}],"collection":[{"href":"https:\/\/abrelivros.org.br\/site\/wp-json\/wp\/v2\/posts"}],"about":[{"href":"https:\/\/abrelivros.org.br\/site\/wp-json\/wp\/v2\/types\/post"}],"author":[{"embeddable":true,"href":"https:\/\/abrelivros.org.br\/site\/wp-json\/wp\/v2\/users\/1"}],"replies":[{"embeddable":true,"href":"https:\/\/abrelivros.org.br\/site\/wp-json\/wp\/v2\/comments?post=2617"}],"version-history":[{"count":0,"href":"https:\/\/abrelivros.org.br\/site\/wp-json\/wp\/v2\/posts\/2617\/revisions"}],"wp:attachment":[{"href":"https:\/\/abrelivros.org.br\/site\/wp-json\/wp\/v2\/media?parent=2617"}],"wp:term":[{"taxonomy":"category","embeddable":true,"href":"https:\/\/abrelivros.org.br\/site\/wp-json\/wp\/v2\/categories?post=2617"},{"taxonomy":"post_tag","embeddable":true,"href":"https:\/\/abrelivros.org.br\/site\/wp-json\/wp\/v2\/tags?post=2617"}],"curies":[{"name":"wp","href":"https:\/\/api.w.org\/{rel}","templated":true}]}}