{"id":2614,"date":"2009-04-06T13:37:00","date_gmt":"2009-04-06T16:37:00","guid":{"rendered":"https:\/\/abrelivros.org.br\/site\/2009\/04\/06\/alunos-de-1o-e-2o-ano-do-ensino-fundamental-terao-novos-livros\/"},"modified":"2009-04-06T13:37:00","modified_gmt":"2009-04-06T16:37:00","slug":"alunos-de-1o-e-2o-ano-do-ensino-fundamental-terao-novos-livros","status":"publish","type":"post","link":"https:\/\/abrelivros.org.br\/site\/alunos-de-1o-e-2o-ano-do-ensino-fundamental-terao-novos-livros\/","title":{"rendered":"Alunos de 1\u00ba e 2\u00ba ano do ensino fundamental ter\u00e3o novos livros"},"content":{"rendered":"<p>Novos livros paradid\u00e1ticos para o 1\u00ba e o 2\u00ba anos do ensino fundamental ser\u00e3o usados nas salas de aula das escolas p\u00fablicas no ano que vem. Na quinta-feira, dia 2, foi divulgada a rela\u00e7\u00e3o das obras complementares escolhidas para o Programa Nacional do Livro Did\u00e1tico (PNLD) de 2010. &nbsp;<br \/> &nbsp;<br \/> Foram selecionadas 150 obras, que podem fazer parte de at\u00e9 cinco acervos diferentes, de acordo com o n\u00famero de alunos de cada escola. Os livros, de natureza mais liter\u00e1ria, s\u00e3o complementares aos did\u00e1ticos e abordam as diversas \u00e1reas do conhecimento \u2014 l\u00edngua portuguesa, matem\u00e1tica, ci\u00eancias naturais, hist\u00f3ria, geografia e artes. &nbsp;<br \/> &nbsp;<br \/> As 1.077 obras inscritas foram avaliadas em duas etapas. Na primeira, especialistas em linguagem e educa\u00e7\u00e3o fizeram a an\u00e1lise de cada t\u00edtulo. Em seguida, especialistas de cada \u00e1rea aferiram a adequa\u00e7\u00e3o conceitual e terminol\u00f3gica quanto aos conte\u00fados espec\u00edficos. &nbsp;<br \/> &nbsp;<br \/> De acordo com o diretor de pol\u00edticas de forma\u00e7\u00e3o, materiais did\u00e1ticos e tecnologias da Secretaria de Educa\u00e7\u00e3o B\u00e1sica (SEB), Marcelo Soares, a escolha de novos livros paradid\u00e1ticos para os dois primeiros anos dessa etapa de ensino \u00e9 mais um esfor\u00e7o para implementar adequadamente o ensino fundamental de nove anos. \u201c\u00c9 imprescind\u00edvel ter programas e a\u00e7\u00f5es que incentivem a leitura desde os anos iniciais\u201d, explica. &nbsp;<br \/> &nbsp;<br \/> A rela\u00e7\u00e3o das obras complementares consta da Portaria do Minist\u00e9rio da Educa\u00e7\u00e3o n\u00ba 312, do dia 1\u00ba de abril, publicada no Di\u00e1rio Oficial da Uni\u00e3o na quinta-feira, dia 2.   &nbsp;<br \/> &nbsp;<br \/> &nbsp;<br \/> &nbsp;<\/p>\n","protected":false},"excerpt":{"rendered":"<p>Novos livros paradid\u00e1ticos para o 1\u00ba e o 2\u00ba anos do ensino fundamental ser\u00e3o usados nas salas de aula das escolas p\u00fablicas no ano que vem. Na quinta-feira, dia 2, foi divulgada a rela\u00e7\u00e3o das obras complementares escolhidas para o Programa Nacional do Livro Did\u00e1tico (PNLD) de 2010. &nbsp; &nbsp; Foram selecionadas 150 obras, que [&hellip;]<\/p>\n","protected":false},"author":1,"featured_media":0,"comment_status":"closed","ping_status":"closed","sticky":false,"template":"","format":"standard","meta":{"footnotes":"","_links_to":"","_links_to_target":""},"categories":[9],"tags":[],"class_list":["post-2614","post","type-post","status-publish","format-standard","hentry","category-noticias-da-imprensa"],"yoast_head":"<!-- This site is optimized with the Yoast SEO plugin v15.1 - https:\/\/yoast.com\/wordpress\/plugins\/seo\/ -->\n<title>Alunos de 1\u00ba e 2\u00ba ano do ensino fundamental ter\u00e3o novos livros &raquo; Abrelivros<\/title>\n<meta name=\"robots\" content=\"index, follow, max-snippet:-1, max-image-preview:large, max-video-preview:-1\" \/>\n<link rel=\"canonical\" href=\"https:\/\/abrelivros.org.br\/site\/alunos-de-1o-e-2o-ano-do-ensino-fundamental-terao-novos-livros\/\" \/>\n<meta property=\"og:locale\" content=\"pt_BR\" \/>\n<meta property=\"og:type\" content=\"article\" \/>\n<meta property=\"og:title\" content=\"Alunos de 1\u00ba e 2\u00ba ano do ensino fundamental ter\u00e3o novos livros &raquo; Abrelivros\" \/>\n<meta property=\"og:description\" content=\"Novos livros paradid\u00e1ticos para o 1\u00ba e o 2\u00ba anos do ensino fundamental ser\u00e3o usados nas salas de aula das escolas p\u00fablicas no ano que vem. Na quinta-feira, dia 2, foi divulgada a rela\u00e7\u00e3o das obras complementares escolhidas para o Programa Nacional do Livro Did\u00e1tico (PNLD) de 2010. &nbsp; &nbsp; Foram selecionadas 150 obras, que [&hellip;]\" \/>\n<meta property=\"og:url\" content=\"https:\/\/abrelivros.org.br\/site\/alunos-de-1o-e-2o-ano-do-ensino-fundamental-terao-novos-livros\/\" \/>\n<meta property=\"og:site_name\" content=\"Abrelivros\" \/>\n<meta property=\"article:published_time\" content=\"2009-04-06T16:37:00+00:00\" \/>\n<meta name=\"twitter:card\" content=\"summary_large_image\" \/>\n<script type=\"application\/ld+json\" class=\"yoast-schema-graph\">{\"@context\":\"https:\/\/schema.org\",\"@graph\":[{\"@type\":\"WebSite\",\"@id\":\"https:\/\/abrelivros.org.br\/site\/#website\",\"url\":\"https:\/\/abrelivros.org.br\/site\/\",\"name\":\"Abrelivros\",\"description\":\"\",\"potentialAction\":[{\"@type\":\"SearchAction\",\"target\":\"https:\/\/abrelivros.org.br\/site\/?s={search_term_string}\",\"query-input\":\"required name=search_term_string\"}],\"inLanguage\":\"pt-BR\"},{\"@type\":\"WebPage\",\"@id\":\"https:\/\/abrelivros.org.br\/site\/alunos-de-1o-e-2o-ano-do-ensino-fundamental-terao-novos-livros\/#webpage\",\"url\":\"https:\/\/abrelivros.org.br\/site\/alunos-de-1o-e-2o-ano-do-ensino-fundamental-terao-novos-livros\/\",\"name\":\"Alunos de 1\\u00ba e 2\\u00ba ano do ensino fundamental ter\\u00e3o novos livros &raquo; Abrelivros\",\"isPartOf\":{\"@id\":\"https:\/\/abrelivros.org.br\/site\/#website\"},\"datePublished\":\"2009-04-06T16:37:00+00:00\",\"dateModified\":\"2009-04-06T16:37:00+00:00\",\"author\":{\"@id\":\"https:\/\/abrelivros.org.br\/site\/#\/schema\/person\/2b867f13a717bb230f1a3555505f5593\"},\"breadcrumb\":{\"@id\":\"https:\/\/abrelivros.org.br\/site\/alunos-de-1o-e-2o-ano-do-ensino-fundamental-terao-novos-livros\/#breadcrumb\"},\"inLanguage\":\"pt-BR\",\"potentialAction\":[{\"@type\":\"ReadAction\",\"target\":[\"https:\/\/abrelivros.org.br\/site\/alunos-de-1o-e-2o-ano-do-ensino-fundamental-terao-novos-livros\/\"]}]},{\"@type\":\"BreadcrumbList\",\"@id\":\"https:\/\/abrelivros.org.br\/site\/alunos-de-1o-e-2o-ano-do-ensino-fundamental-terao-novos-livros\/#breadcrumb\",\"itemListElement\":[{\"@type\":\"ListItem\",\"position\":1,\"item\":{\"@type\":\"WebPage\",\"@id\":\"https:\/\/abrelivros.org.br\/site\/\",\"url\":\"https:\/\/abrelivros.org.br\/site\/\",\"name\":\"In\\u00edcio\"}},{\"@type\":\"ListItem\",\"position\":2,\"item\":{\"@type\":\"WebPage\",\"@id\":\"https:\/\/abrelivros.org.br\/site\/category\/noticias\/\",\"url\":\"https:\/\/abrelivros.org.br\/site\/category\/noticias\/\",\"name\":\"Not\\u00edcias\"}},{\"@type\":\"ListItem\",\"position\":3,\"item\":{\"@type\":\"WebPage\",\"@id\":\"https:\/\/abrelivros.org.br\/site\/category\/noticias\/noticias-da-imprensa\/\",\"url\":\"https:\/\/abrelivros.org.br\/site\/category\/noticias\/noticias-da-imprensa\/\",\"name\":\"Not\\u00edcias da imprensa\"}},{\"@type\":\"ListItem\",\"position\":4,\"item\":{\"@type\":\"WebPage\",\"@id\":\"https:\/\/abrelivros.org.br\/site\/alunos-de-1o-e-2o-ano-do-ensino-fundamental-terao-novos-livros\/\",\"url\":\"https:\/\/abrelivros.org.br\/site\/alunos-de-1o-e-2o-ano-do-ensino-fundamental-terao-novos-livros\/\",\"name\":\"Alunos de 1\\u00ba e 2\\u00ba ano do ensino fundamental ter\\u00e3o novos livros\"}}]},{\"@type\":\"Person\",\"@id\":\"https:\/\/abrelivros.org.br\/site\/#\/schema\/person\/2b867f13a717bb230f1a3555505f5593\",\"name\":\"\\u00a0\",\"image\":{\"@type\":\"ImageObject\",\"@id\":\"https:\/\/abrelivros.org.br\/site\/#personlogo\",\"inLanguage\":\"pt-BR\",\"url\":\"https:\/\/secure.gravatar.com\/avatar\/e80b7f5231be2fff5040a8023da424898002831c5439420df182ae62676d2a6f?s=96&d=mm&r=g\",\"caption\":\"\\u00a0\"}}]}<\/script>\n<!-- \/ Yoast SEO plugin. -->","_links":{"self":[{"href":"https:\/\/abrelivros.org.br\/site\/wp-json\/wp\/v2\/posts\/2614","targetHints":{"allow":["GET"]}}],"collection":[{"href":"https:\/\/abrelivros.org.br\/site\/wp-json\/wp\/v2\/posts"}],"about":[{"href":"https:\/\/abrelivros.org.br\/site\/wp-json\/wp\/v2\/types\/post"}],"author":[{"embeddable":true,"href":"https:\/\/abrelivros.org.br\/site\/wp-json\/wp\/v2\/users\/1"}],"replies":[{"embeddable":true,"href":"https:\/\/abrelivros.org.br\/site\/wp-json\/wp\/v2\/comments?post=2614"}],"version-history":[{"count":0,"href":"https:\/\/abrelivros.org.br\/site\/wp-json\/wp\/v2\/posts\/2614\/revisions"}],"wp:attachment":[{"href":"https:\/\/abrelivros.org.br\/site\/wp-json\/wp\/v2\/media?parent=2614"}],"wp:term":[{"taxonomy":"category","embeddable":true,"href":"https:\/\/abrelivros.org.br\/site\/wp-json\/wp\/v2\/categories?post=2614"},{"taxonomy":"post_tag","embeddable":true,"href":"https:\/\/abrelivros.org.br\/site\/wp-json\/wp\/v2\/tags?post=2614"}],"curies":[{"name":"wp","href":"https:\/\/api.w.org\/{rel}","templated":true}]}}