{"id":2613,"date":"2009-04-07T09:34:00","date_gmt":"2009-04-07T12:34:00","guid":{"rendered":"https:\/\/abrelivros.org.br\/site\/2009\/04\/07\/parlamentares-e-profissionais-da-area-do-livro-reunem-se-em-audiencia-publica-para-debater-o-assunto\/"},"modified":"2009-04-07T09:34:00","modified_gmt":"2009-04-07T12:34:00","slug":"parlamentares-e-profissionais-da-area-do-livro-reunem-se-em-audiencia-publica-para-debater-o-assunto","status":"publish","type":"post","link":"https:\/\/abrelivros.org.br\/site\/parlamentares-e-profissionais-da-area-do-livro-reunem-se-em-audiencia-publica-para-debater-o-assunto\/","title":{"rendered":"Parlamentares e profissionais da \u00e1rea do livro re\u00fanem-se em audi\u00eancia p\u00fablica para debater o assunto"},"content":{"rendered":"<p>A proposta de ado\u00e7\u00e3o da Lei do Pre\u00e7o \u00danico para a venda de livros no Brasil foi discutida nesta quinta-feira, dia 2 de abril, em Bras\u00edlia, durante audi\u00eancia p\u00fablica na C\u00e2mara dos Deputados. A id\u00e9ia de que os livros sejam vendidos por um pre\u00e7o fixo \u00e9 da Associa\u00e7\u00e3o Nacional de Livrarias (ANL) e conta com o apoio de algumas entidades. A proposta divide opini\u00f5es. O Sindicato Nacional de Editores de Livros (SNEL) e outras organiza\u00e7\u00f5es, por exemplo, s\u00e3o contr\u00e1rios \u00e0 ado\u00e7\u00e3o do pre\u00e7o \u00fanico. Para tentar chegar a um consenso, a Frente Parlamentar Mista da Leitura sugeriu a realiza\u00e7\u00e3o da audi\u00eancia.\u00a0<br \/> \u00a0<br \/> O secret\u00e1rio-executivo do Plano Nacional do Livro e Leitura (PNLL), Jos\u00e9 Castilho, esteve presente na reuni\u00e3o. Segundo ele, a postura do PNLL, vinculado aos Minist\u00e9rios da Cultura (MinC) e da Educa\u00e7\u00e3o (MEC), continua sendo a de incentivar o debate desse tema em todo o territ\u00f3rio nacional, visto que ainda n\u00e3o existe uma posi\u00e7\u00e3o fechada do Plano quanto ao assunto: \u201cPrecisamos procurar um consenso. O PNLL est\u00e1 atento com rela\u00e7\u00e3o ao que essa lei poder\u00e1 beneficiar ou vir ao encontro da democratiza\u00e7\u00e3o do acesso ao livro e \u00e0 leitura no Brasil, que \u00e9 um dos grandes objetivos do nosso Plano\u201d, disse Castilho.\u00a0<br \/> \u00a0<br \/> \u00a0<br \/> Estender a discuss\u00e3o\u00a0<br \/> \u00a0<br \/> \u201cA audi\u00eancia foi um sucesso, atraiu a aten\u00e7\u00e3o de editores, livreiros, autores, parlamentares e outros profissionais que atuam no setor\u201d, ressaltou o deputado Marcelo Almeida, presidente da Frente Parlamentar Mista da Leitura. \u201cDurante tr\u00eas horas debatemos junto com os representantes da cadeia produtiva do livro o tema do projeto de lei\u201d, assinalou.\u00a0<br \/> \u00a0<br \/> De acordo com o deputado, essa discuss\u00e3o ainda vai se prolongar, e, na sua opini\u00e3o, isso \u00e9 necess\u00e1rio, pois o assunto \u00e9 de grande relev\u00e2ncia para todos, al\u00e9m de pol\u00eamico, o que causa uma s\u00e9rie de  diverg\u00eancias de opini\u00f5es. \u201cO pre\u00e7o \u00fanico \u00e9 o pre\u00e7o m\u00ednimo, por isso gera pontos de vista diferentes entre editoras e consumidores\u201d, ressaltou.\u00a0<br \/> \u00a0<br \/> A lei j\u00e1 vigora em muitos pa\u00edses europeus, como a Fran\u00e7a, Espanha e Portugal, e tamb\u00e9m na Am\u00e9rica Latina (M\u00e9xico, Equador e Argentina).  Segundo Marcelo Almeida, caso venha a ser aprovada no nosso pa\u00eds, ser\u00e1 necess\u00e1rio uma adequa\u00e7\u00e3o, visto que \u201cn\u00e3o d\u00e1 para comparar os pa\u00edses que adotaram a fixa\u00e7\u00e3o \u00fanica dos pre\u00e7os do livro com o Brasil, tendo em vista uma s\u00e9rie de caracter\u00edsticas, como, por exemplo, a pr\u00f3pria dimens\u00e3o territorial\u201d, observou.\u00a0<br \/> \u00a0<br \/> A mesa de debates contou com o deputado Marcelo Almeida, o presidente da Associa\u00e7\u00e3o Nacional de Livrarias (ANL), Vitor Tavares; a presidente da Associa\u00e7\u00e3o Estadual de Livrarias do Rio de Janeiro (AEL), Milena Duchiade; o vice-presidente do Sindicato Nacional de Editores de Livros (SNEL), Mauro Koogan Lorch; e o economista F\u00e1bio de S\u00e1 Earp.  Participaram da audi\u00eancia p\u00fablica outros importantes nomes da \u00e1rea do livro, como o diretor-presidente da Associa\u00e7\u00e3o Brasileira de Editores de Livros (Abrelivros), Jorge Yunes; a presidente da C\u00e2mara Brasileira do Livro (CBL), Rosely Boschini, e muitos outros.\u00a0<br \/> \u00a0<br \/> A mesa de debates contou com o deputado Marcelo Almeida, o presidente da Associa\u00e7\u00e3o Nacional de Livrarias (ANL), Vitor Tavares; a presidente da Associa\u00e7\u00e3o Estadual de Livrarias do Rio de Janeiro (AEL), Milena Duchiade; o vice-presidente do Sindicato Nacional de Editores de Livros (SNEL), Mauro Koogan Lorch; e o economista F\u00e1bio de S\u00e1 Earp.  Participaram da audi\u00eancia p\u00fablica outros importantes nomes da \u00e1rea do livro, como o diretor-presidente da Associa\u00e7\u00e3o Brasileira de Editores de Livros (Abrelivros), Jorge Yunes; a presidente da C\u00e2mara Brasileira do Livro (CBL), Rosely Boschini, e muitos outros.\u00a0<br \/> \u00a0<br \/> \u00a0<\/p>\n","protected":false},"excerpt":{"rendered":"<p>A proposta de ado\u00e7\u00e3o da Lei do Pre\u00e7o \u00danico para a venda de livros no Brasil foi discutida nesta quinta-feira, dia 2 de abril, em Bras\u00edlia, durante audi\u00eancia p\u00fablica na C\u00e2mara dos Deputados. A id\u00e9ia de que os livros sejam vendidos por um pre\u00e7o fixo \u00e9 da Associa\u00e7\u00e3o Nacional de Livrarias (ANL) e conta com [&hellip;]<\/p>\n","protected":false},"author":1,"featured_media":0,"comment_status":"closed","ping_status":"closed","sticky":false,"template":"","format":"standard","meta":{"footnotes":"","_links_to":"","_links_to_target":""},"categories":[9],"tags":[],"class_list":["post-2613","post","type-post","status-publish","format-standard","hentry","category-noticias-da-imprensa"],"yoast_head":"<!-- This site is optimized with the Yoast SEO plugin v15.1 - https:\/\/yoast.com\/wordpress\/plugins\/seo\/ -->\n<title>Parlamentares e profissionais da \u00e1rea do livro re\u00fanem-se em audi\u00eancia p\u00fablica para debater o assunto &raquo; Abrelivros<\/title>\n<meta name=\"robots\" content=\"index, follow, max-snippet:-1, max-image-preview:large, max-video-preview:-1\" \/>\n<link rel=\"canonical\" href=\"https:\/\/abrelivros.org.br\/site\/parlamentares-e-profissionais-da-area-do-livro-reunem-se-em-audiencia-publica-para-debater-o-assunto\/\" \/>\n<meta property=\"og:locale\" content=\"pt_BR\" \/>\n<meta property=\"og:type\" content=\"article\" \/>\n<meta property=\"og:title\" content=\"Parlamentares e profissionais da \u00e1rea do livro re\u00fanem-se em audi\u00eancia p\u00fablica para debater o assunto &raquo; Abrelivros\" \/>\n<meta property=\"og:description\" content=\"A proposta de ado\u00e7\u00e3o da Lei do Pre\u00e7o \u00danico para a venda de livros no Brasil foi discutida nesta quinta-feira, dia 2 de abril, em Bras\u00edlia, durante audi\u00eancia p\u00fablica na C\u00e2mara dos Deputados. A id\u00e9ia de que os livros sejam vendidos por um pre\u00e7o fixo \u00e9 da Associa\u00e7\u00e3o Nacional de Livrarias (ANL) e conta com [&hellip;]\" \/>\n<meta property=\"og:url\" content=\"https:\/\/abrelivros.org.br\/site\/parlamentares-e-profissionais-da-area-do-livro-reunem-se-em-audiencia-publica-para-debater-o-assunto\/\" \/>\n<meta property=\"og:site_name\" content=\"Abrelivros\" \/>\n<meta property=\"article:published_time\" content=\"2009-04-07T12:34:00+00:00\" \/>\n<meta name=\"twitter:card\" content=\"summary_large_image\" \/>\n<script type=\"application\/ld+json\" class=\"yoast-schema-graph\">{\"@context\":\"https:\/\/schema.org\",\"@graph\":[{\"@type\":\"WebSite\",\"@id\":\"https:\/\/abrelivros.org.br\/site\/#website\",\"url\":\"https:\/\/abrelivros.org.br\/site\/\",\"name\":\"Abrelivros\",\"description\":\"\",\"potentialAction\":[{\"@type\":\"SearchAction\",\"target\":\"https:\/\/abrelivros.org.br\/site\/?s={search_term_string}\",\"query-input\":\"required name=search_term_string\"}],\"inLanguage\":\"pt-BR\"},{\"@type\":\"WebPage\",\"@id\":\"https:\/\/abrelivros.org.br\/site\/parlamentares-e-profissionais-da-area-do-livro-reunem-se-em-audiencia-publica-para-debater-o-assunto\/#webpage\",\"url\":\"https:\/\/abrelivros.org.br\/site\/parlamentares-e-profissionais-da-area-do-livro-reunem-se-em-audiencia-publica-para-debater-o-assunto\/\",\"name\":\"Parlamentares e profissionais da \\u00e1rea do livro re\\u00fanem-se em audi\\u00eancia p\\u00fablica para debater o assunto &raquo; Abrelivros\",\"isPartOf\":{\"@id\":\"https:\/\/abrelivros.org.br\/site\/#website\"},\"datePublished\":\"2009-04-07T12:34:00+00:00\",\"dateModified\":\"2009-04-07T12:34:00+00:00\",\"author\":{\"@id\":\"https:\/\/abrelivros.org.br\/site\/#\/schema\/person\/2b867f13a717bb230f1a3555505f5593\"},\"breadcrumb\":{\"@id\":\"https:\/\/abrelivros.org.br\/site\/parlamentares-e-profissionais-da-area-do-livro-reunem-se-em-audiencia-publica-para-debater-o-assunto\/#breadcrumb\"},\"inLanguage\":\"pt-BR\",\"potentialAction\":[{\"@type\":\"ReadAction\",\"target\":[\"https:\/\/abrelivros.org.br\/site\/parlamentares-e-profissionais-da-area-do-livro-reunem-se-em-audiencia-publica-para-debater-o-assunto\/\"]}]},{\"@type\":\"BreadcrumbList\",\"@id\":\"https:\/\/abrelivros.org.br\/site\/parlamentares-e-profissionais-da-area-do-livro-reunem-se-em-audiencia-publica-para-debater-o-assunto\/#breadcrumb\",\"itemListElement\":[{\"@type\":\"ListItem\",\"position\":1,\"item\":{\"@type\":\"WebPage\",\"@id\":\"https:\/\/abrelivros.org.br\/site\/\",\"url\":\"https:\/\/abrelivros.org.br\/site\/\",\"name\":\"In\\u00edcio\"}},{\"@type\":\"ListItem\",\"position\":2,\"item\":{\"@type\":\"WebPage\",\"@id\":\"https:\/\/abrelivros.org.br\/site\/category\/noticias\/\",\"url\":\"https:\/\/abrelivros.org.br\/site\/category\/noticias\/\",\"name\":\"Not\\u00edcias\"}},{\"@type\":\"ListItem\",\"position\":3,\"item\":{\"@type\":\"WebPage\",\"@id\":\"https:\/\/abrelivros.org.br\/site\/category\/noticias\/noticias-da-imprensa\/\",\"url\":\"https:\/\/abrelivros.org.br\/site\/category\/noticias\/noticias-da-imprensa\/\",\"name\":\"Not\\u00edcias da imprensa\"}},{\"@type\":\"ListItem\",\"position\":4,\"item\":{\"@type\":\"WebPage\",\"@id\":\"https:\/\/abrelivros.org.br\/site\/parlamentares-e-profissionais-da-area-do-livro-reunem-se-em-audiencia-publica-para-debater-o-assunto\/\",\"url\":\"https:\/\/abrelivros.org.br\/site\/parlamentares-e-profissionais-da-area-do-livro-reunem-se-em-audiencia-publica-para-debater-o-assunto\/\",\"name\":\"Parlamentares e profissionais da \\u00e1rea do livro re\\u00fanem-se em audi\\u00eancia p\\u00fablica para debater o assunto\"}}]},{\"@type\":\"Person\",\"@id\":\"https:\/\/abrelivros.org.br\/site\/#\/schema\/person\/2b867f13a717bb230f1a3555505f5593\",\"name\":\"\\u00a0\",\"image\":{\"@type\":\"ImageObject\",\"@id\":\"https:\/\/abrelivros.org.br\/site\/#personlogo\",\"inLanguage\":\"pt-BR\",\"url\":\"https:\/\/secure.gravatar.com\/avatar\/e80b7f5231be2fff5040a8023da424898002831c5439420df182ae62676d2a6f?s=96&d=mm&r=g\",\"caption\":\"\\u00a0\"}}]}<\/script>\n<!-- \/ Yoast SEO plugin. -->","_links":{"self":[{"href":"https:\/\/abrelivros.org.br\/site\/wp-json\/wp\/v2\/posts\/2613","targetHints":{"allow":["GET"]}}],"collection":[{"href":"https:\/\/abrelivros.org.br\/site\/wp-json\/wp\/v2\/posts"}],"about":[{"href":"https:\/\/abrelivros.org.br\/site\/wp-json\/wp\/v2\/types\/post"}],"author":[{"embeddable":true,"href":"https:\/\/abrelivros.org.br\/site\/wp-json\/wp\/v2\/users\/1"}],"replies":[{"embeddable":true,"href":"https:\/\/abrelivros.org.br\/site\/wp-json\/wp\/v2\/comments?post=2613"}],"version-history":[{"count":0,"href":"https:\/\/abrelivros.org.br\/site\/wp-json\/wp\/v2\/posts\/2613\/revisions"}],"wp:attachment":[{"href":"https:\/\/abrelivros.org.br\/site\/wp-json\/wp\/v2\/media?parent=2613"}],"wp:term":[{"taxonomy":"category","embeddable":true,"href":"https:\/\/abrelivros.org.br\/site\/wp-json\/wp\/v2\/categories?post=2613"},{"taxonomy":"post_tag","embeddable":true,"href":"https:\/\/abrelivros.org.br\/site\/wp-json\/wp\/v2\/tags?post=2613"}],"curies":[{"name":"wp","href":"https:\/\/api.w.org\/{rel}","templated":true}]}}