{"id":2612,"date":"2009-04-07T10:48:00","date_gmt":"2009-04-07T13:48:00","guid":{"rendered":"https:\/\/abrelivros.org.br\/site\/2009\/04\/07\/livros-didaticos-e-alimentos-puxam-expansao-no-parana\/"},"modified":"2009-04-07T10:48:00","modified_gmt":"2009-04-07T13:48:00","slug":"livros-didaticos-e-alimentos-puxam-expansao-no-parana","status":"publish","type":"post","link":"https:\/\/abrelivros.org.br\/site\/livros-didaticos-e-alimentos-puxam-expansao-no-parana\/","title":{"rendered":"Livros did\u00e1ticos e alimentos puxam expans\u00e3o no Paran\u00e1"},"content":{"rendered":"<p>A produ\u00e7\u00e3o da ind\u00fastria paranaense cresceu 1,5% no m\u00eas de fevereiro, em compara\u00e7\u00e3o a fevereiro de 2008. O Paran\u00e1 foi o \u00fanico Estado com desempenho positivo entre as unidades da Federa\u00e7\u00e3o pesquisadas pelo Instituto Brasileiro de Geografia e Estat\u00edstica (IBGE). \u00a0<br \/> \u00a0<br \/> A produ\u00e7\u00e3o do Estado avan\u00e7ou 5,7% em fevereiro, ante a de janeiro, na s\u00e9rie com ajuste sazonal, ap\u00f3s acr\u00e9scimo de 8,2% em janeiro. A m\u00e9dia m\u00f3vel trimestral ficou em 0,4%, interrompendo dois trimestres de queda, como mostra a pesquisa divulgada ontem pelo IBGE.\u00a0<br \/> \u00a0<br \/> Segundo Julio Suzuki, coordenador do n\u00facleo de conjuntura do Instituto Paranaense de Desenvolvimento Econ\u00f4mico e Social (Ipardes), o crescimento pode ser atribu\u00eddo ao desempenho positivo de dois dos principais segmentos industriais: o de alimenta\u00e7\u00e3o e do setor de edi\u00e7\u00e3o e impress\u00e3o.\u00a0<br \/> \u00a0<br \/> Suzuki destacou que das 14 atividades pesquisadas seis tiveram taxas positivas &#8211; a contribui\u00e7\u00e3o mais importante foi a do setor de edi\u00e7\u00e3o e impress\u00e3o, com 184,5%. \u201cNos \u00faltimos 12 meses, essas empresas aumentaram sua produ\u00e7\u00e3o em 60%\u201c, explicou.\u00a0<br \/> \u00a0<br \/> Esse crescimento at\u00edpico foi explicado tamb\u00e9m pelo aumento de encomendas governamentais de livros ou impressos did\u00e1ticos para atender o in\u00edcio do ano letivo, aponta a pesquisa do IBGE. O coordenador do Livro P\u00fablico Did\u00e1tico da Secretaria de Estado da Educa\u00e7\u00e3o, Jairo Mar\u00e7al, disse que se depender do governo o setor de edi\u00e7\u00e3o e impress\u00e3o continuar\u00e1 contribuindo para o crescimento da produ\u00e7\u00e3o industrial do Estado. Segundo Mar\u00e7al, s\u00f3 no in\u00edcio do ano foram 1,1 milh\u00e3o de exemplares. Uma terceira edi\u00e7\u00e3o do Livro P\u00fablico Did\u00e1tico, acrescentou, est\u00e1 sendo conclu\u00edda. \u00a0<br \/> \u00a0<br \/> O presidente do Sindicato das Ind\u00fastrias Gr\u00e1ficas do Paran\u00e1 , Sidney Parciornik, disse que a ind\u00fastria gr\u00e1fica do Estado tem ficado com parte do mercado nacional do livro did\u00e1tico, j\u00e1 que l\u00e1 est\u00e3o concentradas grandes editoras que vendem praticamente para todo o Brasil. \u201cTivemos recentemente a reforma ortogr\u00e1fica, o que tamb\u00e9m ampliou a tiragem de dicion\u00e1rios atualizados. Foi um item que, com certeza, fez crescer a nossa produ\u00e7\u00e3o gr\u00e1fica.\u201c\u00a0<br \/> \u00a0<br \/> A ind\u00fastria de alimentos cresceu 7% em rela\u00e7\u00e3o a fevereiro do ano passado, com destaque para a fabrica\u00e7\u00e3o de carnes e miudezas de aves, tortas, baga\u00e7os e farelos da extra\u00e7\u00e3o do \u00f3leo de soja. \u201cO Estado \u00e9 o maior produtor nacional de aves. Temos aqui o agroneg\u00f3cio impulsionando o crescimento do setor\u201c, lembra Suzuki.\u00a0<\/p>\n","protected":false},"excerpt":{"rendered":"<p>A produ\u00e7\u00e3o da ind\u00fastria paranaense cresceu 1,5% no m\u00eas de fevereiro, em compara\u00e7\u00e3o a fevereiro de 2008. O Paran\u00e1 foi o \u00fanico Estado com desempenho positivo entre as unidades da Federa\u00e7\u00e3o pesquisadas pelo Instituto Brasileiro de Geografia e Estat\u00edstica (IBGE). \u00a0 \u00a0 A produ\u00e7\u00e3o do Estado avan\u00e7ou 5,7% em fevereiro, ante a de janeiro, na [&hellip;]<\/p>\n","protected":false},"author":1,"featured_media":0,"comment_status":"closed","ping_status":"closed","sticky":false,"template":"","format":"standard","meta":{"footnotes":"","_links_to":"","_links_to_target":""},"categories":[9],"tags":[],"class_list":["post-2612","post","type-post","status-publish","format-standard","hentry","category-noticias-da-imprensa"],"yoast_head":"<!-- This site is optimized with the Yoast SEO plugin v15.1 - https:\/\/yoast.com\/wordpress\/plugins\/seo\/ -->\n<title>Livros did\u00e1ticos e alimentos puxam expans\u00e3o no Paran\u00e1 &raquo; Abrelivros<\/title>\n<meta name=\"robots\" content=\"index, follow, max-snippet:-1, max-image-preview:large, max-video-preview:-1\" \/>\n<link rel=\"canonical\" href=\"https:\/\/abrelivros.org.br\/site\/livros-didaticos-e-alimentos-puxam-expansao-no-parana\/\" \/>\n<meta property=\"og:locale\" content=\"pt_BR\" \/>\n<meta property=\"og:type\" content=\"article\" \/>\n<meta property=\"og:title\" content=\"Livros did\u00e1ticos e alimentos puxam expans\u00e3o no Paran\u00e1 &raquo; Abrelivros\" \/>\n<meta property=\"og:description\" content=\"A produ\u00e7\u00e3o da ind\u00fastria paranaense cresceu 1,5% no m\u00eas de fevereiro, em compara\u00e7\u00e3o a fevereiro de 2008. O Paran\u00e1 foi o \u00fanico Estado com desempenho positivo entre as unidades da Federa\u00e7\u00e3o pesquisadas pelo Instituto Brasileiro de Geografia e Estat\u00edstica (IBGE). \u00a0 \u00a0 A produ\u00e7\u00e3o do Estado avan\u00e7ou 5,7% em fevereiro, ante a de janeiro, na [&hellip;]\" \/>\n<meta property=\"og:url\" content=\"https:\/\/abrelivros.org.br\/site\/livros-didaticos-e-alimentos-puxam-expansao-no-parana\/\" \/>\n<meta property=\"og:site_name\" content=\"Abrelivros\" \/>\n<meta property=\"article:published_time\" content=\"2009-04-07T13:48:00+00:00\" \/>\n<meta name=\"twitter:card\" content=\"summary_large_image\" \/>\n<script type=\"application\/ld+json\" class=\"yoast-schema-graph\">{\"@context\":\"https:\/\/schema.org\",\"@graph\":[{\"@type\":\"WebSite\",\"@id\":\"https:\/\/abrelivros.org.br\/site\/#website\",\"url\":\"https:\/\/abrelivros.org.br\/site\/\",\"name\":\"Abrelivros\",\"description\":\"\",\"potentialAction\":[{\"@type\":\"SearchAction\",\"target\":\"https:\/\/abrelivros.org.br\/site\/?s={search_term_string}\",\"query-input\":\"required name=search_term_string\"}],\"inLanguage\":\"pt-BR\"},{\"@type\":\"WebPage\",\"@id\":\"https:\/\/abrelivros.org.br\/site\/livros-didaticos-e-alimentos-puxam-expansao-no-parana\/#webpage\",\"url\":\"https:\/\/abrelivros.org.br\/site\/livros-didaticos-e-alimentos-puxam-expansao-no-parana\/\",\"name\":\"Livros did\\u00e1ticos e alimentos puxam expans\\u00e3o no Paran\\u00e1 &raquo; Abrelivros\",\"isPartOf\":{\"@id\":\"https:\/\/abrelivros.org.br\/site\/#website\"},\"datePublished\":\"2009-04-07T13:48:00+00:00\",\"dateModified\":\"2009-04-07T13:48:00+00:00\",\"author\":{\"@id\":\"https:\/\/abrelivros.org.br\/site\/#\/schema\/person\/2b867f13a717bb230f1a3555505f5593\"},\"breadcrumb\":{\"@id\":\"https:\/\/abrelivros.org.br\/site\/livros-didaticos-e-alimentos-puxam-expansao-no-parana\/#breadcrumb\"},\"inLanguage\":\"pt-BR\",\"potentialAction\":[{\"@type\":\"ReadAction\",\"target\":[\"https:\/\/abrelivros.org.br\/site\/livros-didaticos-e-alimentos-puxam-expansao-no-parana\/\"]}]},{\"@type\":\"BreadcrumbList\",\"@id\":\"https:\/\/abrelivros.org.br\/site\/livros-didaticos-e-alimentos-puxam-expansao-no-parana\/#breadcrumb\",\"itemListElement\":[{\"@type\":\"ListItem\",\"position\":1,\"item\":{\"@type\":\"WebPage\",\"@id\":\"https:\/\/abrelivros.org.br\/site\/\",\"url\":\"https:\/\/abrelivros.org.br\/site\/\",\"name\":\"In\\u00edcio\"}},{\"@type\":\"ListItem\",\"position\":2,\"item\":{\"@type\":\"WebPage\",\"@id\":\"https:\/\/abrelivros.org.br\/site\/category\/noticias\/\",\"url\":\"https:\/\/abrelivros.org.br\/site\/category\/noticias\/\",\"name\":\"Not\\u00edcias\"}},{\"@type\":\"ListItem\",\"position\":3,\"item\":{\"@type\":\"WebPage\",\"@id\":\"https:\/\/abrelivros.org.br\/site\/category\/noticias\/noticias-da-imprensa\/\",\"url\":\"https:\/\/abrelivros.org.br\/site\/category\/noticias\/noticias-da-imprensa\/\",\"name\":\"Not\\u00edcias da imprensa\"}},{\"@type\":\"ListItem\",\"position\":4,\"item\":{\"@type\":\"WebPage\",\"@id\":\"https:\/\/abrelivros.org.br\/site\/livros-didaticos-e-alimentos-puxam-expansao-no-parana\/\",\"url\":\"https:\/\/abrelivros.org.br\/site\/livros-didaticos-e-alimentos-puxam-expansao-no-parana\/\",\"name\":\"Livros did\\u00e1ticos e alimentos puxam expans\\u00e3o no Paran\\u00e1\"}}]},{\"@type\":\"Person\",\"@id\":\"https:\/\/abrelivros.org.br\/site\/#\/schema\/person\/2b867f13a717bb230f1a3555505f5593\",\"name\":\"\\u00a0\",\"image\":{\"@type\":\"ImageObject\",\"@id\":\"https:\/\/abrelivros.org.br\/site\/#personlogo\",\"inLanguage\":\"pt-BR\",\"url\":\"https:\/\/secure.gravatar.com\/avatar\/e80b7f5231be2fff5040a8023da424898002831c5439420df182ae62676d2a6f?s=96&d=mm&r=g\",\"caption\":\"\\u00a0\"}}]}<\/script>\n<!-- \/ Yoast SEO plugin. -->","_links":{"self":[{"href":"https:\/\/abrelivros.org.br\/site\/wp-json\/wp\/v2\/posts\/2612","targetHints":{"allow":["GET"]}}],"collection":[{"href":"https:\/\/abrelivros.org.br\/site\/wp-json\/wp\/v2\/posts"}],"about":[{"href":"https:\/\/abrelivros.org.br\/site\/wp-json\/wp\/v2\/types\/post"}],"author":[{"embeddable":true,"href":"https:\/\/abrelivros.org.br\/site\/wp-json\/wp\/v2\/users\/1"}],"replies":[{"embeddable":true,"href":"https:\/\/abrelivros.org.br\/site\/wp-json\/wp\/v2\/comments?post=2612"}],"version-history":[{"count":0,"href":"https:\/\/abrelivros.org.br\/site\/wp-json\/wp\/v2\/posts\/2612\/revisions"}],"wp:attachment":[{"href":"https:\/\/abrelivros.org.br\/site\/wp-json\/wp\/v2\/media?parent=2612"}],"wp:term":[{"taxonomy":"category","embeddable":true,"href":"https:\/\/abrelivros.org.br\/site\/wp-json\/wp\/v2\/categories?post=2612"},{"taxonomy":"post_tag","embeddable":true,"href":"https:\/\/abrelivros.org.br\/site\/wp-json\/wp\/v2\/tags?post=2612"}],"curies":[{"name":"wp","href":"https:\/\/api.w.org\/{rel}","templated":true}]}}