{"id":2611,"date":"2009-04-07T11:26:00","date_gmt":"2009-04-07T14:26:00","guid":{"rendered":"https:\/\/abrelivros.org.br\/site\/2009\/04\/07\/mudanca-no-enem-valera-a-partir-deste-ano-diz-mec\/"},"modified":"2009-04-07T11:26:00","modified_gmt":"2009-04-07T14:26:00","slug":"mudanca-no-enem-valera-a-partir-deste-ano-diz-mec","status":"publish","type":"post","link":"https:\/\/abrelivros.org.br\/site\/mudanca-no-enem-valera-a-partir-deste-ano-diz-mec\/","title":{"rendered":"Mudan\u00e7a no Enem valer\u00e1 a partir deste ano, diz MEC"},"content":{"rendered":"<p>O Minist\u00e9rio da Educa\u00e7\u00e3o anunciou nesta segunda-feira (6) que a mudan\u00e7a no Exame Nacional do Ensino M\u00e9dio (Enem) vai valer a partir deste ano. O Enem passar\u00e1 a ter 200 quest\u00f5es de m\u00faltipla escolha e uma prova de reda\u00e7\u00e3o. Atualmente, o Enem tem 63 quest\u00f5es e uma reda\u00e7\u00e3o.\u00a0<br \/> \u00a0<br \/> No novo formato, as quest\u00f5es seriam divididas em quatro grupos: linguagens (incluindo portugu\u00eas, ingl\u00eas e a reda\u00e7\u00e3o), matem\u00e1tica, ci\u00eancias humanas e ci\u00eancias da natureza.\u00a0<br \/> \u00a0<br \/> O minist\u00e9rio quer que o exame seja usado pelas universidades federais no lugar do vestibular tradicional. O aluno poderia se candidatar a cursos em at\u00e9 cinco universidades. Os reitores informaram que v\u00e3o decidir, at\u00e9 o fim deste m\u00eas, se aceitam as mudan\u00e7as.\u00a0<br \/> \u00a0<br \/> \u00a0<br \/> \u00a0<br \/><B> Vestibulando poder\u00e1 concorrer em 5 federais<br \/><\/B> Folha de S\u00e3o Paulo\u00a0<br \/> \u00a0<br \/> O novo vestibular unificado das universidades federais proposto pelo Minist\u00e9rio da Educa\u00e7\u00e3o (MEC) dever\u00e1 permitir que os candidatos escolham at\u00e9 cinco op\u00e7\u00f5es de curso que podem ser oferecidos por at\u00e9 cinco institui\u00e7\u00f5es.\u00a0<br \/> \u00a0<br \/> No ato da inscri\u00e7\u00e3o, o aluno teria que ordenar as suas prefer\u00eancias. Quem colocou um curso como primeira op\u00e7\u00e3o teria prioridade, mesmo que a sua nota tenha sido menor, sobre outro candidato que escolheu o mesmo curso como segunda op\u00e7\u00e3o e n\u00e3o foi selecionado para a sua primeira escolha.\u00a0<br \/> \u00a0<br \/> A prova de sele\u00e7\u00e3o seria um Enem (Exame Nacional do Ensino M\u00e9dio) modificado. O exame passaria a exigir mais conte\u00fado espec\u00edfico -como os vestibulares tradicionais-, mas priorizando mais a capacidade anal\u00edtica do que a \u201cdecoreba\u201c.\u00a0<br \/> \u00a0<br \/> Ficaria a crit\u00e9rio das institui\u00e7\u00f5es realizar uma segunda fase.\u00a0<br \/> \u00a0<br \/> O aluno elencaria as suas op\u00e7\u00f5es de curso ap\u00f3s j\u00e1 ter em m\u00e3os o resultado do exame. Isso permitiria ao estudante, at\u00e9 determinada data, mudar suas op\u00e7\u00f5es de acordo com a pontua\u00e7\u00e3o. Com isso, no segundo ano do novo vestibular, ele j\u00e1 poderia saber a pontua\u00e7\u00e3o m\u00ednima de quem entrou em determinado curso no ano anterior e ter uma ideia de suas chances de passar.\u00a0<br \/> \u00a0<br \/> Reitores que participaram ontem de uma reuni\u00e3o com o ministro Fernando Haddad (Educa\u00e7\u00e3o) manifestaram a preocupa\u00e7\u00e3o de que o novo sistema prejudique os alunos que moram em regi\u00f5es carentes. \u201cEu avalio a proposta com cautela\u201c, disse Jos\u00e9 Weber, da Universidade Federal do Vale do Rio S\u00e3o Francisco. Ele falou em \u201cmaior disparidade regional\u201c.\u00a0<br \/> \u00a0<br \/> Seu receio \u00e9 que, principalmente em cursos mais concorridos, como medicina, alunos de regi\u00f5es mais ricas, por terem as melhores notas, ocupem as vagas em detrimento dos estudantes do semi\u00e1rido e, ap\u00f3s formados, voltem \u00e0 terra natal.\u00a0<br \/> \u00a0<br \/> A concord\u00e2ncia das federais \u00e9 fundamental para que a proposta do MEC siga adiante. Ao menos 38 reitores j\u00e1 manifestaram \u00e0 pasta sua aprova\u00e7\u00e3o \u00e0 proposta, mas a decis\u00e3o \u00e9 dos conselhos das institui\u00e7\u00f5es.\u00a0<br \/> \u00a0<br \/> Para acelerar o processo, o MEC se comprometeu a enviar at\u00e9 amanh\u00e3 um documento com mais detalhes sobre a proposta, como as datas previstas para a realiza\u00e7\u00e3o das provas.\u00a0<br \/> \u00a0<br \/> N\u00e3o foi definido se o in\u00edcio do novo modelo acontecer\u00e1 neste ano. \u201cPara as universidades que forem adotar s\u00f3 o Enem [como vestibular], 2009 \u00e9 um prazo ex\u00edguo, mas poss\u00edvel. Se houver segunda fase, j\u00e1 fica mais dif\u00edcil fazer neste ano\u201c, disse o ministro. Por outro lado, afirmou, uma alternativa seria antecipar o Enem de outubro para setembro, para viabilizar a medida.\u00a0<br \/> \u00a0<br \/> O sistema tamb\u00e9m poderia ser combinado com a\u00e7\u00f5es afirmativas, como as cotas.\u00a0<br \/> \u00a0<br \/> Como, com o novo modelo, haveria mais mobilidade de universit\u00e1rios, Haddad prometeu aumentar os recursos destinados \u00e0 assist\u00eancia estudantil, usados para moradia e alimenta\u00e7\u00e3o, dos atuais R$ 200 milh\u00f5es para R$ 400 milh\u00f5es.\u00a0<br \/> \u00a0<br \/> Tamb\u00e9m ser\u00e1 criada uma comiss\u00e3o para organizar o vestibular com representantes do MEC, das universidades e dos governos estaduais, respons\u00e1veis pelo ensino m\u00e9dio.\u00a0<br \/> \u00a0<br \/> \u00a0<\/p>\n","protected":false},"excerpt":{"rendered":"<p>O Minist\u00e9rio da Educa\u00e7\u00e3o anunciou nesta segunda-feira (6) que a mudan\u00e7a no Exame Nacional do Ensino M\u00e9dio (Enem) vai valer a partir deste ano. O Enem passar\u00e1 a ter 200 quest\u00f5es de m\u00faltipla escolha e uma prova de reda\u00e7\u00e3o. Atualmente, o Enem tem 63 quest\u00f5es e uma reda\u00e7\u00e3o.\u00a0 \u00a0 No novo formato, as quest\u00f5es seriam [&hellip;]<\/p>\n","protected":false},"author":1,"featured_media":0,"comment_status":"closed","ping_status":"closed","sticky":false,"template":"","format":"standard","meta":{"footnotes":"","_links_to":"","_links_to_target":""},"categories":[9],"tags":[],"class_list":["post-2611","post","type-post","status-publish","format-standard","hentry","category-noticias-da-imprensa"],"yoast_head":"<!-- This site is optimized with the Yoast SEO plugin v15.1 - https:\/\/yoast.com\/wordpress\/plugins\/seo\/ -->\n<title>Mudan\u00e7a no Enem valer\u00e1 a partir deste ano, diz MEC &raquo; Abrelivros<\/title>\n<meta name=\"robots\" content=\"index, follow, max-snippet:-1, max-image-preview:large, max-video-preview:-1\" \/>\n<link rel=\"canonical\" href=\"https:\/\/abrelivros.org.br\/site\/mudanca-no-enem-valera-a-partir-deste-ano-diz-mec\/\" \/>\n<meta property=\"og:locale\" content=\"pt_BR\" \/>\n<meta property=\"og:type\" content=\"article\" \/>\n<meta property=\"og:title\" content=\"Mudan\u00e7a no Enem valer\u00e1 a partir deste ano, diz MEC &raquo; Abrelivros\" \/>\n<meta property=\"og:description\" content=\"O Minist\u00e9rio da Educa\u00e7\u00e3o anunciou nesta segunda-feira (6) que a mudan\u00e7a no Exame Nacional do Ensino M\u00e9dio (Enem) vai valer a partir deste ano. O Enem passar\u00e1 a ter 200 quest\u00f5es de m\u00faltipla escolha e uma prova de reda\u00e7\u00e3o. Atualmente, o Enem tem 63 quest\u00f5es e uma reda\u00e7\u00e3o.\u00a0 \u00a0 No novo formato, as quest\u00f5es seriam [&hellip;]\" \/>\n<meta property=\"og:url\" content=\"https:\/\/abrelivros.org.br\/site\/mudanca-no-enem-valera-a-partir-deste-ano-diz-mec\/\" \/>\n<meta property=\"og:site_name\" content=\"Abrelivros\" \/>\n<meta property=\"article:published_time\" content=\"2009-04-07T14:26:00+00:00\" \/>\n<meta name=\"twitter:card\" content=\"summary_large_image\" \/>\n<script type=\"application\/ld+json\" class=\"yoast-schema-graph\">{\"@context\":\"https:\/\/schema.org\",\"@graph\":[{\"@type\":\"WebSite\",\"@id\":\"https:\/\/abrelivros.org.br\/site\/#website\",\"url\":\"https:\/\/abrelivros.org.br\/site\/\",\"name\":\"Abrelivros\",\"description\":\"\",\"potentialAction\":[{\"@type\":\"SearchAction\",\"target\":\"https:\/\/abrelivros.org.br\/site\/?s={search_term_string}\",\"query-input\":\"required name=search_term_string\"}],\"inLanguage\":\"pt-BR\"},{\"@type\":\"WebPage\",\"@id\":\"https:\/\/abrelivros.org.br\/site\/mudanca-no-enem-valera-a-partir-deste-ano-diz-mec\/#webpage\",\"url\":\"https:\/\/abrelivros.org.br\/site\/mudanca-no-enem-valera-a-partir-deste-ano-diz-mec\/\",\"name\":\"Mudan\\u00e7a no Enem valer\\u00e1 a partir deste ano, diz MEC &raquo; Abrelivros\",\"isPartOf\":{\"@id\":\"https:\/\/abrelivros.org.br\/site\/#website\"},\"datePublished\":\"2009-04-07T14:26:00+00:00\",\"dateModified\":\"2009-04-07T14:26:00+00:00\",\"author\":{\"@id\":\"https:\/\/abrelivros.org.br\/site\/#\/schema\/person\/2b867f13a717bb230f1a3555505f5593\"},\"breadcrumb\":{\"@id\":\"https:\/\/abrelivros.org.br\/site\/mudanca-no-enem-valera-a-partir-deste-ano-diz-mec\/#breadcrumb\"},\"inLanguage\":\"pt-BR\",\"potentialAction\":[{\"@type\":\"ReadAction\",\"target\":[\"https:\/\/abrelivros.org.br\/site\/mudanca-no-enem-valera-a-partir-deste-ano-diz-mec\/\"]}]},{\"@type\":\"BreadcrumbList\",\"@id\":\"https:\/\/abrelivros.org.br\/site\/mudanca-no-enem-valera-a-partir-deste-ano-diz-mec\/#breadcrumb\",\"itemListElement\":[{\"@type\":\"ListItem\",\"position\":1,\"item\":{\"@type\":\"WebPage\",\"@id\":\"https:\/\/abrelivros.org.br\/site\/\",\"url\":\"https:\/\/abrelivros.org.br\/site\/\",\"name\":\"In\\u00edcio\"}},{\"@type\":\"ListItem\",\"position\":2,\"item\":{\"@type\":\"WebPage\",\"@id\":\"https:\/\/abrelivros.org.br\/site\/category\/noticias\/\",\"url\":\"https:\/\/abrelivros.org.br\/site\/category\/noticias\/\",\"name\":\"Not\\u00edcias\"}},{\"@type\":\"ListItem\",\"position\":3,\"item\":{\"@type\":\"WebPage\",\"@id\":\"https:\/\/abrelivros.org.br\/site\/category\/noticias\/noticias-da-imprensa\/\",\"url\":\"https:\/\/abrelivros.org.br\/site\/category\/noticias\/noticias-da-imprensa\/\",\"name\":\"Not\\u00edcias da imprensa\"}},{\"@type\":\"ListItem\",\"position\":4,\"item\":{\"@type\":\"WebPage\",\"@id\":\"https:\/\/abrelivros.org.br\/site\/mudanca-no-enem-valera-a-partir-deste-ano-diz-mec\/\",\"url\":\"https:\/\/abrelivros.org.br\/site\/mudanca-no-enem-valera-a-partir-deste-ano-diz-mec\/\",\"name\":\"Mudan\\u00e7a no Enem valer\\u00e1 a partir deste ano, diz MEC\"}}]},{\"@type\":\"Person\",\"@id\":\"https:\/\/abrelivros.org.br\/site\/#\/schema\/person\/2b867f13a717bb230f1a3555505f5593\",\"name\":\"\\u00a0\",\"image\":{\"@type\":\"ImageObject\",\"@id\":\"https:\/\/abrelivros.org.br\/site\/#personlogo\",\"inLanguage\":\"pt-BR\",\"url\":\"https:\/\/secure.gravatar.com\/avatar\/e80b7f5231be2fff5040a8023da424898002831c5439420df182ae62676d2a6f?s=96&d=mm&r=g\",\"caption\":\"\\u00a0\"}}]}<\/script>\n<!-- \/ Yoast SEO plugin. -->","_links":{"self":[{"href":"https:\/\/abrelivros.org.br\/site\/wp-json\/wp\/v2\/posts\/2611","targetHints":{"allow":["GET"]}}],"collection":[{"href":"https:\/\/abrelivros.org.br\/site\/wp-json\/wp\/v2\/posts"}],"about":[{"href":"https:\/\/abrelivros.org.br\/site\/wp-json\/wp\/v2\/types\/post"}],"author":[{"embeddable":true,"href":"https:\/\/abrelivros.org.br\/site\/wp-json\/wp\/v2\/users\/1"}],"replies":[{"embeddable":true,"href":"https:\/\/abrelivros.org.br\/site\/wp-json\/wp\/v2\/comments?post=2611"}],"version-history":[{"count":0,"href":"https:\/\/abrelivros.org.br\/site\/wp-json\/wp\/v2\/posts\/2611\/revisions"}],"wp:attachment":[{"href":"https:\/\/abrelivros.org.br\/site\/wp-json\/wp\/v2\/media?parent=2611"}],"wp:term":[{"taxonomy":"category","embeddable":true,"href":"https:\/\/abrelivros.org.br\/site\/wp-json\/wp\/v2\/categories?post=2611"},{"taxonomy":"post_tag","embeddable":true,"href":"https:\/\/abrelivros.org.br\/site\/wp-json\/wp\/v2\/tags?post=2611"}],"curies":[{"name":"wp","href":"https:\/\/api.w.org\/{rel}","templated":true}]}}