{"id":2610,"date":"2009-04-07T12:31:00","date_gmt":"2009-04-07T15:31:00","guid":{"rendered":"https:\/\/abrelivros.org.br\/site\/2009\/04\/07\/comeca-selecao-de-livros-de-alfabetizacao-de-jovens-e-adultos\/"},"modified":"2009-04-07T12:31:00","modified_gmt":"2009-04-07T15:31:00","slug":"comeca-selecao-de-livros-de-alfabetizacao-de-jovens-e-adultos","status":"publish","type":"post","link":"https:\/\/abrelivros.org.br\/site\/comeca-selecao-de-livros-de-alfabetizacao-de-jovens-e-adultos\/","title":{"rendered":"Come\u00e7a sele\u00e7\u00e3o de livros de alfabetiza\u00e7\u00e3o de jovens e adultos"},"content":{"rendered":"<p>O processo de inscri\u00e7\u00e3o para avalia\u00e7\u00e3o e sele\u00e7\u00e3o de livros did\u00e1ticos que ser\u00e3o usados na alfabetiza\u00e7\u00e3o de jovens e adultos em 2010 tem in\u00edcio nesta ter\u00e7a-feira, 7 de abril. As editoras interessadas em participar devem fazer a pr\u00e9-inscri\u00e7\u00e3o on line de suas obras junto ao Fundo Nacional de Desenvolvimento da Educa\u00e7\u00e3o (FNDE) at\u00e9 22 de maio. O <a href=\"ftp:\/\/ftp.fnde.gov.br\/web\/livro_didatico\/edital_pnla_2010.pdf\" target=\"_blank\" rel=\"noopener noreferrer\">edital<\/a> com as normas para a edi\u00e7\u00e3o 2010 do Programa Nacional do Livro Did\u00e1tico para a Alfabetiza\u00e7\u00e3o de Jovens e Adultos (PNLA) j\u00e1 est\u00e1 dispon\u00edvel no site do Fundo, <a href=\"http:\/\/www.fnde.gov.br\/home\/index.jsp\" target=\"_blank\" rel=\"noopener noreferrer\">www.fnde.gov.br<\/a>. \u00a0<br \/> \u00a0<br \/> O prazo para a entrega dos exemplares para avalia\u00e7\u00e3o vai de 8 a 10 de junho. Ap\u00f3s a avalia\u00e7\u00e3o, feita pela Secretaria de Educa\u00e7\u00e3o Continuada, Alfabetiza\u00e7\u00e3o e Diversidade (Secad) do Minist\u00e9rio da Educa\u00e7\u00e3o, ser\u00e1 disponibilizado um resumo dos livros selecionados \u00e0s entidades parceiras do programa Brasil Alfabetizado e \u00e0s redes p\u00fablicas que atendam turmas de alfabetiza\u00e7\u00e3o de jovens e adultos, as quais escolher\u00e3o os livros mais adequados aos seus processos pedag\u00f3gicos. As obras precisam estar adaptadas \u00e0s novas normas ortogr\u00e1ficas e devem contemplar, em um \u00fanico volume, as disciplinas de portugu\u00eas e matem\u00e1tica. \u00a0<br \/> \u00a0<br \/> \u201cA aquisi\u00e7\u00e3o centralizada de material did\u00e1tico pelo governo federal gerou um ganho de qualidade aos alunos do programa Brasil Alfabetizado\u201d, afirma Rafael Torino, diretor de a\u00e7\u00f5es educacionais do FNDE, respons\u00e1vel pelos programas do livro. \u201cCada edi\u00e7\u00e3o do Programa Nacional do Livro Did\u00e1tico para a Alfabetiza\u00e7\u00e3o de Jovens e Adultos tem vig\u00eancia bienal. Assim, os t\u00edtulos aprovados para 2010 ser\u00e3o novamente adquiridos para o ano letivo de 2011\u201d , completa. \u00a0<br \/> \u00a0<br \/> Em 2008, o FNDE comprou, pela primeira vez, t\u00edtulos voltados exclusivamente \u00e0 alfabetiza\u00e7\u00e3o de jovens e adultos, segmento que carecia de livros did\u00e1ticos espec\u00edficos. Na \u00e9poca, foi adquirido 1,7 milh\u00e3o de exemplares, ao pre\u00e7o m\u00e9dio de R$ 6,88 cada um. Para 2009, o FNDE est\u00e1 adquirindo uma nova impress\u00e3o dos t\u00edtulos escolhidos em 2008. \u00a0<br \/> \u00a0<br \/> \u00a0<\/p>\n","protected":false},"excerpt":{"rendered":"<p>O processo de inscri\u00e7\u00e3o para avalia\u00e7\u00e3o e sele\u00e7\u00e3o de livros did\u00e1ticos que ser\u00e3o usados na alfabetiza\u00e7\u00e3o de jovens e adultos em 2010 tem in\u00edcio nesta ter\u00e7a-feira, 7 de abril. As editoras interessadas em participar devem fazer a pr\u00e9-inscri\u00e7\u00e3o on line de suas obras junto ao Fundo Nacional de Desenvolvimento da Educa\u00e7\u00e3o (FNDE) at\u00e9 22 de [&hellip;]<\/p>\n","protected":false},"author":1,"featured_media":0,"comment_status":"closed","ping_status":"closed","sticky":false,"template":"","format":"standard","meta":{"footnotes":"","_links_to":"","_links_to_target":""},"categories":[9],"tags":[],"class_list":["post-2610","post","type-post","status-publish","format-standard","hentry","category-noticias-da-imprensa"],"yoast_head":"<!-- This site is optimized with the Yoast SEO plugin v15.1 - https:\/\/yoast.com\/wordpress\/plugins\/seo\/ -->\n<title>Come\u00e7a sele\u00e7\u00e3o de livros de alfabetiza\u00e7\u00e3o de jovens e adultos &raquo; Abrelivros<\/title>\n<meta name=\"robots\" content=\"index, follow, max-snippet:-1, max-image-preview:large, max-video-preview:-1\" \/>\n<link rel=\"canonical\" href=\"https:\/\/abrelivros.org.br\/site\/comeca-selecao-de-livros-de-alfabetizacao-de-jovens-e-adultos\/\" \/>\n<meta property=\"og:locale\" content=\"pt_BR\" \/>\n<meta property=\"og:type\" content=\"article\" \/>\n<meta property=\"og:title\" content=\"Come\u00e7a sele\u00e7\u00e3o de livros de alfabetiza\u00e7\u00e3o de jovens e adultos &raquo; Abrelivros\" \/>\n<meta property=\"og:description\" content=\"O processo de inscri\u00e7\u00e3o para avalia\u00e7\u00e3o e sele\u00e7\u00e3o de livros did\u00e1ticos que ser\u00e3o usados na alfabetiza\u00e7\u00e3o de jovens e adultos em 2010 tem in\u00edcio nesta ter\u00e7a-feira, 7 de abril. As editoras interessadas em participar devem fazer a pr\u00e9-inscri\u00e7\u00e3o on line de suas obras junto ao Fundo Nacional de Desenvolvimento da Educa\u00e7\u00e3o (FNDE) at\u00e9 22 de [&hellip;]\" \/>\n<meta property=\"og:url\" content=\"https:\/\/abrelivros.org.br\/site\/comeca-selecao-de-livros-de-alfabetizacao-de-jovens-e-adultos\/\" \/>\n<meta property=\"og:site_name\" content=\"Abrelivros\" \/>\n<meta property=\"article:published_time\" content=\"2009-04-07T15:31:00+00:00\" \/>\n<meta name=\"twitter:card\" content=\"summary_large_image\" \/>\n<script type=\"application\/ld+json\" class=\"yoast-schema-graph\">{\"@context\":\"https:\/\/schema.org\",\"@graph\":[{\"@type\":\"WebSite\",\"@id\":\"https:\/\/abrelivros.org.br\/site\/#website\",\"url\":\"https:\/\/abrelivros.org.br\/site\/\",\"name\":\"Abrelivros\",\"description\":\"\",\"potentialAction\":[{\"@type\":\"SearchAction\",\"target\":\"https:\/\/abrelivros.org.br\/site\/?s={search_term_string}\",\"query-input\":\"required name=search_term_string\"}],\"inLanguage\":\"pt-BR\"},{\"@type\":\"WebPage\",\"@id\":\"https:\/\/abrelivros.org.br\/site\/comeca-selecao-de-livros-de-alfabetizacao-de-jovens-e-adultos\/#webpage\",\"url\":\"https:\/\/abrelivros.org.br\/site\/comeca-selecao-de-livros-de-alfabetizacao-de-jovens-e-adultos\/\",\"name\":\"Come\\u00e7a sele\\u00e7\\u00e3o de livros de alfabetiza\\u00e7\\u00e3o de jovens e adultos &raquo; Abrelivros\",\"isPartOf\":{\"@id\":\"https:\/\/abrelivros.org.br\/site\/#website\"},\"datePublished\":\"2009-04-07T15:31:00+00:00\",\"dateModified\":\"2009-04-07T15:31:00+00:00\",\"author\":{\"@id\":\"https:\/\/abrelivros.org.br\/site\/#\/schema\/person\/2b867f13a717bb230f1a3555505f5593\"},\"breadcrumb\":{\"@id\":\"https:\/\/abrelivros.org.br\/site\/comeca-selecao-de-livros-de-alfabetizacao-de-jovens-e-adultos\/#breadcrumb\"},\"inLanguage\":\"pt-BR\",\"potentialAction\":[{\"@type\":\"ReadAction\",\"target\":[\"https:\/\/abrelivros.org.br\/site\/comeca-selecao-de-livros-de-alfabetizacao-de-jovens-e-adultos\/\"]}]},{\"@type\":\"BreadcrumbList\",\"@id\":\"https:\/\/abrelivros.org.br\/site\/comeca-selecao-de-livros-de-alfabetizacao-de-jovens-e-adultos\/#breadcrumb\",\"itemListElement\":[{\"@type\":\"ListItem\",\"position\":1,\"item\":{\"@type\":\"WebPage\",\"@id\":\"https:\/\/abrelivros.org.br\/site\/\",\"url\":\"https:\/\/abrelivros.org.br\/site\/\",\"name\":\"In\\u00edcio\"}},{\"@type\":\"ListItem\",\"position\":2,\"item\":{\"@type\":\"WebPage\",\"@id\":\"https:\/\/abrelivros.org.br\/site\/category\/noticias\/\",\"url\":\"https:\/\/abrelivros.org.br\/site\/category\/noticias\/\",\"name\":\"Not\\u00edcias\"}},{\"@type\":\"ListItem\",\"position\":3,\"item\":{\"@type\":\"WebPage\",\"@id\":\"https:\/\/abrelivros.org.br\/site\/category\/noticias\/noticias-da-imprensa\/\",\"url\":\"https:\/\/abrelivros.org.br\/site\/category\/noticias\/noticias-da-imprensa\/\",\"name\":\"Not\\u00edcias da imprensa\"}},{\"@type\":\"ListItem\",\"position\":4,\"item\":{\"@type\":\"WebPage\",\"@id\":\"https:\/\/abrelivros.org.br\/site\/comeca-selecao-de-livros-de-alfabetizacao-de-jovens-e-adultos\/\",\"url\":\"https:\/\/abrelivros.org.br\/site\/comeca-selecao-de-livros-de-alfabetizacao-de-jovens-e-adultos\/\",\"name\":\"Come\\u00e7a sele\\u00e7\\u00e3o de livros de alfabetiza\\u00e7\\u00e3o de jovens e adultos\"}}]},{\"@type\":\"Person\",\"@id\":\"https:\/\/abrelivros.org.br\/site\/#\/schema\/person\/2b867f13a717bb230f1a3555505f5593\",\"name\":\"\\u00a0\",\"image\":{\"@type\":\"ImageObject\",\"@id\":\"https:\/\/abrelivros.org.br\/site\/#personlogo\",\"inLanguage\":\"pt-BR\",\"url\":\"https:\/\/secure.gravatar.com\/avatar\/e80b7f5231be2fff5040a8023da424898002831c5439420df182ae62676d2a6f?s=96&d=mm&r=g\",\"caption\":\"\\u00a0\"}}]}<\/script>\n<!-- \/ Yoast SEO plugin. -->","_links":{"self":[{"href":"https:\/\/abrelivros.org.br\/site\/wp-json\/wp\/v2\/posts\/2610","targetHints":{"allow":["GET"]}}],"collection":[{"href":"https:\/\/abrelivros.org.br\/site\/wp-json\/wp\/v2\/posts"}],"about":[{"href":"https:\/\/abrelivros.org.br\/site\/wp-json\/wp\/v2\/types\/post"}],"author":[{"embeddable":true,"href":"https:\/\/abrelivros.org.br\/site\/wp-json\/wp\/v2\/users\/1"}],"replies":[{"embeddable":true,"href":"https:\/\/abrelivros.org.br\/site\/wp-json\/wp\/v2\/comments?post=2610"}],"version-history":[{"count":0,"href":"https:\/\/abrelivros.org.br\/site\/wp-json\/wp\/v2\/posts\/2610\/revisions"}],"wp:attachment":[{"href":"https:\/\/abrelivros.org.br\/site\/wp-json\/wp\/v2\/media?parent=2610"}],"wp:term":[{"taxonomy":"category","embeddable":true,"href":"https:\/\/abrelivros.org.br\/site\/wp-json\/wp\/v2\/categories?post=2610"},{"taxonomy":"post_tag","embeddable":true,"href":"https:\/\/abrelivros.org.br\/site\/wp-json\/wp\/v2\/tags?post=2610"}],"curies":[{"name":"wp","href":"https:\/\/api.w.org\/{rel}","templated":true}]}}