{"id":2609,"date":"2009-04-08T11:27:00","date_gmt":"2009-04-08T14:27:00","guid":{"rendered":"https:\/\/abrelivros.org.br\/site\/2009\/04\/08\/senadores-aprovam-programa-cesta-basica-do-livro\/"},"modified":"2009-04-08T11:27:00","modified_gmt":"2009-04-08T14:27:00","slug":"senadores-aprovam-programa-cesta-basica-do-livro","status":"publish","type":"post","link":"https:\/\/abrelivros.org.br\/site\/senadores-aprovam-programa-cesta-basica-do-livro\/","title":{"rendered":"Senadores aprovam programa Cesta B\u00e1sica do Livro"},"content":{"rendered":"<p>A Comiss\u00e3o de Educa\u00e7\u00e3o, Cultura e Esporte (CE) aprovou, nesta ter\u00e7a-feira (7), em car\u00e1ter terminativo, projeto que autoriza a cria\u00e7\u00e3o, no Minist\u00e9rio da Educa\u00e7\u00e3o, do programa Cesta B\u00e1sica do Livro. A proposta, de autoria do senador Cristovam Buarque (PDT-DF), autoriza o Executivo a oferecer, a cada fam\u00edlia com filhos entre seis e 18 anos que estudem em escolas p\u00fablicas, dois livros de conte\u00fado liter\u00e1rio, art\u00edstico ou cient\u00edfico, a cada bimestre letivo.&nbsp;<br \/> &nbsp;<br \/> Com parecer favor\u00e1vel do relator, senador Marco Maciel (DEM-PE), o projeto (PLS 278\/08) determina que os livros ser\u00e3o escolhidos a partir de um cat\u00e1logo a ser elaborado pelo Minist\u00e9rio da Educa\u00e7\u00e3o, com a aprova\u00e7\u00e3o da C\u00e2mara de Educa\u00e7\u00e3o B\u00e1sica, vinculada ao Conselho Nacional de Educa\u00e7\u00e3o.&nbsp;<br \/> &nbsp;<br \/> Na justifica\u00e7\u00e3o da mat\u00e9ria, Cristovam Buarque afirma que estudos recentes demonstram a diferen\u00e7a positiva do desempenho escolar de crian\u00e7as que disp\u00f5em em suas casas de livros, revistas e jornais. Na opini\u00e3o do senador, o programa ter\u00e1 um efeito positivo \u201cpara a cria\u00e7\u00e3o de h\u00e1bitos mais evolu\u00eddos de consumo, hoje reservados \u00e0s classes m\u00e9dias da sociedade brasileira\u201c.&nbsp;<br \/> &nbsp;<\/p>\n","protected":false},"excerpt":{"rendered":"<p>A Comiss\u00e3o de Educa\u00e7\u00e3o, Cultura e Esporte (CE) aprovou, nesta ter\u00e7a-feira (7), em car\u00e1ter terminativo, projeto que autoriza a cria\u00e7\u00e3o, no Minist\u00e9rio da Educa\u00e7\u00e3o, do programa Cesta B\u00e1sica do Livro. A proposta, de autoria do senador Cristovam Buarque (PDT-DF), autoriza o Executivo a oferecer, a cada fam\u00edlia com filhos entre seis e 18 anos que [&hellip;]<\/p>\n","protected":false},"author":1,"featured_media":0,"comment_status":"closed","ping_status":"closed","sticky":false,"template":"","format":"standard","meta":{"footnotes":"","_links_to":"","_links_to_target":""},"categories":[9],"tags":[],"class_list":["post-2609","post","type-post","status-publish","format-standard","hentry","category-noticias-da-imprensa"],"yoast_head":"<!-- This site is optimized with the Yoast SEO plugin v15.1 - https:\/\/yoast.com\/wordpress\/plugins\/seo\/ -->\n<title>Senadores aprovam programa Cesta B\u00e1sica do Livro &raquo; Abrelivros<\/title>\n<meta name=\"robots\" content=\"index, follow, max-snippet:-1, max-image-preview:large, max-video-preview:-1\" \/>\n<link rel=\"canonical\" href=\"https:\/\/abrelivros.org.br\/site\/senadores-aprovam-programa-cesta-basica-do-livro\/\" \/>\n<meta property=\"og:locale\" content=\"pt_BR\" \/>\n<meta property=\"og:type\" content=\"article\" \/>\n<meta property=\"og:title\" content=\"Senadores aprovam programa Cesta B\u00e1sica do Livro &raquo; Abrelivros\" \/>\n<meta property=\"og:description\" content=\"A Comiss\u00e3o de Educa\u00e7\u00e3o, Cultura e Esporte (CE) aprovou, nesta ter\u00e7a-feira (7), em car\u00e1ter terminativo, projeto que autoriza a cria\u00e7\u00e3o, no Minist\u00e9rio da Educa\u00e7\u00e3o, do programa Cesta B\u00e1sica do Livro. A proposta, de autoria do senador Cristovam Buarque (PDT-DF), autoriza o Executivo a oferecer, a cada fam\u00edlia com filhos entre seis e 18 anos que [&hellip;]\" \/>\n<meta property=\"og:url\" content=\"https:\/\/abrelivros.org.br\/site\/senadores-aprovam-programa-cesta-basica-do-livro\/\" \/>\n<meta property=\"og:site_name\" content=\"Abrelivros\" \/>\n<meta property=\"article:published_time\" content=\"2009-04-08T14:27:00+00:00\" \/>\n<meta name=\"twitter:card\" content=\"summary_large_image\" \/>\n<script type=\"application\/ld+json\" class=\"yoast-schema-graph\">{\"@context\":\"https:\/\/schema.org\",\"@graph\":[{\"@type\":\"WebSite\",\"@id\":\"https:\/\/abrelivros.org.br\/site\/#website\",\"url\":\"https:\/\/abrelivros.org.br\/site\/\",\"name\":\"Abrelivros\",\"description\":\"\",\"potentialAction\":[{\"@type\":\"SearchAction\",\"target\":\"https:\/\/abrelivros.org.br\/site\/?s={search_term_string}\",\"query-input\":\"required name=search_term_string\"}],\"inLanguage\":\"pt-BR\"},{\"@type\":\"WebPage\",\"@id\":\"https:\/\/abrelivros.org.br\/site\/senadores-aprovam-programa-cesta-basica-do-livro\/#webpage\",\"url\":\"https:\/\/abrelivros.org.br\/site\/senadores-aprovam-programa-cesta-basica-do-livro\/\",\"name\":\"Senadores aprovam programa Cesta B\\u00e1sica do Livro &raquo; Abrelivros\",\"isPartOf\":{\"@id\":\"https:\/\/abrelivros.org.br\/site\/#website\"},\"datePublished\":\"2009-04-08T14:27:00+00:00\",\"dateModified\":\"2009-04-08T14:27:00+00:00\",\"author\":{\"@id\":\"https:\/\/abrelivros.org.br\/site\/#\/schema\/person\/2b867f13a717bb230f1a3555505f5593\"},\"breadcrumb\":{\"@id\":\"https:\/\/abrelivros.org.br\/site\/senadores-aprovam-programa-cesta-basica-do-livro\/#breadcrumb\"},\"inLanguage\":\"pt-BR\",\"potentialAction\":[{\"@type\":\"ReadAction\",\"target\":[\"https:\/\/abrelivros.org.br\/site\/senadores-aprovam-programa-cesta-basica-do-livro\/\"]}]},{\"@type\":\"BreadcrumbList\",\"@id\":\"https:\/\/abrelivros.org.br\/site\/senadores-aprovam-programa-cesta-basica-do-livro\/#breadcrumb\",\"itemListElement\":[{\"@type\":\"ListItem\",\"position\":1,\"item\":{\"@type\":\"WebPage\",\"@id\":\"https:\/\/abrelivros.org.br\/site\/\",\"url\":\"https:\/\/abrelivros.org.br\/site\/\",\"name\":\"In\\u00edcio\"}},{\"@type\":\"ListItem\",\"position\":2,\"item\":{\"@type\":\"WebPage\",\"@id\":\"https:\/\/abrelivros.org.br\/site\/category\/noticias\/\",\"url\":\"https:\/\/abrelivros.org.br\/site\/category\/noticias\/\",\"name\":\"Not\\u00edcias\"}},{\"@type\":\"ListItem\",\"position\":3,\"item\":{\"@type\":\"WebPage\",\"@id\":\"https:\/\/abrelivros.org.br\/site\/category\/noticias\/noticias-da-imprensa\/\",\"url\":\"https:\/\/abrelivros.org.br\/site\/category\/noticias\/noticias-da-imprensa\/\",\"name\":\"Not\\u00edcias da imprensa\"}},{\"@type\":\"ListItem\",\"position\":4,\"item\":{\"@type\":\"WebPage\",\"@id\":\"https:\/\/abrelivros.org.br\/site\/senadores-aprovam-programa-cesta-basica-do-livro\/\",\"url\":\"https:\/\/abrelivros.org.br\/site\/senadores-aprovam-programa-cesta-basica-do-livro\/\",\"name\":\"Senadores aprovam programa Cesta B\\u00e1sica do Livro\"}}]},{\"@type\":\"Person\",\"@id\":\"https:\/\/abrelivros.org.br\/site\/#\/schema\/person\/2b867f13a717bb230f1a3555505f5593\",\"name\":\"\\u00a0\",\"image\":{\"@type\":\"ImageObject\",\"@id\":\"https:\/\/abrelivros.org.br\/site\/#personlogo\",\"inLanguage\":\"pt-BR\",\"url\":\"https:\/\/secure.gravatar.com\/avatar\/e80b7f5231be2fff5040a8023da424898002831c5439420df182ae62676d2a6f?s=96&d=mm&r=g\",\"caption\":\"\\u00a0\"}}]}<\/script>\n<!-- \/ Yoast SEO plugin. -->","_links":{"self":[{"href":"https:\/\/abrelivros.org.br\/site\/wp-json\/wp\/v2\/posts\/2609","targetHints":{"allow":["GET"]}}],"collection":[{"href":"https:\/\/abrelivros.org.br\/site\/wp-json\/wp\/v2\/posts"}],"about":[{"href":"https:\/\/abrelivros.org.br\/site\/wp-json\/wp\/v2\/types\/post"}],"author":[{"embeddable":true,"href":"https:\/\/abrelivros.org.br\/site\/wp-json\/wp\/v2\/users\/1"}],"replies":[{"embeddable":true,"href":"https:\/\/abrelivros.org.br\/site\/wp-json\/wp\/v2\/comments?post=2609"}],"version-history":[{"count":0,"href":"https:\/\/abrelivros.org.br\/site\/wp-json\/wp\/v2\/posts\/2609\/revisions"}],"wp:attachment":[{"href":"https:\/\/abrelivros.org.br\/site\/wp-json\/wp\/v2\/media?parent=2609"}],"wp:term":[{"taxonomy":"category","embeddable":true,"href":"https:\/\/abrelivros.org.br\/site\/wp-json\/wp\/v2\/categories?post=2609"},{"taxonomy":"post_tag","embeddable":true,"href":"https:\/\/abrelivros.org.br\/site\/wp-json\/wp\/v2\/tags?post=2609"}],"curies":[{"name":"wp","href":"https:\/\/api.w.org\/{rel}","templated":true}]}}