{"id":2608,"date":"2009-04-08T14:44:00","date_gmt":"2009-04-08T17:44:00","guid":{"rendered":"https:\/\/abrelivros.org.br\/site\/2009\/04\/08\/minas-muda-curriculo-do-ensino-medio-e-provoca-polemica\/"},"modified":"2009-04-08T14:44:00","modified_gmt":"2009-04-08T17:44:00","slug":"minas-muda-curriculo-do-ensino-medio-e-provoca-polemica","status":"publish","type":"post","link":"https:\/\/abrelivros.org.br\/site\/minas-muda-curriculo-do-ensino-medio-e-provoca-polemica\/","title":{"rendered":"Minas muda curr\u00edculo do ensino m\u00e9dio e provoca pol\u00eamica"},"content":{"rendered":"<p>Alunos do 2\u00ba ano do ensino m\u00e9dio de Minas t\u00eam agora de optar por uma \u00e1rea espec\u00edfica (humanas, exatas ou biol\u00f3gicas) para seguir at\u00e9 o fim do antigo colegial. A medida do governo A\u00e9cio Neves (PSDB) est\u00e1 em vigor desde o in\u00edcio do ano. H\u00e1 200 mil matriculados nessa s\u00e9rie em toda a rede estadual. \u00a0<br \/> \u00a0<br \/> O n\u00famero de aulas continua o mesmo. O que muda \u00e9 que, se o aluno escolhe humanas, passa a n\u00e3o ter mais aulas de biologia, qu\u00edmica e f\u00edsica nos dois \u00faltimos anos do ensino m\u00e9dio. \u00a0<br \/> \u00a0<br \/> J\u00e1 o que opta por exatas e biol\u00f3gicas deixa de ter aulas de hist\u00f3ria, geografia e l\u00edngua estrangeira. A maioria dos vestibulares exige todo o conte\u00fado. \u00a0<br \/> \u00a0<br \/> A escolha vale para quem obtiver rendimento de 70% em todas as disciplinas obrigat\u00f3rias do 1\u00ba ano do ensino m\u00e9dio. A dire\u00e7\u00e3o da escola definir\u00e1 a \u00e1rea para quem entrar no 2\u00ba ano ap\u00f3s passar por recupera\u00e7\u00e3o em alguma disciplina. \u00a0<br \/> \u00a0<br \/> As normas constam de uma resolu\u00e7\u00e3o da Secretaria da Educa\u00e7\u00e3o, publicada em dezembro. \u00a0<br \/> \u00a0<br \/> \u201cEm vez de aprender um pouco de muito conte\u00fado, o aluno vai aprender mais aprofundadamente com menos disciplinas. Com muita disciplina, perde-se o foco. Achamos que isso \u00e9 mais \u00fatil para o aluno\u201c, afirma o secret\u00e1rio-adjunto da Educa\u00e7\u00e3o, Jo\u00e3o Filocre. \u00a0<br \/> \u00a0<br \/> O Minist\u00e9rio da Educa\u00e7\u00e3o diz que o Estado tem autonomia para criar sua norma desde que n\u00e3o se choque com a Lei de Diretrizes e Bases, que dita as regras gerais da educa\u00e7\u00e3o no pa\u00eds. \u00a0<br \/> \u00a0<br \/> A lei federal diz que s\u00e3o disciplinas obrigat\u00f3rias l\u00edngua portuguesa, matem\u00e1tica, educa\u00e7\u00e3o f\u00edsica, filosofia e sociologia. \u00a0<br \/> \u00a0<br \/> Alunos ouvidos pela Folha afirmam que a aus\u00eancia de disciplinas b\u00e1sicas poder\u00e1 atrapalh\u00e1-los na hora do vestibular. \u00a0<br \/> \u00a0<br \/> Os alunos de Minas t\u00eam a chance cursar as disciplinas que n\u00e3o constam da grade obrigat\u00f3ria da sua \u00e1rea de \u00eanfase. \u00a0<br \/> \u00a0<br \/> Para isso, precisam estud\u00e1-las em turno extra. O aluno matriculado na manh\u00e3 pode cursar a aula que n\u00e3o faz parte do curr\u00edculo \u00e0 tarde ou \u00e0 noite, desde que haja ao menos 20 alunos interessados. A dire\u00e7\u00e3o da escola, ent\u00e3o, comunica o desejo das aulas extras \u00e0 secretaria, que abre a turma. \u00a0<br \/> \u00a0<br \/> Uma outra possibilidade, que tamb\u00e9m depende da decis\u00e3o de cada uma das 1.800 escolas estaduais de ensino m\u00e9dio de Minas, \u00e9 que oito aulas de 50 minutos sejam distribu\u00eddas livremente, desde que respeitado o teto de dez disciplinas no 2\u00ba ano e de nove no 3\u00ba ano. \u00a0<br \/> \u00a0<br \/> Isso foi feito na escola Governador Milton Campos, em Belo Horizonte, que tem mais de 3.700 alunos no ensino m\u00e9dio. Segundo a diretora, Maria Jos\u00e9 Duarte, como h\u00e1 seis disciplinas obrigat\u00f3rias para cada \u00e1rea de \u00eanfase, al\u00e9m de sociologia e filosofia, exigidas por lei federal, restaram s\u00f3 duas para serem inclu\u00eddas no 2\u00ba ano. \u00a0<br \/> \u00a0<br \/> Uma vota\u00e7\u00e3o com os alunos foi feita. Na \u00e1rea de humanas, f\u00edsica ficou em terceiro lugar e, portanto, fora do curr\u00edculo. Uma aula de biologia e uma de qu\u00edmica foram inclu\u00eddas. Na \u00e1rea de exatas e biol\u00f3gicas, l\u00edngua estrangeira foi sacrificada. \u00a0<br \/> \u00a0<br \/> Em um col\u00e9gio menor, em S\u00e3o Jo\u00e3o del Rei, no interior de Minas, a diretora decidiu colocar todos numa s\u00f3 \u00e1rea: exatas. \u00a0<br \/> \u00a0<br \/> \u00a0<br \/> \u00a0<br \/><B> A Favor &#8211; Mudan\u00e7a \u00e9 corajosa, diz professor<br \/><\/B> Folha de S\u00e3o Paulo &#8211; Breno Costa\u00a0<br \/> \u00a0<br \/> Professor da Faculdade de Educa\u00e7\u00e3o da Universidade Federal de Minas Gerais e presidente da Associa\u00e7\u00e3o Brasileira de Pesquisa  em Educa\u00e7\u00e3o em Ci\u00eancias, Eduardo Mortimer classifica a mudan\u00e7a como \u201ccorajosa\u201c. Ele cita casos semelhantes em pa\u00edses  desenvolvidos e diz que os vestibulares t\u00eam que se adaptar \u00e0 realidade do ensino m\u00e9dio.\u00a0<br \/> \u00a0<br \/> FOLHA &#8211; O sr. concorda com a mudan\u00e7a curricular em MG? \u00a0<br \/> EDUARDO MORTIMER &#8211; Na maioria dos pa\u00edses do mundo, o ensino m\u00e9dio j\u00e1 \u00e9 assim. Ele encaminha a pessoa a uma profiss\u00e3o. Acho uma boa proposta porque nos iguala a esses outros [pa\u00edses]. \u00a0<br \/> \u00a0<br \/> FOLHA &#8211; Mas qual a vantagem do modelo para o aluno? \u00a0<br \/> MORTIMER &#8211; O aluno j\u00e1 teve uma inicia\u00e7\u00e3o em ci\u00eancia, aula de qu\u00edmica, de f\u00edsica. Ent\u00e3o, a partir do 2\u00ba ano, pode fazer essas op\u00e7\u00f5es. Aprofundar todas as mat\u00e9rias, como o curr\u00edculo est\u00e1 hoje, \u00e9 imposs\u00edvel. \u00a0<br \/> \u00a0<br \/> FOLHA &#8211; Mas, no vestibular, o aluno n\u00e3o fica prejudicado? \u00a0<br \/> MORTIMER &#8211; Acho que os vestibulares das principais universidades j\u00e1 est\u00e3o se adaptando, porque est\u00e3o cobrando o m\u00ednimo. O que \u00e9 importante aprender de qu\u00edmica s\u00e3o poucos conceitos para, como cidad\u00e3o, discutir a quest\u00e3o da ci\u00eancia, do ambiente. Acho que a medida \u00e9 corajosa por apontar a necessidade de haver uma especializa\u00e7\u00e3o.  \u00a0<br \/> \u00a0<br \/> \u00a0<br \/>  \u00a0<br \/><B> Contra &#8211; Dirigente da PUC fala em \u201cretrocesso\u201c<br \/><\/B> Folha de S\u00e3o Paulo &#8211; Afonso Benites\u00a0<br \/> \u00a0<br \/> Para a psicopedagoga Neide Noffs, diretora da Faculdade de Educa\u00e7\u00e3o da PUC-SP, a decis\u00e3o do governo mineiro de alterar a grade curricular do ensino m\u00e9dio \u00e9 um retrocesso e precipita as decis\u00f5es dos estudantes. (AFONSO BENITES) \u00a0<br \/> \u00a0<br \/> FOLHA &#8211; Qual a sua opini\u00e3o sobre as mudan\u00e7as em MG? \u00a0<br \/> NEIDE NOFFS &#8211; \u00c9 lament\u00e1vel dizer. Eu j\u00e1 vi esse filme. Quando eu era estudante, era assim. Voc\u00ea fazia cl\u00e1ssico, mais voltado para humanas, ou cient\u00edfico, para exatas. Isso n\u00e3o deu certo.\u00a0<br \/> \u00a0<br \/> FOLHA &#8211; Por que? \u00a0<br \/> NOFFS &#8211; Porque as profiss\u00f5es t\u00eam car\u00e1ter generalista. Voc\u00ea n\u00e3o pode ser uma coisa ou outra. Tem de ter um pouco de cada habilidade. \u00a0<br \/> \u00a0<br \/> FOLHA &#8211; E como isso influencia a carreira do estudante? \u00a0<br \/> NOFFS &#8211; Essa mudan\u00e7a n\u00e3o \u00e9 uma boa alternativa porque um dos problemas do ensino superior \u00e9 o estudante entrar na universidade sem uma vis\u00e3o clara da profiss\u00e3o que escolheu. Se no primeiro ano do ensino superior a gente j\u00e1 identifica v\u00e1rios estudantes que apresentam problemas no aprendizado, imagina isso no segundo ano do ensino m\u00e9dio. \u00a0<br \/> \u00a0<br \/> FOLHA &#8211; E o fato de o aluno s\u00f3 ter o direito de optar pela \u00e1rea se tiver 70% de aprova\u00e7\u00e3o? \u00a0<br \/> NOFFS &#8211; \u00c9 mais do que uma imposi\u00e7\u00e3o. Isso tira do estudante sua autonomia e o seu compromisso. Acho que a escola deveria ser parceira do estudante.<\/p>\n","protected":false},"excerpt":{"rendered":"<p>Alunos do 2\u00ba ano do ensino m\u00e9dio de Minas t\u00eam agora de optar por uma \u00e1rea espec\u00edfica (humanas, exatas ou biol\u00f3gicas) para seguir at\u00e9 o fim do antigo colegial. A medida do governo A\u00e9cio Neves (PSDB) est\u00e1 em vigor desde o in\u00edcio do ano. H\u00e1 200 mil matriculados nessa s\u00e9rie em toda a rede estadual. [&hellip;]<\/p>\n","protected":false},"author":1,"featured_media":0,"comment_status":"closed","ping_status":"closed","sticky":false,"template":"","format":"standard","meta":{"footnotes":"","_links_to":"","_links_to_target":""},"categories":[9],"tags":[],"class_list":["post-2608","post","type-post","status-publish","format-standard","hentry","category-noticias-da-imprensa"],"yoast_head":"<!-- This site is optimized with the Yoast SEO plugin v15.1 - https:\/\/yoast.com\/wordpress\/plugins\/seo\/ -->\n<title>Minas muda curr\u00edculo do ensino m\u00e9dio e provoca pol\u00eamica &raquo; Abrelivros<\/title>\n<meta name=\"robots\" content=\"index, follow, max-snippet:-1, max-image-preview:large, max-video-preview:-1\" \/>\n<link rel=\"canonical\" href=\"https:\/\/abrelivros.org.br\/site\/minas-muda-curriculo-do-ensino-medio-e-provoca-polemica\/\" \/>\n<meta property=\"og:locale\" content=\"pt_BR\" \/>\n<meta property=\"og:type\" content=\"article\" \/>\n<meta property=\"og:title\" content=\"Minas muda curr\u00edculo do ensino m\u00e9dio e provoca pol\u00eamica &raquo; Abrelivros\" \/>\n<meta property=\"og:description\" content=\"Alunos do 2\u00ba ano do ensino m\u00e9dio de Minas t\u00eam agora de optar por uma \u00e1rea espec\u00edfica (humanas, exatas ou biol\u00f3gicas) para seguir at\u00e9 o fim do antigo colegial. A medida do governo A\u00e9cio Neves (PSDB) est\u00e1 em vigor desde o in\u00edcio do ano. H\u00e1 200 mil matriculados nessa s\u00e9rie em toda a rede estadual. [&hellip;]\" \/>\n<meta property=\"og:url\" content=\"https:\/\/abrelivros.org.br\/site\/minas-muda-curriculo-do-ensino-medio-e-provoca-polemica\/\" \/>\n<meta property=\"og:site_name\" content=\"Abrelivros\" \/>\n<meta property=\"article:published_time\" content=\"2009-04-08T17:44:00+00:00\" \/>\n<meta name=\"twitter:card\" content=\"summary_large_image\" \/>\n<script type=\"application\/ld+json\" class=\"yoast-schema-graph\">{\"@context\":\"https:\/\/schema.org\",\"@graph\":[{\"@type\":\"WebSite\",\"@id\":\"https:\/\/abrelivros.org.br\/site\/#website\",\"url\":\"https:\/\/abrelivros.org.br\/site\/\",\"name\":\"Abrelivros\",\"description\":\"\",\"potentialAction\":[{\"@type\":\"SearchAction\",\"target\":\"https:\/\/abrelivros.org.br\/site\/?s={search_term_string}\",\"query-input\":\"required name=search_term_string\"}],\"inLanguage\":\"pt-BR\"},{\"@type\":\"WebPage\",\"@id\":\"https:\/\/abrelivros.org.br\/site\/minas-muda-curriculo-do-ensino-medio-e-provoca-polemica\/#webpage\",\"url\":\"https:\/\/abrelivros.org.br\/site\/minas-muda-curriculo-do-ensino-medio-e-provoca-polemica\/\",\"name\":\"Minas muda curr\\u00edculo do ensino m\\u00e9dio e provoca pol\\u00eamica &raquo; Abrelivros\",\"isPartOf\":{\"@id\":\"https:\/\/abrelivros.org.br\/site\/#website\"},\"datePublished\":\"2009-04-08T17:44:00+00:00\",\"dateModified\":\"2009-04-08T17:44:00+00:00\",\"author\":{\"@id\":\"https:\/\/abrelivros.org.br\/site\/#\/schema\/person\/2b867f13a717bb230f1a3555505f5593\"},\"breadcrumb\":{\"@id\":\"https:\/\/abrelivros.org.br\/site\/minas-muda-curriculo-do-ensino-medio-e-provoca-polemica\/#breadcrumb\"},\"inLanguage\":\"pt-BR\",\"potentialAction\":[{\"@type\":\"ReadAction\",\"target\":[\"https:\/\/abrelivros.org.br\/site\/minas-muda-curriculo-do-ensino-medio-e-provoca-polemica\/\"]}]},{\"@type\":\"BreadcrumbList\",\"@id\":\"https:\/\/abrelivros.org.br\/site\/minas-muda-curriculo-do-ensino-medio-e-provoca-polemica\/#breadcrumb\",\"itemListElement\":[{\"@type\":\"ListItem\",\"position\":1,\"item\":{\"@type\":\"WebPage\",\"@id\":\"https:\/\/abrelivros.org.br\/site\/\",\"url\":\"https:\/\/abrelivros.org.br\/site\/\",\"name\":\"In\\u00edcio\"}},{\"@type\":\"ListItem\",\"position\":2,\"item\":{\"@type\":\"WebPage\",\"@id\":\"https:\/\/abrelivros.org.br\/site\/category\/noticias\/\",\"url\":\"https:\/\/abrelivros.org.br\/site\/category\/noticias\/\",\"name\":\"Not\\u00edcias\"}},{\"@type\":\"ListItem\",\"position\":3,\"item\":{\"@type\":\"WebPage\",\"@id\":\"https:\/\/abrelivros.org.br\/site\/category\/noticias\/noticias-da-imprensa\/\",\"url\":\"https:\/\/abrelivros.org.br\/site\/category\/noticias\/noticias-da-imprensa\/\",\"name\":\"Not\\u00edcias da imprensa\"}},{\"@type\":\"ListItem\",\"position\":4,\"item\":{\"@type\":\"WebPage\",\"@id\":\"https:\/\/abrelivros.org.br\/site\/minas-muda-curriculo-do-ensino-medio-e-provoca-polemica\/\",\"url\":\"https:\/\/abrelivros.org.br\/site\/minas-muda-curriculo-do-ensino-medio-e-provoca-polemica\/\",\"name\":\"Minas muda curr\\u00edculo do ensino m\\u00e9dio e provoca pol\\u00eamica\"}}]},{\"@type\":\"Person\",\"@id\":\"https:\/\/abrelivros.org.br\/site\/#\/schema\/person\/2b867f13a717bb230f1a3555505f5593\",\"name\":\"\\u00a0\",\"image\":{\"@type\":\"ImageObject\",\"@id\":\"https:\/\/abrelivros.org.br\/site\/#personlogo\",\"inLanguage\":\"pt-BR\",\"url\":\"https:\/\/secure.gravatar.com\/avatar\/e80b7f5231be2fff5040a8023da424898002831c5439420df182ae62676d2a6f?s=96&d=mm&r=g\",\"caption\":\"\\u00a0\"}}]}<\/script>\n<!-- \/ Yoast SEO plugin. -->","_links":{"self":[{"href":"https:\/\/abrelivros.org.br\/site\/wp-json\/wp\/v2\/posts\/2608","targetHints":{"allow":["GET"]}}],"collection":[{"href":"https:\/\/abrelivros.org.br\/site\/wp-json\/wp\/v2\/posts"}],"about":[{"href":"https:\/\/abrelivros.org.br\/site\/wp-json\/wp\/v2\/types\/post"}],"author":[{"embeddable":true,"href":"https:\/\/abrelivros.org.br\/site\/wp-json\/wp\/v2\/users\/1"}],"replies":[{"embeddable":true,"href":"https:\/\/abrelivros.org.br\/site\/wp-json\/wp\/v2\/comments?post=2608"}],"version-history":[{"count":0,"href":"https:\/\/abrelivros.org.br\/site\/wp-json\/wp\/v2\/posts\/2608\/revisions"}],"wp:attachment":[{"href":"https:\/\/abrelivros.org.br\/site\/wp-json\/wp\/v2\/media?parent=2608"}],"wp:term":[{"taxonomy":"category","embeddable":true,"href":"https:\/\/abrelivros.org.br\/site\/wp-json\/wp\/v2\/categories?post=2608"},{"taxonomy":"post_tag","embeddable":true,"href":"https:\/\/abrelivros.org.br\/site\/wp-json\/wp\/v2\/tags?post=2608"}],"curies":[{"name":"wp","href":"https:\/\/api.w.org\/{rel}","templated":true}]}}