{"id":2607,"date":"2009-04-09T10:25:00","date_gmt":"2009-04-09T13:25:00","guid":{"rendered":"https:\/\/abrelivros.org.br\/site\/2009\/04\/09\/mec-vai-lancar-novo-programa-do-livro\/"},"modified":"2009-04-09T10:25:00","modified_gmt":"2009-04-09T13:25:00","slug":"mec-vai-lancar-novo-programa-do-livro","status":"publish","type":"post","link":"https:\/\/abrelivros.org.br\/site\/mec-vai-lancar-novo-programa-do-livro\/","title":{"rendered":"MEC vai lan\u00e7ar novo programa do livro"},"content":{"rendered":"<p>J\u00e1 tem at\u00e9 nome o novo programa do Minist\u00e9rio da Educa\u00e7\u00e3o para, ao mesmo tempo, incrementar a forma\u00e7\u00e3o dos professores das escolas p\u00fablicas brasileiras e ampliar seu acesso aos livros e materiais de apoio na sala de aula. \u00c9 o Programa Nacional da Biblioteca do Professor, o PNBP, que deve chegar pela primeira vez \u00e0s escolas em 2010. &nbsp;<br \/> &nbsp;<br \/> O ministro Fernando Haddad teve uma bela conversa esta semana, em Bras\u00edlia, com a CBL, Snel, Abrelivros e Abeu para apresentar a ideia e pedir uma for\u00e7a para que desenvolvam rapidamente esses materiais.&nbsp;<br \/> O objetivo central \u00e9 oferecer livros que ajudem os educadores nas suas estrat\u00e9gias de ensino na sala de aula. Uma bel\u00edssima sacada.&nbsp;<br \/> &nbsp;<br \/> &nbsp;<\/p>\n","protected":false},"excerpt":{"rendered":"<p>J\u00e1 tem at\u00e9 nome o novo programa do Minist\u00e9rio da Educa\u00e7\u00e3o para, ao mesmo tempo, incrementar a forma\u00e7\u00e3o dos professores das escolas p\u00fablicas brasileiras e ampliar seu acesso aos livros e materiais de apoio na sala de aula. \u00c9 o Programa Nacional da Biblioteca do Professor, o PNBP, que deve chegar pela primeira vez \u00e0s [&hellip;]<\/p>\n","protected":false},"author":1,"featured_media":0,"comment_status":"closed","ping_status":"closed","sticky":false,"template":"","format":"standard","meta":{"footnotes":"","_links_to":"","_links_to_target":""},"categories":[9],"tags":[],"class_list":["post-2607","post","type-post","status-publish","format-standard","hentry","category-noticias-da-imprensa"],"yoast_head":"<!-- This site is optimized with the Yoast SEO plugin v15.1 - https:\/\/yoast.com\/wordpress\/plugins\/seo\/ -->\n<title>MEC vai lan\u00e7ar novo programa do livro &raquo; Abrelivros<\/title>\n<meta name=\"robots\" content=\"index, follow, max-snippet:-1, max-image-preview:large, max-video-preview:-1\" \/>\n<link rel=\"canonical\" href=\"https:\/\/abrelivros.org.br\/site\/mec-vai-lancar-novo-programa-do-livro\/\" \/>\n<meta property=\"og:locale\" content=\"pt_BR\" \/>\n<meta property=\"og:type\" content=\"article\" \/>\n<meta property=\"og:title\" content=\"MEC vai lan\u00e7ar novo programa do livro &raquo; Abrelivros\" \/>\n<meta property=\"og:description\" content=\"J\u00e1 tem at\u00e9 nome o novo programa do Minist\u00e9rio da Educa\u00e7\u00e3o para, ao mesmo tempo, incrementar a forma\u00e7\u00e3o dos professores das escolas p\u00fablicas brasileiras e ampliar seu acesso aos livros e materiais de apoio na sala de aula. \u00c9 o Programa Nacional da Biblioteca do Professor, o PNBP, que deve chegar pela primeira vez \u00e0s [&hellip;]\" \/>\n<meta property=\"og:url\" content=\"https:\/\/abrelivros.org.br\/site\/mec-vai-lancar-novo-programa-do-livro\/\" \/>\n<meta property=\"og:site_name\" content=\"Abrelivros\" \/>\n<meta property=\"article:published_time\" content=\"2009-04-09T13:25:00+00:00\" \/>\n<meta name=\"twitter:card\" content=\"summary_large_image\" \/>\n<script type=\"application\/ld+json\" class=\"yoast-schema-graph\">{\"@context\":\"https:\/\/schema.org\",\"@graph\":[{\"@type\":\"WebSite\",\"@id\":\"https:\/\/abrelivros.org.br\/site\/#website\",\"url\":\"https:\/\/abrelivros.org.br\/site\/\",\"name\":\"Abrelivros\",\"description\":\"\",\"potentialAction\":[{\"@type\":\"SearchAction\",\"target\":\"https:\/\/abrelivros.org.br\/site\/?s={search_term_string}\",\"query-input\":\"required name=search_term_string\"}],\"inLanguage\":\"pt-BR\"},{\"@type\":\"WebPage\",\"@id\":\"https:\/\/abrelivros.org.br\/site\/mec-vai-lancar-novo-programa-do-livro\/#webpage\",\"url\":\"https:\/\/abrelivros.org.br\/site\/mec-vai-lancar-novo-programa-do-livro\/\",\"name\":\"MEC vai lan\\u00e7ar novo programa do livro &raquo; Abrelivros\",\"isPartOf\":{\"@id\":\"https:\/\/abrelivros.org.br\/site\/#website\"},\"datePublished\":\"2009-04-09T13:25:00+00:00\",\"dateModified\":\"2009-04-09T13:25:00+00:00\",\"author\":{\"@id\":\"https:\/\/abrelivros.org.br\/site\/#\/schema\/person\/2b867f13a717bb230f1a3555505f5593\"},\"breadcrumb\":{\"@id\":\"https:\/\/abrelivros.org.br\/site\/mec-vai-lancar-novo-programa-do-livro\/#breadcrumb\"},\"inLanguage\":\"pt-BR\",\"potentialAction\":[{\"@type\":\"ReadAction\",\"target\":[\"https:\/\/abrelivros.org.br\/site\/mec-vai-lancar-novo-programa-do-livro\/\"]}]},{\"@type\":\"BreadcrumbList\",\"@id\":\"https:\/\/abrelivros.org.br\/site\/mec-vai-lancar-novo-programa-do-livro\/#breadcrumb\",\"itemListElement\":[{\"@type\":\"ListItem\",\"position\":1,\"item\":{\"@type\":\"WebPage\",\"@id\":\"https:\/\/abrelivros.org.br\/site\/\",\"url\":\"https:\/\/abrelivros.org.br\/site\/\",\"name\":\"In\\u00edcio\"}},{\"@type\":\"ListItem\",\"position\":2,\"item\":{\"@type\":\"WebPage\",\"@id\":\"https:\/\/abrelivros.org.br\/site\/category\/noticias\/\",\"url\":\"https:\/\/abrelivros.org.br\/site\/category\/noticias\/\",\"name\":\"Not\\u00edcias\"}},{\"@type\":\"ListItem\",\"position\":3,\"item\":{\"@type\":\"WebPage\",\"@id\":\"https:\/\/abrelivros.org.br\/site\/category\/noticias\/noticias-da-imprensa\/\",\"url\":\"https:\/\/abrelivros.org.br\/site\/category\/noticias\/noticias-da-imprensa\/\",\"name\":\"Not\\u00edcias da imprensa\"}},{\"@type\":\"ListItem\",\"position\":4,\"item\":{\"@type\":\"WebPage\",\"@id\":\"https:\/\/abrelivros.org.br\/site\/mec-vai-lancar-novo-programa-do-livro\/\",\"url\":\"https:\/\/abrelivros.org.br\/site\/mec-vai-lancar-novo-programa-do-livro\/\",\"name\":\"MEC vai lan\\u00e7ar novo programa do livro\"}}]},{\"@type\":\"Person\",\"@id\":\"https:\/\/abrelivros.org.br\/site\/#\/schema\/person\/2b867f13a717bb230f1a3555505f5593\",\"name\":\"\\u00a0\",\"image\":{\"@type\":\"ImageObject\",\"@id\":\"https:\/\/abrelivros.org.br\/site\/#personlogo\",\"inLanguage\":\"pt-BR\",\"url\":\"https:\/\/secure.gravatar.com\/avatar\/e80b7f5231be2fff5040a8023da424898002831c5439420df182ae62676d2a6f?s=96&d=mm&r=g\",\"caption\":\"\\u00a0\"}}]}<\/script>\n<!-- \/ Yoast SEO plugin. -->","_links":{"self":[{"href":"https:\/\/abrelivros.org.br\/site\/wp-json\/wp\/v2\/posts\/2607","targetHints":{"allow":["GET"]}}],"collection":[{"href":"https:\/\/abrelivros.org.br\/site\/wp-json\/wp\/v2\/posts"}],"about":[{"href":"https:\/\/abrelivros.org.br\/site\/wp-json\/wp\/v2\/types\/post"}],"author":[{"embeddable":true,"href":"https:\/\/abrelivros.org.br\/site\/wp-json\/wp\/v2\/users\/1"}],"replies":[{"embeddable":true,"href":"https:\/\/abrelivros.org.br\/site\/wp-json\/wp\/v2\/comments?post=2607"}],"version-history":[{"count":0,"href":"https:\/\/abrelivros.org.br\/site\/wp-json\/wp\/v2\/posts\/2607\/revisions"}],"wp:attachment":[{"href":"https:\/\/abrelivros.org.br\/site\/wp-json\/wp\/v2\/media?parent=2607"}],"wp:term":[{"taxonomy":"category","embeddable":true,"href":"https:\/\/abrelivros.org.br\/site\/wp-json\/wp\/v2\/categories?post=2607"},{"taxonomy":"post_tag","embeddable":true,"href":"https:\/\/abrelivros.org.br\/site\/wp-json\/wp\/v2\/tags?post=2607"}],"curies":[{"name":"wp","href":"https:\/\/api.w.org\/{rel}","templated":true}]}}