{"id":2606,"date":"2009-04-09T10:27:00","date_gmt":"2009-04-09T13:27:00","guid":{"rendered":"https:\/\/abrelivros.org.br\/site\/2009\/04\/09\/boa-noticia-governo-vai-liberar-r-150-milhoes-para-livros\/"},"modified":"2009-04-09T10:27:00","modified_gmt":"2009-04-09T13:27:00","slug":"boa-noticia-governo-vai-liberar-r-150-milhoes-para-livros","status":"publish","type":"post","link":"https:\/\/abrelivros.org.br\/site\/boa-noticia-governo-vai-liberar-r-150-milhoes-para-livros\/","title":{"rendered":"Boa not\u00edcia: governo vai liberar R$ 150 milh\u00f5es para livros"},"content":{"rendered":"<p><img fetchpriority=\"high\" decoding=\"async\" class=\" alignleft size-full wp-image-2605\" src=\"https:\/\/abrelivros.org.br\/site\/wp-content\/uploads\/2009\/04\/3815.jpg\" border=\"0\" hspace=\"8\" align=\"left\" width=\"300\" height=\"192\" \/>A boa not\u00edcia da semana veio da boca do ministro do Planejamento, Paulo Bernardo: o governo federal vai restituir os R$ 150 milh\u00f5es que foram cortados dos programas de aquisi\u00e7\u00e3o de livros pelo Congresso no final do ano. O an\u00fancio foi feito nesta quarta-feira (8\/4), em Bras\u00edlia, durante audi\u00eancia com os representantes do mundo do livro. Foi um al\u00edvio geral.\u00a0<\/p>\n<p> O Minist\u00e9rio do Planejamento entendeu a urg\u00eancia e a necessidade de corrigir o erro gerado no Legislativo.\u00a0<br \/>   \u00a0<br \/> \u00a0<br \/><B> Estragos seriam graves\u00a0<br \/> \u00a0<br \/><\/B> A medida anunciada pelo ministro Paulo Bernardes vai evitar conseq\u00fc\u00eancias que seriam extremamente danosas. E n\u00e3o s\u00f3 para a quest\u00e3o do livro e da leitura, como para a pr\u00f3pria educa\u00e7\u00e3o no Pa\u00eds. Eis alguns dos estragos que estavam previstos caso o corte imposto pelo relator do or\u00e7amento da Uni\u00e3o no Congresso fosse mantido (significando uma tesourada de 20% no or\u00e7amento nos programas do livro em 2009):\u00a0<br \/> \u00a0<br \/> 1) 37 milh\u00f5es de alunos da rede p\u00fablica sem dicion\u00e1rios em 2009\/2010, justo quando est\u00e1 entrando em vigor o novo acordo ortogr\u00e1fico (os estudantes das escolas privadas teriam, naturalmente, os seus);\u00a0<br \/> \u00a0<br \/> 2) Programa Nacional Biblioteca da Escola (PNBE), um dos principais respons\u00e1veis pelo crescimento dos \u00edndices de leitura nesta d\u00e9cada, corria o risco de ser suspenso este ano;\u00a0<br \/> \u00a0<br \/> 3) Programas de aquisi\u00e7\u00e3o de livros para portadores de necessidades especiais seriam comprometidos;\u00a0<br \/> \u00a0<br \/> 4) Programa do livro did\u00e1tico precisaria ser reduzido, e pre\u00e7os dos livros pagos \u00e0s editoras teriam novo arrocho.\u00a0<br \/> \u00a0<br \/> \u00a0<br \/><B> Palocci intermediou a decis\u00e3o\u00a0<br \/> \u00a0<br \/><\/B> O deputado federal Ant\u00f4nio Palocci (PT-SP), duas vezes agraciado com o t\u00edtulo de Amigo do Livro, foi quem fez a defesa, ao governo, da necessidade de resolver logo o imbr\u00f3glio. Depois de explicar o impacto da medida ao ministro do Planejamento e convenc\u00ea-lo da import\u00e2ncia da preserva\u00e7\u00e3o dos recursos destinados aos livros, o parlamentar acompanhou os dirigentes das entidades do livro nesta quarta-feira, na audi\u00eancia com Paulo Bernardo.\u00a0<br \/> \u00a0<br \/>   \u00a0<br \/><B> Entidades do livro unem for\u00e7as\u00a0<br \/> \u00a0<br \/><\/B> A exemplo do que j\u00e1 ocorrera em outros epis\u00f3dios importantes da pol\u00edtica p\u00fablica do livro e leitura (como a desonera\u00e7\u00e3o fiscal de 2004), as tr\u00eas principais entidades da \u00e1rea decidiram unir suas for\u00e7as para pressionar em conjunto o Minist\u00e9rio da Educa\u00e7\u00e3o e o Minist\u00e9rio do Planejamento para que fosse buscada uma r\u00e1pida solu\u00e7\u00e3o para o problema. \u00a0<br \/> \u00a0<br \/> Os dirigentes da C\u00e2mara Brasileira do Livro (Rosely Boschini), Associa\u00e7\u00e3o Brasileira de Editores de Livros (Jorge Yunes) e Sindicato Nacional de Editores de Livros (o vice Roberto Feith) assinaram um documento \u00fanico que foi entregue, nesta quarta, 8\/4, ao presidente do Fundo Nacional do Desenvolvimento da Educa\u00e7\u00e3o (FNDE), Daniel Balaban, e, ainda, a Paulo Bernardo e Ant\u00f4nio Palocci.\u00a0<br \/> \u00a0<br \/> Os tr\u00eas \u2013 mais Andr\u00e9s Card\u00f3, do Grupo Santillana \u2013 estiveram nos dois minist\u00e9rios para expor a situa\u00e7\u00e3o cr\u00edtica que se desenhava.\u00a0<br \/> \u00a0<br \/> Em nome do Observat\u00f3rio do Livro e da Leitura (que desenvolveu um breve estudo a respeito), fiz uma r\u00e1pida an\u00e1lise dos impactos da medida sobre os \u00edndices de leitura do Brasil a Paulo Bernardo e Daniel Balaban.\u00a0<br \/> \u00a0<br \/> \u00a0<br \/><B> Em boa hora!\u00a0<br \/> \u00a0<br \/><\/B> A decis\u00e3o de devolver os R$ 150 milh\u00f5es aos programas nacionais do livro acontece numa hora pra l\u00e1 de boa. Embora muito menos do que em outras setores, os efeitos da crise internacional j\u00e1 come\u00e7aram a bater \u00e0s portas do mercado editorial brasileiro. Os primeiros reflexos foram em janeiro e fevereiro, na volta \u00e0s aulas. \u00a0<br \/> \u00a0<br \/> As compras feitas pelos pais foram 20% menores em rela\u00e7\u00e3o aos livros adotados no ano passado pelas escolas. No caso dos livros do Ensino M\u00e9dio, em que os pr\u00f3prios alunos fazem as compras, essa redu\u00e7\u00e3o chegou a 50%.\u00a0<br \/> \u00a0<br \/> Mas tamb\u00e9m as editoras de literatura infanto-juvenil e obras gerais j\u00e1 come\u00e7am a sentir o impacto. Muitas empresas do setor j\u00e1 est\u00e3o transferindo para 2010 investimentos previstos para este ano. Mas, por enquanto, segundo os dirigentes, a situa\u00e7\u00e3o ainda n\u00e3o chega a ser cr\u00edtica.\u00a0<br \/> \u00a0<\/p>\n<p><\/p>\n","protected":false},"excerpt":{"rendered":"<p>A boa not\u00edcia da semana veio da boca do ministro do Planejamento, Paulo Bernardo: o governo federal vai restituir os R$ 150 milh\u00f5es que foram cortados dos programas de aquisi\u00e7\u00e3o de livros pelo Congresso no final do ano. O an\u00fancio foi feito nesta quarta-feira (8\/4), em Bras\u00edlia, durante audi\u00eancia com os representantes do mundo do [&hellip;]<\/p>\n","protected":false},"author":1,"featured_media":2605,"comment_status":"closed","ping_status":"closed","sticky":false,"template":"","format":"standard","meta":{"footnotes":"","_links_to":"","_links_to_target":""},"categories":[9],"tags":[],"class_list":["post-2606","post","type-post","status-publish","format-standard","has-post-thumbnail","hentry","category-noticias-da-imprensa"],"yoast_head":"<!-- This site is optimized with the Yoast SEO plugin v15.1 - https:\/\/yoast.com\/wordpress\/plugins\/seo\/ -->\n<title>Boa not\u00edcia: governo vai liberar R$ 150 milh\u00f5es para livros &raquo; Abrelivros<\/title>\n<meta name=\"robots\" content=\"index, follow, max-snippet:-1, max-image-preview:large, max-video-preview:-1\" \/>\n<link rel=\"canonical\" href=\"https:\/\/abrelivros.org.br\/site\/boa-noticia-governo-vai-liberar-r-150-milhoes-para-livros\/\" \/>\n<meta property=\"og:locale\" content=\"pt_BR\" \/>\n<meta property=\"og:type\" content=\"article\" \/>\n<meta property=\"og:title\" content=\"Boa not\u00edcia: governo vai liberar R$ 150 milh\u00f5es para livros &raquo; Abrelivros\" \/>\n<meta property=\"og:description\" content=\"A boa not\u00edcia da semana veio da boca do ministro do Planejamento, Paulo Bernardo: o governo federal vai restituir os R$ 150 milh\u00f5es que foram cortados dos programas de aquisi\u00e7\u00e3o de livros pelo Congresso no final do ano. O an\u00fancio foi feito nesta quarta-feira (8\/4), em Bras\u00edlia, durante audi\u00eancia com os representantes do mundo do [&hellip;]\" \/>\n<meta property=\"og:url\" content=\"https:\/\/abrelivros.org.br\/site\/boa-noticia-governo-vai-liberar-r-150-milhoes-para-livros\/\" \/>\n<meta property=\"og:site_name\" content=\"Abrelivros\" \/>\n<meta property=\"article:published_time\" content=\"2009-04-09T13:27:00+00:00\" \/>\n<meta property=\"og:image\" content=\"https:\/\/abrelivros.org.br\/site\/wp-content\/uploads\/2009\/04\/3815.jpg\" \/>\n\t<meta property=\"og:image:width\" content=\"300\" \/>\n\t<meta property=\"og:image:height\" content=\"192\" \/>\n<meta name=\"twitter:card\" content=\"summary_large_image\" \/>\n<script type=\"application\/ld+json\" class=\"yoast-schema-graph\">{\"@context\":\"https:\/\/schema.org\",\"@graph\":[{\"@type\":\"WebSite\",\"@id\":\"https:\/\/abrelivros.org.br\/site\/#website\",\"url\":\"https:\/\/abrelivros.org.br\/site\/\",\"name\":\"Abrelivros\",\"description\":\"\",\"potentialAction\":[{\"@type\":\"SearchAction\",\"target\":\"https:\/\/abrelivros.org.br\/site\/?s={search_term_string}\",\"query-input\":\"required name=search_term_string\"}],\"inLanguage\":\"pt-BR\"},{\"@type\":\"ImageObject\",\"@id\":\"https:\/\/abrelivros.org.br\/site\/boa-noticia-governo-vai-liberar-r-150-milhoes-para-livros\/#primaryimage\",\"inLanguage\":\"pt-BR\",\"url\":\"https:\/\/abrelivros.org.br\/site\/wp-content\/uploads\/2009\/04\/3815.jpg\",\"width\":300,\"height\":192},{\"@type\":\"WebPage\",\"@id\":\"https:\/\/abrelivros.org.br\/site\/boa-noticia-governo-vai-liberar-r-150-milhoes-para-livros\/#webpage\",\"url\":\"https:\/\/abrelivros.org.br\/site\/boa-noticia-governo-vai-liberar-r-150-milhoes-para-livros\/\",\"name\":\"Boa not\\u00edcia: governo vai liberar R$ 150 milh\\u00f5es para livros &raquo; Abrelivros\",\"isPartOf\":{\"@id\":\"https:\/\/abrelivros.org.br\/site\/#website\"},\"primaryImageOfPage\":{\"@id\":\"https:\/\/abrelivros.org.br\/site\/boa-noticia-governo-vai-liberar-r-150-milhoes-para-livros\/#primaryimage\"},\"datePublished\":\"2009-04-09T13:27:00+00:00\",\"dateModified\":\"2009-04-09T13:27:00+00:00\",\"author\":{\"@id\":\"https:\/\/abrelivros.org.br\/site\/#\/schema\/person\/2b867f13a717bb230f1a3555505f5593\"},\"breadcrumb\":{\"@id\":\"https:\/\/abrelivros.org.br\/site\/boa-noticia-governo-vai-liberar-r-150-milhoes-para-livros\/#breadcrumb\"},\"inLanguage\":\"pt-BR\",\"potentialAction\":[{\"@type\":\"ReadAction\",\"target\":[\"https:\/\/abrelivros.org.br\/site\/boa-noticia-governo-vai-liberar-r-150-milhoes-para-livros\/\"]}]},{\"@type\":\"BreadcrumbList\",\"@id\":\"https:\/\/abrelivros.org.br\/site\/boa-noticia-governo-vai-liberar-r-150-milhoes-para-livros\/#breadcrumb\",\"itemListElement\":[{\"@type\":\"ListItem\",\"position\":1,\"item\":{\"@type\":\"WebPage\",\"@id\":\"https:\/\/abrelivros.org.br\/site\/\",\"url\":\"https:\/\/abrelivros.org.br\/site\/\",\"name\":\"In\\u00edcio\"}},{\"@type\":\"ListItem\",\"position\":2,\"item\":{\"@type\":\"WebPage\",\"@id\":\"https:\/\/abrelivros.org.br\/site\/category\/noticias\/\",\"url\":\"https:\/\/abrelivros.org.br\/site\/category\/noticias\/\",\"name\":\"Not\\u00edcias\"}},{\"@type\":\"ListItem\",\"position\":3,\"item\":{\"@type\":\"WebPage\",\"@id\":\"https:\/\/abrelivros.org.br\/site\/category\/noticias\/noticias-da-imprensa\/\",\"url\":\"https:\/\/abrelivros.org.br\/site\/category\/noticias\/noticias-da-imprensa\/\",\"name\":\"Not\\u00edcias da imprensa\"}},{\"@type\":\"ListItem\",\"position\":4,\"item\":{\"@type\":\"WebPage\",\"@id\":\"https:\/\/abrelivros.org.br\/site\/boa-noticia-governo-vai-liberar-r-150-milhoes-para-livros\/\",\"url\":\"https:\/\/abrelivros.org.br\/site\/boa-noticia-governo-vai-liberar-r-150-milhoes-para-livros\/\",\"name\":\"Boa not\\u00edcia: governo vai liberar R$ 150 milh\\u00f5es para livros\"}}]},{\"@type\":\"Person\",\"@id\":\"https:\/\/abrelivros.org.br\/site\/#\/schema\/person\/2b867f13a717bb230f1a3555505f5593\",\"name\":\"\\u00a0\",\"image\":{\"@type\":\"ImageObject\",\"@id\":\"https:\/\/abrelivros.org.br\/site\/#personlogo\",\"inLanguage\":\"pt-BR\",\"url\":\"https:\/\/secure.gravatar.com\/avatar\/e80b7f5231be2fff5040a8023da424898002831c5439420df182ae62676d2a6f?s=96&d=mm&r=g\",\"caption\":\"\\u00a0\"}}]}<\/script>\n<!-- \/ Yoast SEO plugin. -->","_links":{"self":[{"href":"https:\/\/abrelivros.org.br\/site\/wp-json\/wp\/v2\/posts\/2606","targetHints":{"allow":["GET"]}}],"collection":[{"href":"https:\/\/abrelivros.org.br\/site\/wp-json\/wp\/v2\/posts"}],"about":[{"href":"https:\/\/abrelivros.org.br\/site\/wp-json\/wp\/v2\/types\/post"}],"author":[{"embeddable":true,"href":"https:\/\/abrelivros.org.br\/site\/wp-json\/wp\/v2\/users\/1"}],"replies":[{"embeddable":true,"href":"https:\/\/abrelivros.org.br\/site\/wp-json\/wp\/v2\/comments?post=2606"}],"version-history":[{"count":0,"href":"https:\/\/abrelivros.org.br\/site\/wp-json\/wp\/v2\/posts\/2606\/revisions"}],"wp:featuredmedia":[{"embeddable":true,"href":"https:\/\/abrelivros.org.br\/site\/wp-json\/wp\/v2\/media\/2605"}],"wp:attachment":[{"href":"https:\/\/abrelivros.org.br\/site\/wp-json\/wp\/v2\/media?parent=2606"}],"wp:term":[{"taxonomy":"category","embeddable":true,"href":"https:\/\/abrelivros.org.br\/site\/wp-json\/wp\/v2\/categories?post=2606"},{"taxonomy":"post_tag","embeddable":true,"href":"https:\/\/abrelivros.org.br\/site\/wp-json\/wp\/v2\/tags?post=2606"}],"curies":[{"name":"wp","href":"https:\/\/api.w.org\/{rel}","templated":true}]}}