{"id":2604,"date":"2009-04-09T16:18:00","date_gmt":"2009-04-09T19:18:00","guid":{"rendered":"https:\/\/abrelivros.org.br\/site\/2009\/04\/09\/alunos-do-ensino-fundamental-de-sao-paulo-pioram-desempenho-em-portugues\/"},"modified":"2009-04-09T16:18:00","modified_gmt":"2009-04-09T19:18:00","slug":"alunos-do-ensino-fundamental-de-sao-paulo-pioram-desempenho-em-portugues","status":"publish","type":"post","link":"https:\/\/abrelivros.org.br\/site\/alunos-do-ensino-fundamental-de-sao-paulo-pioram-desempenho-em-portugues\/","title":{"rendered":"Alunos do ensino fundamental de S\u00e3o Paulo pioram desempenho em portugu\u00eas"},"content":{"rendered":"<p>O desempenho em portugu\u00eas dos alunos do ensino fundamental do Estado de S\u00e3o Paulo piorou, segundo revelam os dados do Saresp (Sistema de Avalia\u00e7\u00e3o de Rendimento Escolar do Estado de S\u00e3o Paulo) de 2008. A Secretaria de Estado da Educa\u00e7\u00e3o divulgou as notas da avalia\u00e7\u00e3o nesta quinta-feira (9).\u00a0<\/p>\n<p> As escolas j\u00e1 podem consultar seu desempenho no site do Saresp 2008.\u00a0<\/p>\n<p> \u201cN\u00e3o \u00e9 um resultado para comemorar. Mas \u00e9 um bom resultado. N\u00e3o deixo o governo nem um pouco decepcionada\u201c, afirmou a secret\u00e1ria da Educa\u00e7\u00e3o Maria Helena Guimar\u00e3es, que deixa o posto por motivos pessoais e ser\u00e1 substitu\u00edda pelo ex-ministro Paulo Renato na pr\u00f3xima segunda-feira (13).\u00a0<\/p>\n<p> Em 2008, a nota de portugu\u00eas dos estudantes da 4\u00aa s\u00e9rie do ensino fundamental foi de 180 pontos. A m\u00e9dia no ano anterior havia sido de 186,8. Na 6\u00aa s\u00e9rie, a m\u00e9dia do exame mais recente foi de 206 &#8211; inferior aos 210,4 obtidos em 2007. E na 8\u00aa s\u00e9rie do ensino fundamental, a queda das notas em portugu\u00eas foi mais acentuada: de 242,6 para 231,7, de 2007 para 2008.\u00a0<\/p>\n<p> O desempenho nas provas do Saresp do nosso idioma s\u00f3 melhorou entre os alunos do 3\u00ba ano do ensino m\u00e9dio. Em 2007, a m\u00e9dia havia sido de 263,2 e subiu para 272,5, no \u00faltimo exame.\u00a0<\/p>\n<p> Segundo a secret\u00e1ria, uma mudan\u00e7a na prova ocasionou queda de notas. \u201cA diminui\u00e7\u00e3o do desempenho de portugu\u00eas se deve \u00e0 dificuldade que os alunos apresentaram em usar conceitos de gram\u00e1tica, ortografia e compreens\u00e3o liter\u00e1ria\u201c, disse Maria Helena.\u00a0<\/p>\n<p> <B>Desempenho em matem\u00e1tica<\/B><\/p>\n<p> As notas do Saresp 2008, em todos os n\u00edveis de ensino avaliados, foram superiores \u00e0s de 2007.\u00a0<\/p>\n<p> Na 4\u00aa s\u00e9rie do ensino fundamental a m\u00e9dia da disciplina passou de 182,5 para 190,5, de 2007 a 2008. Na 6\u00aa s\u00e9rie, passou de 194,1 para 209,1. Na 8\u00aa s\u00e9rie, de 231,5 para 245,7 e no ensino m\u00e9dio a evolu\u00e7\u00e3o foi de 263,7 para 273,8.\u00a0<\/p>\n<p> A secretaria atribuiu a melhora em matem\u00e1tica \u00e0s diversas a\u00e7\u00f5es da pasta, tais como a recupera\u00e7\u00e3o de 42 dias, o uso de material pedag\u00f3gico espec\u00edfico, a expans\u00e3o da \u201cJornada de matem\u00e1tica\u201c (competi\u00e7\u00e3o de matem\u00e1tica entre alunos da 4\u00aa s\u00e9rie), a recupera\u00e7\u00e3o paralela e o envio de mais li\u00e7\u00e3o de casa para os estudantes.\u00a0<\/p>\n<p> <B>Ci\u00eancias<\/B><\/p>\n<p> Em 2008, o Saresp passou a analisar tamb\u00e9m o desempenho de ci\u00eancias. Fizeram a prova alunos de 6\u00aae 8\u00aa s\u00e9rie do ensino fundamental e de 3\u00ba ano do ensino m\u00e9dio. Como n\u00e3o havia esta avalia\u00e7\u00e3o no Saresp 2007, n\u00e3o h\u00e1 possibilidade de compara\u00e7\u00e3o.\u00a0<\/p>\n<p> Na 6\u00aa s\u00e9rie, a m\u00e9dia dos estudantes foi de 229,9; na 8\u00aa, de 250; e, no ensino m\u00e9dio, de 274,4 pontos. As \u00e1reas em que os alunos se sa\u00edram melhor foram sa\u00fade e ambiente.\u00a0<\/p>\n<p> <B>Particulares no Saresp<\/B><\/p>\n<p> Em mar\u00e7o foi anunciado que o Saresp dever\u00e1 ser obrigat\u00f3rio tamb\u00e9m para as escolas da rede particular de ensino do Estado de S\u00e3o Paulo. At\u00e9 o ano passado, somente as institui\u00e7\u00f5es p\u00fablicas tinham de aplicar a avalia\u00e7\u00e3o que mede o desempenho dos estudantes; as particulares participavam de forma facultativa.\u00a0<\/p>\n<p> A medida foi aprovada pelo Ceesp (Conselho Estadual de Educa\u00e7\u00e3o de S\u00e3o Paulo) e seria homologada pela Secretaria da Educa\u00e7\u00e3o para que pudesse valer j\u00e1 para o exame deste ano, segundo informou o vice-presidente do Ceesp, Jo\u00e3o Cardoso Palma Filho.\u00a0<\/p>\n<p> <B>O que \u00e9 o Saresp?<\/B><\/p>\n<p> A Secretaria da Educa\u00e7\u00e3o avalia a educa\u00e7\u00e3o b\u00e1sica no Estado, desde 1996, por meio do Saresp. Participam os alunos do ensino fundamental (2\u00aa, 4\u00aa, 6\u00aa e 8\u00aa s\u00e9ries) e do ensino m\u00e9dio (3\u00aa s\u00e9rie) das escolas urbanas e rurais da rede estadual na modalidade de ensino regular. \u00a0<\/p>\n<p> As provas relativas a 2008 foram aplicadas nos dias 27 e 28 de novembro de 2008, para cerca de 1,8 milh\u00e3o de estudantes da rede estadual. Todos os alunos s\u00e3o avaliados nas disciplinas de portugu\u00eas e matem\u00e1tica, numa escala de nota que vai de 100 a 450.\u00a0<\/p>\n<p> Nesse ano, as 6\u00aa e 8\u00aa s\u00e9ries do ensino fundamental e a 3\u00aa do m\u00e9dio tiveram tamb\u00e9m avalia\u00e7\u00e3o de ci\u00eancias, disciplina que ser\u00e1 substitu\u00edda por hist\u00f3ria e geografia em 2009. A cada ano essas mat\u00e9rias ser\u00e3o alternadas. \u00a0<br \/> \u00a0<br \/> \u00a0<\/p>\n","protected":false},"excerpt":{"rendered":"<p>O desempenho em portugu\u00eas dos alunos do ensino fundamental do Estado de S\u00e3o Paulo piorou, segundo revelam os dados do Saresp (Sistema de Avalia\u00e7\u00e3o de Rendimento Escolar do Estado de S\u00e3o Paulo) de 2008. A Secretaria de Estado da Educa\u00e7\u00e3o divulgou as notas da avalia\u00e7\u00e3o nesta quinta-feira (9).\u00a0 As escolas j\u00e1 podem consultar seu desempenho [&hellip;]<\/p>\n","protected":false},"author":1,"featured_media":0,"comment_status":"closed","ping_status":"closed","sticky":false,"template":"","format":"standard","meta":{"footnotes":"","_links_to":"","_links_to_target":""},"categories":[9],"tags":[],"class_list":["post-2604","post","type-post","status-publish","format-standard","hentry","category-noticias-da-imprensa"],"yoast_head":"<!-- This site is optimized with the Yoast SEO plugin v15.1 - https:\/\/yoast.com\/wordpress\/plugins\/seo\/ -->\n<title>Alunos do ensino fundamental de S\u00e3o Paulo pioram desempenho em portugu\u00eas &raquo; Abrelivros<\/title>\n<meta name=\"robots\" content=\"index, follow, max-snippet:-1, max-image-preview:large, max-video-preview:-1\" \/>\n<link rel=\"canonical\" href=\"https:\/\/abrelivros.org.br\/site\/alunos-do-ensino-fundamental-de-sao-paulo-pioram-desempenho-em-portugues\/\" \/>\n<meta property=\"og:locale\" content=\"pt_BR\" \/>\n<meta property=\"og:type\" content=\"article\" \/>\n<meta property=\"og:title\" content=\"Alunos do ensino fundamental de S\u00e3o Paulo pioram desempenho em portugu\u00eas &raquo; Abrelivros\" \/>\n<meta property=\"og:description\" content=\"O desempenho em portugu\u00eas dos alunos do ensino fundamental do Estado de S\u00e3o Paulo piorou, segundo revelam os dados do Saresp (Sistema de Avalia\u00e7\u00e3o de Rendimento Escolar do Estado de S\u00e3o Paulo) de 2008. A Secretaria de Estado da Educa\u00e7\u00e3o divulgou as notas da avalia\u00e7\u00e3o nesta quinta-feira (9).\u00a0 As escolas j\u00e1 podem consultar seu desempenho [&hellip;]\" \/>\n<meta property=\"og:url\" content=\"https:\/\/abrelivros.org.br\/site\/alunos-do-ensino-fundamental-de-sao-paulo-pioram-desempenho-em-portugues\/\" \/>\n<meta property=\"og:site_name\" content=\"Abrelivros\" \/>\n<meta property=\"article:published_time\" content=\"2009-04-09T19:18:00+00:00\" \/>\n<meta name=\"twitter:card\" content=\"summary_large_image\" \/>\n<script type=\"application\/ld+json\" class=\"yoast-schema-graph\">{\"@context\":\"https:\/\/schema.org\",\"@graph\":[{\"@type\":\"WebSite\",\"@id\":\"https:\/\/abrelivros.org.br\/site\/#website\",\"url\":\"https:\/\/abrelivros.org.br\/site\/\",\"name\":\"Abrelivros\",\"description\":\"\",\"potentialAction\":[{\"@type\":\"SearchAction\",\"target\":\"https:\/\/abrelivros.org.br\/site\/?s={search_term_string}\",\"query-input\":\"required name=search_term_string\"}],\"inLanguage\":\"pt-BR\"},{\"@type\":\"WebPage\",\"@id\":\"https:\/\/abrelivros.org.br\/site\/alunos-do-ensino-fundamental-de-sao-paulo-pioram-desempenho-em-portugues\/#webpage\",\"url\":\"https:\/\/abrelivros.org.br\/site\/alunos-do-ensino-fundamental-de-sao-paulo-pioram-desempenho-em-portugues\/\",\"name\":\"Alunos do ensino fundamental de S\\u00e3o Paulo pioram desempenho em portugu\\u00eas &raquo; Abrelivros\",\"isPartOf\":{\"@id\":\"https:\/\/abrelivros.org.br\/site\/#website\"},\"datePublished\":\"2009-04-09T19:18:00+00:00\",\"dateModified\":\"2009-04-09T19:18:00+00:00\",\"author\":{\"@id\":\"https:\/\/abrelivros.org.br\/site\/#\/schema\/person\/2b867f13a717bb230f1a3555505f5593\"},\"breadcrumb\":{\"@id\":\"https:\/\/abrelivros.org.br\/site\/alunos-do-ensino-fundamental-de-sao-paulo-pioram-desempenho-em-portugues\/#breadcrumb\"},\"inLanguage\":\"pt-BR\",\"potentialAction\":[{\"@type\":\"ReadAction\",\"target\":[\"https:\/\/abrelivros.org.br\/site\/alunos-do-ensino-fundamental-de-sao-paulo-pioram-desempenho-em-portugues\/\"]}]},{\"@type\":\"BreadcrumbList\",\"@id\":\"https:\/\/abrelivros.org.br\/site\/alunos-do-ensino-fundamental-de-sao-paulo-pioram-desempenho-em-portugues\/#breadcrumb\",\"itemListElement\":[{\"@type\":\"ListItem\",\"position\":1,\"item\":{\"@type\":\"WebPage\",\"@id\":\"https:\/\/abrelivros.org.br\/site\/\",\"url\":\"https:\/\/abrelivros.org.br\/site\/\",\"name\":\"In\\u00edcio\"}},{\"@type\":\"ListItem\",\"position\":2,\"item\":{\"@type\":\"WebPage\",\"@id\":\"https:\/\/abrelivros.org.br\/site\/category\/noticias\/\",\"url\":\"https:\/\/abrelivros.org.br\/site\/category\/noticias\/\",\"name\":\"Not\\u00edcias\"}},{\"@type\":\"ListItem\",\"position\":3,\"item\":{\"@type\":\"WebPage\",\"@id\":\"https:\/\/abrelivros.org.br\/site\/category\/noticias\/noticias-da-imprensa\/\",\"url\":\"https:\/\/abrelivros.org.br\/site\/category\/noticias\/noticias-da-imprensa\/\",\"name\":\"Not\\u00edcias da imprensa\"}},{\"@type\":\"ListItem\",\"position\":4,\"item\":{\"@type\":\"WebPage\",\"@id\":\"https:\/\/abrelivros.org.br\/site\/alunos-do-ensino-fundamental-de-sao-paulo-pioram-desempenho-em-portugues\/\",\"url\":\"https:\/\/abrelivros.org.br\/site\/alunos-do-ensino-fundamental-de-sao-paulo-pioram-desempenho-em-portugues\/\",\"name\":\"Alunos do ensino fundamental de S\\u00e3o Paulo pioram desempenho em portugu\\u00eas\"}}]},{\"@type\":\"Person\",\"@id\":\"https:\/\/abrelivros.org.br\/site\/#\/schema\/person\/2b867f13a717bb230f1a3555505f5593\",\"name\":\"\\u00a0\",\"image\":{\"@type\":\"ImageObject\",\"@id\":\"https:\/\/abrelivros.org.br\/site\/#personlogo\",\"inLanguage\":\"pt-BR\",\"url\":\"https:\/\/secure.gravatar.com\/avatar\/e80b7f5231be2fff5040a8023da424898002831c5439420df182ae62676d2a6f?s=96&d=mm&r=g\",\"caption\":\"\\u00a0\"}}]}<\/script>\n<!-- \/ Yoast SEO plugin. -->","_links":{"self":[{"href":"https:\/\/abrelivros.org.br\/site\/wp-json\/wp\/v2\/posts\/2604","targetHints":{"allow":["GET"]}}],"collection":[{"href":"https:\/\/abrelivros.org.br\/site\/wp-json\/wp\/v2\/posts"}],"about":[{"href":"https:\/\/abrelivros.org.br\/site\/wp-json\/wp\/v2\/types\/post"}],"author":[{"embeddable":true,"href":"https:\/\/abrelivros.org.br\/site\/wp-json\/wp\/v2\/users\/1"}],"replies":[{"embeddable":true,"href":"https:\/\/abrelivros.org.br\/site\/wp-json\/wp\/v2\/comments?post=2604"}],"version-history":[{"count":0,"href":"https:\/\/abrelivros.org.br\/site\/wp-json\/wp\/v2\/posts\/2604\/revisions"}],"wp:attachment":[{"href":"https:\/\/abrelivros.org.br\/site\/wp-json\/wp\/v2\/media?parent=2604"}],"wp:term":[{"taxonomy":"category","embeddable":true,"href":"https:\/\/abrelivros.org.br\/site\/wp-json\/wp\/v2\/categories?post=2604"},{"taxonomy":"post_tag","embeddable":true,"href":"https:\/\/abrelivros.org.br\/site\/wp-json\/wp\/v2\/tags?post=2604"}],"curies":[{"name":"wp","href":"https:\/\/api.w.org\/{rel}","templated":true}]}}