{"id":2602,"date":"2009-04-13T15:30:00","date_gmt":"2009-04-13T18:30:00","guid":{"rendered":"https:\/\/abrelivros.org.br\/site\/2009\/04\/13\/livros-didaticos-sao-abandonados-em-terreno-no-para\/"},"modified":"2009-04-13T15:30:00","modified_gmt":"2009-04-13T18:30:00","slug":"livros-didaticos-sao-abandonados-em-terreno-no-para","status":"publish","type":"post","link":"https:\/\/abrelivros.org.br\/site\/livros-didaticos-sao-abandonados-em-terreno-no-para\/","title":{"rendered":"Livros did\u00e1ticos s\u00e3o abandonados em terreno no Par\u00e1"},"content":{"rendered":"<p>Dezenas de livros did\u00e1ticos foram encontrados abandonados em um terreno no munic\u00edpio de Castanhal, no Par\u00e1. Os livros, distribu\u00eddos pelo Programa Nacional do Livro Did\u00e1tico e pelo Fundo Nacional para o Desenvolvimento da Educa\u00e7\u00e3o, s\u00e3o do ensino fundamental. Muitos s\u00e3o novos e ainda est\u00e3o na embalagem.&nbsp;<br \/> &nbsp;<br \/> Ao lado do terreno em que os livros foram encontrados fica a Associa\u00e7\u00e3o dos Pais e Amigos de Excepcionais (Apae). No im\u00f3vel, foram localizados livros semelhantes aos que foram abandonados. O caso foi denunciado ao Conselho Municipal de Assist\u00eancia Social de Castanhal. Os livros ser\u00e3o recolhidos e alguns devem ser reaproveitados.&nbsp;<br \/> &nbsp;<br \/> A Apae de Castanhal informou que os livros foram deixados no terreno por um zelador que n\u00e3o tinha autoriza\u00e7\u00e3o da dire\u00e7\u00e3o para jog\u00e1-los fora.&nbsp;<br \/> &nbsp;<br \/> &nbsp;<\/p>\n","protected":false},"excerpt":{"rendered":"<p>Dezenas de livros did\u00e1ticos foram encontrados abandonados em um terreno no munic\u00edpio de Castanhal, no Par\u00e1. Os livros, distribu\u00eddos pelo Programa Nacional do Livro Did\u00e1tico e pelo Fundo Nacional para o Desenvolvimento da Educa\u00e7\u00e3o, s\u00e3o do ensino fundamental. Muitos s\u00e3o novos e ainda est\u00e3o na embalagem.&nbsp; &nbsp; Ao lado do terreno em que os livros [&hellip;]<\/p>\n","protected":false},"author":1,"featured_media":0,"comment_status":"closed","ping_status":"closed","sticky":false,"template":"","format":"standard","meta":{"footnotes":"","_links_to":"","_links_to_target":""},"categories":[9],"tags":[],"class_list":["post-2602","post","type-post","status-publish","format-standard","hentry","category-noticias-da-imprensa"],"yoast_head":"<!-- This site is optimized with the Yoast SEO plugin v15.1 - https:\/\/yoast.com\/wordpress\/plugins\/seo\/ -->\n<title>Livros did\u00e1ticos s\u00e3o abandonados em terreno no Par\u00e1 &raquo; Abrelivros<\/title>\n<meta name=\"robots\" content=\"index, follow, max-snippet:-1, max-image-preview:large, max-video-preview:-1\" \/>\n<link rel=\"canonical\" href=\"https:\/\/abrelivros.org.br\/site\/livros-didaticos-sao-abandonados-em-terreno-no-para\/\" \/>\n<meta property=\"og:locale\" content=\"pt_BR\" \/>\n<meta property=\"og:type\" content=\"article\" \/>\n<meta property=\"og:title\" content=\"Livros did\u00e1ticos s\u00e3o abandonados em terreno no Par\u00e1 &raquo; Abrelivros\" \/>\n<meta property=\"og:description\" content=\"Dezenas de livros did\u00e1ticos foram encontrados abandonados em um terreno no munic\u00edpio de Castanhal, no Par\u00e1. Os livros, distribu\u00eddos pelo Programa Nacional do Livro Did\u00e1tico e pelo Fundo Nacional para o Desenvolvimento da Educa\u00e7\u00e3o, s\u00e3o do ensino fundamental. Muitos s\u00e3o novos e ainda est\u00e3o na embalagem.&nbsp; &nbsp; Ao lado do terreno em que os livros [&hellip;]\" \/>\n<meta property=\"og:url\" content=\"https:\/\/abrelivros.org.br\/site\/livros-didaticos-sao-abandonados-em-terreno-no-para\/\" \/>\n<meta property=\"og:site_name\" content=\"Abrelivros\" \/>\n<meta property=\"article:published_time\" content=\"2009-04-13T18:30:00+00:00\" \/>\n<meta name=\"twitter:card\" content=\"summary_large_image\" \/>\n<script type=\"application\/ld+json\" class=\"yoast-schema-graph\">{\"@context\":\"https:\/\/schema.org\",\"@graph\":[{\"@type\":\"WebSite\",\"@id\":\"https:\/\/abrelivros.org.br\/site\/#website\",\"url\":\"https:\/\/abrelivros.org.br\/site\/\",\"name\":\"Abrelivros\",\"description\":\"\",\"potentialAction\":[{\"@type\":\"SearchAction\",\"target\":\"https:\/\/abrelivros.org.br\/site\/?s={search_term_string}\",\"query-input\":\"required name=search_term_string\"}],\"inLanguage\":\"pt-BR\"},{\"@type\":\"WebPage\",\"@id\":\"https:\/\/abrelivros.org.br\/site\/livros-didaticos-sao-abandonados-em-terreno-no-para\/#webpage\",\"url\":\"https:\/\/abrelivros.org.br\/site\/livros-didaticos-sao-abandonados-em-terreno-no-para\/\",\"name\":\"Livros did\\u00e1ticos s\\u00e3o abandonados em terreno no Par\\u00e1 &raquo; Abrelivros\",\"isPartOf\":{\"@id\":\"https:\/\/abrelivros.org.br\/site\/#website\"},\"datePublished\":\"2009-04-13T18:30:00+00:00\",\"dateModified\":\"2009-04-13T18:30:00+00:00\",\"author\":{\"@id\":\"https:\/\/abrelivros.org.br\/site\/#\/schema\/person\/2b867f13a717bb230f1a3555505f5593\"},\"breadcrumb\":{\"@id\":\"https:\/\/abrelivros.org.br\/site\/livros-didaticos-sao-abandonados-em-terreno-no-para\/#breadcrumb\"},\"inLanguage\":\"pt-BR\",\"potentialAction\":[{\"@type\":\"ReadAction\",\"target\":[\"https:\/\/abrelivros.org.br\/site\/livros-didaticos-sao-abandonados-em-terreno-no-para\/\"]}]},{\"@type\":\"BreadcrumbList\",\"@id\":\"https:\/\/abrelivros.org.br\/site\/livros-didaticos-sao-abandonados-em-terreno-no-para\/#breadcrumb\",\"itemListElement\":[{\"@type\":\"ListItem\",\"position\":1,\"item\":{\"@type\":\"WebPage\",\"@id\":\"https:\/\/abrelivros.org.br\/site\/\",\"url\":\"https:\/\/abrelivros.org.br\/site\/\",\"name\":\"In\\u00edcio\"}},{\"@type\":\"ListItem\",\"position\":2,\"item\":{\"@type\":\"WebPage\",\"@id\":\"https:\/\/abrelivros.org.br\/site\/category\/noticias\/\",\"url\":\"https:\/\/abrelivros.org.br\/site\/category\/noticias\/\",\"name\":\"Not\\u00edcias\"}},{\"@type\":\"ListItem\",\"position\":3,\"item\":{\"@type\":\"WebPage\",\"@id\":\"https:\/\/abrelivros.org.br\/site\/category\/noticias\/noticias-da-imprensa\/\",\"url\":\"https:\/\/abrelivros.org.br\/site\/category\/noticias\/noticias-da-imprensa\/\",\"name\":\"Not\\u00edcias da imprensa\"}},{\"@type\":\"ListItem\",\"position\":4,\"item\":{\"@type\":\"WebPage\",\"@id\":\"https:\/\/abrelivros.org.br\/site\/livros-didaticos-sao-abandonados-em-terreno-no-para\/\",\"url\":\"https:\/\/abrelivros.org.br\/site\/livros-didaticos-sao-abandonados-em-terreno-no-para\/\",\"name\":\"Livros did\\u00e1ticos s\\u00e3o abandonados em terreno no Par\\u00e1\"}}]},{\"@type\":\"Person\",\"@id\":\"https:\/\/abrelivros.org.br\/site\/#\/schema\/person\/2b867f13a717bb230f1a3555505f5593\",\"name\":\"\\u00a0\",\"image\":{\"@type\":\"ImageObject\",\"@id\":\"https:\/\/abrelivros.org.br\/site\/#personlogo\",\"inLanguage\":\"pt-BR\",\"url\":\"https:\/\/secure.gravatar.com\/avatar\/e80b7f5231be2fff5040a8023da424898002831c5439420df182ae62676d2a6f?s=96&d=mm&r=g\",\"caption\":\"\\u00a0\"}}]}<\/script>\n<!-- \/ Yoast SEO plugin. -->","_links":{"self":[{"href":"https:\/\/abrelivros.org.br\/site\/wp-json\/wp\/v2\/posts\/2602","targetHints":{"allow":["GET"]}}],"collection":[{"href":"https:\/\/abrelivros.org.br\/site\/wp-json\/wp\/v2\/posts"}],"about":[{"href":"https:\/\/abrelivros.org.br\/site\/wp-json\/wp\/v2\/types\/post"}],"author":[{"embeddable":true,"href":"https:\/\/abrelivros.org.br\/site\/wp-json\/wp\/v2\/users\/1"}],"replies":[{"embeddable":true,"href":"https:\/\/abrelivros.org.br\/site\/wp-json\/wp\/v2\/comments?post=2602"}],"version-history":[{"count":0,"href":"https:\/\/abrelivros.org.br\/site\/wp-json\/wp\/v2\/posts\/2602\/revisions"}],"wp:attachment":[{"href":"https:\/\/abrelivros.org.br\/site\/wp-json\/wp\/v2\/media?parent=2602"}],"wp:term":[{"taxonomy":"category","embeddable":true,"href":"https:\/\/abrelivros.org.br\/site\/wp-json\/wp\/v2\/categories?post=2602"},{"taxonomy":"post_tag","embeddable":true,"href":"https:\/\/abrelivros.org.br\/site\/wp-json\/wp\/v2\/tags?post=2602"}],"curies":[{"name":"wp","href":"https:\/\/api.w.org\/{rel}","templated":true}]}}