{"id":2600,"date":"2009-04-15T14:04:00","date_gmt":"2009-04-15T17:04:00","guid":{"rendered":"https:\/\/abrelivros.org.br\/site\/2009\/04\/15\/paulo-renato-critica-enem-mais-voltado-para-o-vestibular\/"},"modified":"2009-04-15T14:04:00","modified_gmt":"2009-04-15T17:04:00","slug":"paulo-renato-critica-enem-mais-voltado-para-o-vestibular","status":"publish","type":"post","link":"https:\/\/abrelivros.org.br\/site\/paulo-renato-critica-enem-mais-voltado-para-o-vestibular\/","title":{"rendered":"Paulo Renato critica Enem mais voltado para o vestibular"},"content":{"rendered":"<p>O novo secret\u00e1rio da Educa\u00e7\u00e3o de S\u00e3o Paulo, Paulo Renato Souza, critica a mudan\u00e7a do Enem (Exame Nacional do Ensino M\u00e9dio), proposta pelo Minist\u00e9rio da Educa\u00e7\u00e3o. Para ele, o Enem \u00e9 importante por exigir menos conte\u00fados espec\u00edficos de disciplinas e mais racioc\u00ednio, caracter\u00edstica que baliza o ensino m\u00e9dio. No novo formato, diz, deixar\u00e1 de exercer essa influ\u00eancia. \u00a0<br \/> \u00a0<br \/> A Uni\u00e3o pretende que o Enem seja a forma de sele\u00e7\u00e3o de calouros de todas as universidades federais. O exame passar\u00e1 de 63 para 200 testes e cobrar\u00e1 mais conte\u00fado. O presidente do Inep (\u00f3rg\u00e3o respons\u00e1vel pela aplica\u00e7\u00e3o do Enem), Reynaldo Fernandes, rebateu a cr\u00edtica de Paulo Renato -que criou o exame quando foi ministro no governo FHC. \u201cHoje o Enem n\u00e3o baliza o ensino m\u00e9dio. Quem faz isso s\u00e3o os vestibulares, que cobram muitos conte\u00fados espec\u00edficos. \u00a0<br \/> \u00a0<br \/> O novo Enem ir\u00e1 cobrar tanto conte\u00fado quanto racioc\u00ednio.\u201c Leia abaixo trechos da entrevista com Paulo Renato. \u00a0<br \/> \u00a0<br \/>   \u00a0<br \/><B> FOLHA<\/B> &#8211; Na posse, o sr. disse que assume a secretaria atendendo a um \u201ccompromisso partid\u00e1rio\u201c. A educa\u00e7\u00e3o ficar\u00e1 em segundo plano at\u00e9 a elei\u00e7\u00e3o? \u00a0<br \/><B> PAULO RENATO SOUZA <\/B>&#8211; A minha vida nega isso. Dediquei a minha vida toda \u00e0 educa\u00e7\u00e3o. Mas estou muito insatisfeito com o que est\u00e1 acontecendo no pa\u00eds. Ajudarei mais refor\u00e7ando o governo Serra [governador Jos\u00e9 Serra, do PSDB, cotado como candidato a candidato \u00e0 Presid\u00eancia] do que como um homem a mais no Congresso [exercia mandato de deputado federal pelo PSDB]. \u00a0<br \/> \u00a0<br \/><B> FOLHA <\/B>&#8211; Pretende se candidatar? \u00a0<br \/><B> PAULO RENATO<\/B> &#8211; N\u00e3o. Agora, estou ligando minha trajet\u00f3ria pol\u00edtica \u00e0 do governador Serra. \u00a0<br \/> \u00a0<br \/><B> FOLHA <\/B>&#8211; O que lhe foi pedido? \u00a0<br \/><B> PAULO RENATO<\/B> &#8211; Que continuasse o trabalho da secret\u00e1ria Maria Helena. Ele n\u00e3o estava insatisfeito. Mas, como sou deputado, fui ministro e secret\u00e1rio, trago um refor\u00e7o pol\u00edtico, como uma pessoa mais experiente. Com mais gest\u00e3o, cuidado na implementa\u00e7\u00e3o de projetos. \u00a0<br \/> \u00a0<br \/><B> FOLHA <\/B>&#8211; Haver\u00e1 algum programa novo ou alguma mudan\u00e7a?<br \/><B> PAULO RENATO <\/B>&#8211; N\u00e3o. Mas quero dar mais \u00eanfase a duas \u00e1reas: alfabetiza\u00e7\u00e3o e diversifica\u00e7\u00e3o do ensino m\u00e9dio. Nos dois casos, \u00e9 intensificar e cobrar mais os programas que j\u00e1 est\u00e3o em andamento. Tamb\u00e9m quero uma nova prova para professores tempor\u00e1rios, mas ainda procuro uma solu\u00e7\u00e3o jur\u00eddica. \u00a0<br \/> \u00a0<br \/><B> FOLHA <\/B>&#8211; A maioria dos alunos de SP n\u00e3o sabe o que deveria. E o seu partido est\u00e1 no poder desde 1995.\u00a0<br \/><B> PAULO RENATO<\/B> &#8211; Uma coisa importante \u00e9 que hoje temos bons instrumentos de avalia\u00e7\u00e3o. E tem havido uma evolu\u00e7\u00e3o lenta, mas, sim, dever\u00edamos estar melhores. N\u00e3o estamos por causa da forma\u00e7\u00e3o dos professores, um problema nacional. Quando fui ministro, quis que a forma\u00e7\u00e3o estivesse mais voltada ao que \u00e9 trabalhado na sala de aula. Mas as faculdades de educa\u00e7\u00e3o da USP e da Unicamp barraram, disseram que era diminuir o papel do professor. Hoje, eles sabem muita teoria e pouca pr\u00e1tica [as universidades n\u00e3o se pronunciaram]. \u00a0<br \/> \u00a0<br \/><B> FOLHA<\/B> &#8211; Apoia o novo Enem? \u00a0<br \/><B> PAULO RENATO <\/B>&#8211; A proposta tem m\u00e9ritos, mas est\u00e1 mal formulada. O m\u00e9rito \u00e9 estimular a mobilidade dos alunos pelo pa\u00eds. Mas \u00e9 negativo mudar o Enem. Ser\u00e1 uma nova prova, com mais conte\u00fado. Assim, perdemos o Enem, que \u00e9 importante para balizar o ensino m\u00e9dio. O exame hoje avalia compet\u00eancias e habilidades gerais. N\u00e3o serve para selecionar candidatos para cem vagas disputadas. Ele ficar\u00e1 descaracterizado.\u00a0<br \/> \u00a0<br \/> \u00a0<br \/> \u00a0<br \/> \u00a0<br \/><B> PUC pode adotar Enem em 2010<br \/><\/B> O Tempo (MG) &#8211; Eug\u00eanio Martins<\/p>\n<p> A partir de 2010, o vestibular da PUC Minas pode ser substitu\u00eddo pela avalia\u00e7\u00e3o do resultado do Exame Nacional do Ensino M\u00e9dio (Enem). Segundo o professor F\u00e9lix de Ara\u00fajo Souza, membro da comiss\u00e3o do vestibular da PUC, a tend\u00eancia se consolidar\u00e1 com a implanta\u00e7\u00e3o do novo Enem, projeto do Minist\u00e9rio da Educa\u00e7\u00e3o com implanta\u00e7\u00e3o prevista para o m\u00eas de outubro. \u201cTudo indica que a forma atual de vestibular deve se esgotar. E o Enem tem se mostrado uma ferramenta eficaz de sele\u00e7\u00e3o de alunos. Os que estudam conosco &#8211; beneficiados pelo Programa Universidade para Todos (ProUni) &#8211; tem tido desempenho surpreendente\u201c, justificou. \u00a0<br \/> \u00a0<br \/> J\u00e1 no vestibular para o segundo semestre deste ano, com inscri\u00e7\u00f5es abertas at\u00e9 o pr\u00f3ximo dia 18, pela primeira vez, a PUC Minas passa a adotar o Enem como crit\u00e9rio de op\u00e7\u00e3o. O candidato pode optar por concorrer apenas pela sua nota no Enem, sem precisar fazer a tradicional prova. A universidade vai reservar 15% das vagas em cada curso, em todas as unidades do Estado, para alunos que concorrem apenas com o resultado do Enem. A prova do vestibular continua e o candidato ainda pode optar pelas duas modalidades. O aluno que optar por concorrer pelo Enem, al\u00e9m de pagar uma taxa mais barata (R$ 20 contra R$ 75 do convencional), poder\u00e1 concorrer a mais uma vaga em mais de um curso, o que n\u00e3o ocorre com quem faz o vestibular. \u00a0<br \/> \u00a0<br \/> Para participar do processo de sele\u00e7\u00e3o por meio do Enem, o candidato dever\u00e1 informar o n\u00famero de inscri\u00e7\u00e3o no Enem e o ano a ser considerado. \u00a0<br \/> \u00a0<br \/><B> Piloto.<\/B> No in\u00edcio do ano, a PUC j\u00e1 realizou um projeto piloto destinando algumas vagas para o Enem em cursos com menor procura. \u201cO resultado foi satisfat\u00f3rio e vamos ampliar. S\u00f3 n\u00e3o aumentamos mais o percentual por quest\u00e3o de cautela\u201c, explicou o professor. No entanto, dependendo da procura em alguns cursos, o percentual de alunos que entram na PUC apenas pelo Enem pode ser maior. \u201cSe as vagas destinadas a quem fez o vestibular n\u00e3o forem preenchidas, podem ser distribu\u00eddas pelos candidatos do Enem.\u201c \u00a0<br \/> \u00a0<br \/><B> Benef\u00edcio &#8211; Bolsas.<\/B> O Programa Universidade para Todos (ProUni), de concess\u00e3o de bolsas de estudos integrais e parciais a estudantes de cursos de gradua\u00e7\u00e3o e sequenciais, \u00e9 promovido pela PUC Minas desde 2005. \u00a0<br \/>  \u00a0<br \/> \u00a0<br \/> \u00a0<br \/><B> Reitoria da UFRGS rejeita novo Enem como crit\u00e9rio de ingresso em 2010<br \/><\/B> Portal UOL Educa\u00e7\u00e3o &#8211; Fl\u00e1vio Ilha \u00a0<br \/>  \u00a0<br \/> A reitoria da UFRGS (Universidade Federal do Rio Grande do Sul) decidiu n\u00e3o aceitar o novo Enem (Exame Nacional do Ensino M\u00e9dio), que ser\u00e1 aplicada nos dias 3 e 4 de outubro deste ano em todo o pa\u00eds, como crit\u00e9rio de sele\u00e7\u00e3o para o ingresso na institui\u00e7\u00e3o em 2010. Em reuni\u00e3o na segunda-feira (13), a reitoria justificou que n\u00e3o h\u00e1 tempo para uma altera\u00e7\u00e3o na forma de sele\u00e7\u00e3o de novos alunos, feito tradicionalmente por meio de exame vestibular. Al\u00e9m disso, a dire\u00e7\u00e3o da institui\u00e7\u00e3o tamb\u00e9m alegou que precisa se certificar da efici\u00eancia do novo modelo de ingresso, proposto pelo MEC (Minist\u00e9rio da Educa\u00e7\u00e3o). A nova avalia\u00e7\u00e3o, com 200 quest\u00f5es, ser\u00e1 mesma para todo o pa\u00eds e a proposta do MEC \u00e9 que ela possa substituir o vestibular nas universidades federais. \u00a0<br \/> \u00a0<br \/> Uma das ressalvas que a reitoria \u00e9 sobre a uniformidade da prova &#8211; um mesmo teste aplicado para todo o pa\u00eds. De certa forma, a prova poderia eliminar as especificidades regionais dos conte\u00fados ensinados segundo a vis\u00e3o da UFRGS. O reitor da UFRGS, Carlos Alexandre Netto, alegou que uma mudan\u00e7a nos crit\u00e9rios de ingresso geraria \u201cp\u00e2nico\u201c entre os vestibulandos neste momento. \u201cO vestibular de 2010 j\u00e1 come\u00e7ou para a UFRGS. Em nossa hist\u00f3ria, nunca mudamos as regras de ingresso com menos de um ano de anteced\u00eancia\u201c, justificou o reitor. \u00a0<br \/> \u00a0<br \/><B> Esperar para ver<\/B> &#8211; Netto ressalvou, por\u00e9m, que a decis\u00e3o da reitoria n\u00e3o significa uma rejei\u00e7\u00e3o ao modelo proposto pelo MEC para ingresso nas universidades p\u00fablicas. Mas disse que os m\u00e9todos de ingresso aplicados pela UFRGS nunca motivaram qualquer questionamento em rela\u00e7\u00e3o \u00e0 qualidade das provas. \u201cPrecisamos ter seguran\u00e7a de que o modelo [do MEC] \u00e9 de fato eficaz\u201c, disse. Segundo ele, a institui\u00e7\u00e3o pretende utilizar a prova do Enem como crit\u00e9rio de ingresso apenas para a sele\u00e7\u00e3o de 2011. E assim mesmo de forma parcial. Uma das propostas \u00e9 fazer com a que prova substitua a primeira fase do vestibular da UFRGS, igual para todas as \u00e1reas de conhecimento. Outra possibilidade \u00e9 atribuir um peso \u00e0 nota do Enem, como forma de compor a nota final dos candidatos como acontecia at\u00e9 o \u00faltimo vestibular da Fuvest. \u00a0<br \/> \u00a0<br \/> A decis\u00e3o final depende da aprova\u00e7\u00e3o de dois colegiados da UFRGS: o CEP (Conselho de Ensino, Pesquisa e Extens\u00e3o) e do Consun (Conselho Universit\u00e1rio) da Ufrgs, inst\u00e2ncias superiores \u00e0 reitoria. Os conselhos, que t\u00eam representa\u00e7\u00e3o de alunos, funcion\u00e1rios e professores, podem acatar ou n\u00e3o a decis\u00e3o tomada pela dire\u00e7\u00e3o da universidade. A delibera\u00e7\u00e3o final precisa ser adotada at\u00e9 julho, data de publica\u00e7\u00e3o do edital de convoca\u00e7\u00e3o do vestibular. O processo seletivo da federal ga\u00facha, a maior universidade p\u00fablica da regi\u00e3o Sul, ocorre em janeiro. No \u00faltimo concurso, 34 mil candidatos prestaram exame para disputar 4,5 mil vagas &#8211; densidade de oito candidatos por vaga. Desse total, 704 foram ocupadas por estudantes egressos do ensino p\u00fablico e outras 704 foram preenchidas atrav\u00e9s das cotas raciais. O curso de Medicina, mais procurado pelos vestibulandos, teve 37 vestibulandos por vaga.\u00a0<br \/>  \u00a0<\/p>\n","protected":false},"excerpt":{"rendered":"<p>O novo secret\u00e1rio da Educa\u00e7\u00e3o de S\u00e3o Paulo, Paulo Renato Souza, critica a mudan\u00e7a do Enem (Exame Nacional do Ensino M\u00e9dio), proposta pelo Minist\u00e9rio da Educa\u00e7\u00e3o. Para ele, o Enem \u00e9 importante por exigir menos conte\u00fados espec\u00edficos de disciplinas e mais racioc\u00ednio, caracter\u00edstica que baliza o ensino m\u00e9dio. No novo formato, diz, deixar\u00e1 de exercer [&hellip;]<\/p>\n","protected":false},"author":1,"featured_media":0,"comment_status":"closed","ping_status":"closed","sticky":false,"template":"","format":"standard","meta":{"footnotes":"","_links_to":"","_links_to_target":""},"categories":[9],"tags":[],"class_list":["post-2600","post","type-post","status-publish","format-standard","hentry","category-noticias-da-imprensa"],"yoast_head":"<!-- This site is optimized with the Yoast SEO plugin v15.1 - https:\/\/yoast.com\/wordpress\/plugins\/seo\/ -->\n<title>Paulo Renato critica Enem mais voltado para o vestibular &raquo; Abrelivros<\/title>\n<meta name=\"robots\" content=\"index, follow, max-snippet:-1, max-image-preview:large, max-video-preview:-1\" \/>\n<link rel=\"canonical\" href=\"https:\/\/abrelivros.org.br\/site\/paulo-renato-critica-enem-mais-voltado-para-o-vestibular\/\" \/>\n<meta property=\"og:locale\" content=\"pt_BR\" \/>\n<meta property=\"og:type\" content=\"article\" \/>\n<meta property=\"og:title\" content=\"Paulo Renato critica Enem mais voltado para o vestibular &raquo; Abrelivros\" \/>\n<meta property=\"og:description\" content=\"O novo secret\u00e1rio da Educa\u00e7\u00e3o de S\u00e3o Paulo, Paulo Renato Souza, critica a mudan\u00e7a do Enem (Exame Nacional do Ensino M\u00e9dio), proposta pelo Minist\u00e9rio da Educa\u00e7\u00e3o. Para ele, o Enem \u00e9 importante por exigir menos conte\u00fados espec\u00edficos de disciplinas e mais racioc\u00ednio, caracter\u00edstica que baliza o ensino m\u00e9dio. No novo formato, diz, deixar\u00e1 de exercer [&hellip;]\" \/>\n<meta property=\"og:url\" content=\"https:\/\/abrelivros.org.br\/site\/paulo-renato-critica-enem-mais-voltado-para-o-vestibular\/\" \/>\n<meta property=\"og:site_name\" content=\"Abrelivros\" \/>\n<meta property=\"article:published_time\" content=\"2009-04-15T17:04:00+00:00\" \/>\n<meta name=\"twitter:card\" content=\"summary_large_image\" \/>\n<script type=\"application\/ld+json\" class=\"yoast-schema-graph\">{\"@context\":\"https:\/\/schema.org\",\"@graph\":[{\"@type\":\"WebSite\",\"@id\":\"https:\/\/abrelivros.org.br\/site\/#website\",\"url\":\"https:\/\/abrelivros.org.br\/site\/\",\"name\":\"Abrelivros\",\"description\":\"\",\"potentialAction\":[{\"@type\":\"SearchAction\",\"target\":\"https:\/\/abrelivros.org.br\/site\/?s={search_term_string}\",\"query-input\":\"required name=search_term_string\"}],\"inLanguage\":\"pt-BR\"},{\"@type\":\"WebPage\",\"@id\":\"https:\/\/abrelivros.org.br\/site\/paulo-renato-critica-enem-mais-voltado-para-o-vestibular\/#webpage\",\"url\":\"https:\/\/abrelivros.org.br\/site\/paulo-renato-critica-enem-mais-voltado-para-o-vestibular\/\",\"name\":\"Paulo Renato critica Enem mais voltado para o vestibular &raquo; Abrelivros\",\"isPartOf\":{\"@id\":\"https:\/\/abrelivros.org.br\/site\/#website\"},\"datePublished\":\"2009-04-15T17:04:00+00:00\",\"dateModified\":\"2009-04-15T17:04:00+00:00\",\"author\":{\"@id\":\"https:\/\/abrelivros.org.br\/site\/#\/schema\/person\/2b867f13a717bb230f1a3555505f5593\"},\"breadcrumb\":{\"@id\":\"https:\/\/abrelivros.org.br\/site\/paulo-renato-critica-enem-mais-voltado-para-o-vestibular\/#breadcrumb\"},\"inLanguage\":\"pt-BR\",\"potentialAction\":[{\"@type\":\"ReadAction\",\"target\":[\"https:\/\/abrelivros.org.br\/site\/paulo-renato-critica-enem-mais-voltado-para-o-vestibular\/\"]}]},{\"@type\":\"BreadcrumbList\",\"@id\":\"https:\/\/abrelivros.org.br\/site\/paulo-renato-critica-enem-mais-voltado-para-o-vestibular\/#breadcrumb\",\"itemListElement\":[{\"@type\":\"ListItem\",\"position\":1,\"item\":{\"@type\":\"WebPage\",\"@id\":\"https:\/\/abrelivros.org.br\/site\/\",\"url\":\"https:\/\/abrelivros.org.br\/site\/\",\"name\":\"In\\u00edcio\"}},{\"@type\":\"ListItem\",\"position\":2,\"item\":{\"@type\":\"WebPage\",\"@id\":\"https:\/\/abrelivros.org.br\/site\/category\/noticias\/\",\"url\":\"https:\/\/abrelivros.org.br\/site\/category\/noticias\/\",\"name\":\"Not\\u00edcias\"}},{\"@type\":\"ListItem\",\"position\":3,\"item\":{\"@type\":\"WebPage\",\"@id\":\"https:\/\/abrelivros.org.br\/site\/category\/noticias\/noticias-da-imprensa\/\",\"url\":\"https:\/\/abrelivros.org.br\/site\/category\/noticias\/noticias-da-imprensa\/\",\"name\":\"Not\\u00edcias da imprensa\"}},{\"@type\":\"ListItem\",\"position\":4,\"item\":{\"@type\":\"WebPage\",\"@id\":\"https:\/\/abrelivros.org.br\/site\/paulo-renato-critica-enem-mais-voltado-para-o-vestibular\/\",\"url\":\"https:\/\/abrelivros.org.br\/site\/paulo-renato-critica-enem-mais-voltado-para-o-vestibular\/\",\"name\":\"Paulo Renato critica Enem mais voltado para o vestibular\"}}]},{\"@type\":\"Person\",\"@id\":\"https:\/\/abrelivros.org.br\/site\/#\/schema\/person\/2b867f13a717bb230f1a3555505f5593\",\"name\":\"\\u00a0\",\"image\":{\"@type\":\"ImageObject\",\"@id\":\"https:\/\/abrelivros.org.br\/site\/#personlogo\",\"inLanguage\":\"pt-BR\",\"url\":\"https:\/\/secure.gravatar.com\/avatar\/e80b7f5231be2fff5040a8023da424898002831c5439420df182ae62676d2a6f?s=96&d=mm&r=g\",\"caption\":\"\\u00a0\"}}]}<\/script>\n<!-- \/ Yoast SEO plugin. -->","_links":{"self":[{"href":"https:\/\/abrelivros.org.br\/site\/wp-json\/wp\/v2\/posts\/2600","targetHints":{"allow":["GET"]}}],"collection":[{"href":"https:\/\/abrelivros.org.br\/site\/wp-json\/wp\/v2\/posts"}],"about":[{"href":"https:\/\/abrelivros.org.br\/site\/wp-json\/wp\/v2\/types\/post"}],"author":[{"embeddable":true,"href":"https:\/\/abrelivros.org.br\/site\/wp-json\/wp\/v2\/users\/1"}],"replies":[{"embeddable":true,"href":"https:\/\/abrelivros.org.br\/site\/wp-json\/wp\/v2\/comments?post=2600"}],"version-history":[{"count":0,"href":"https:\/\/abrelivros.org.br\/site\/wp-json\/wp\/v2\/posts\/2600\/revisions"}],"wp:attachment":[{"href":"https:\/\/abrelivros.org.br\/site\/wp-json\/wp\/v2\/media?parent=2600"}],"wp:term":[{"taxonomy":"category","embeddable":true,"href":"https:\/\/abrelivros.org.br\/site\/wp-json\/wp\/v2\/categories?post=2600"},{"taxonomy":"post_tag","embeddable":true,"href":"https:\/\/abrelivros.org.br\/site\/wp-json\/wp\/v2\/tags?post=2600"}],"curies":[{"name":"wp","href":"https:\/\/api.w.org\/{rel}","templated":true}]}}