{"id":2599,"date":"2009-04-16T16:19:00","date_gmt":"2009-04-16T19:19:00","guid":{"rendered":"https:\/\/abrelivros.org.br\/site\/2009\/04\/16\/revitalizamos-um-enem-moribundo-diz-ministro-da-educacao\/"},"modified":"2009-04-16T16:19:00","modified_gmt":"2009-04-16T19:19:00","slug":"revitalizamos-um-enem-moribundo-diz-ministro-da-educacao","status":"publish","type":"post","link":"https:\/\/abrelivros.org.br\/site\/revitalizamos-um-enem-moribundo-diz-ministro-da-educacao\/","title":{"rendered":"\u2019Revitalizamos um Enem moribundo\u2019, diz ministro da Educa\u00e7\u00e3o"},"content":{"rendered":"<p>O ministro da Educa\u00e7\u00e3o, Fernando Haddad, rebateu na quarta-feira (15) as cr\u00edticas feitas pelo secret\u00e1rio de Educa\u00e7\u00e3o de S\u00e3o Paulo, Paulo Rento de Souza, sobre a proposta do novo Exame Nacional do Ensino M\u00e9dio (Enem). \u00a0<br \/> \u00a0<br \/> \u201cO Enem funciona muito bem para avaliar estudantes do ensino m\u00e9dio, mas n\u00e3o para selecionar paa as universidades federais\u201d, disse Paulo Renato, que implantou o Enem quando foi ministro da Educa\u00e7\u00e3o. \u00a0<br \/> \u00a0<br \/> Haddad disse que discorda \u201cfrontalmente\u201c da opini\u00e3o do secret\u00e1rio. \u201c77% das pessoas que fazem o Enem hoje o fazem porque buscam uma vaga numa universidade. O Enem estava praticamente morto quando assumimos o minist\u00e9rio e o que revitalizou o Enem foi o ProUni,  Programa Universidade para Todos, que exigiu a prova do Enem para a distribui\u00e7\u00e3o de bolsas nas universidades particulares. N\u00f3s n\u00e3o temos nada contra o Enem, tanto \u00e9 que revitalizamos um Enem moribundo para efeito de distribui\u00e7\u00e3o de vagas do ProUni.\u201c \u00a0<br \/> \u00a0<br \/> Segundo ele, todos os especialistas, estat\u00edsticos e educadores consultados entendem que o Enem precisa ser mudado para reorientar o ensino m\u00e9dio. \u201cTanto isso \u00e9 verdade que o curr\u00edculo do ensino m\u00e9dio n\u00e3o mudou nada depois de 11 anos do Enem no formato atual. Se tivesse esse benef\u00edcio, j\u00e1 teria havido uma altera\u00e7\u00e3o.   Queremos usar uma boa id\u00e9ia, que n\u00e3o deu certo, e aprimor\u00e1-la\u201c, disse o ministro.\u00a0<br \/> \u00a0<br \/> Em rela\u00e7\u00e3o \u00e0 pesquisa divulgada nesta quarta pela Funda\u00e7\u00e3o Getulio Vargas mostra que 40,3% dos jovens de 15 a 17 anos abandonam a escola por falta de interesse, enquanto 27,1% saem por raz\u00f5es de trabalho e renda. Para combater a evas\u00e3o, o ministro defende que haja uma integra\u00e7\u00e3o do ensino m\u00e9dio regular com a educa\u00e7\u00e3o profissional. \u201cTeremos que contar com o apoio do Sistema S (Senai e Senac) para conceder vagas gratuitas para esses jovens. Por isso que o governo federal tem investido na amplia\u00e7\u00e3o das escolas t\u00e9cnicas. Em oito anos de governo, ser\u00e3o 214 escolas em todo o pa\u00eds\u201c.  \u00a0<br \/> \u00a0<\/p>\n","protected":false},"excerpt":{"rendered":"<p>O ministro da Educa\u00e7\u00e3o, Fernando Haddad, rebateu na quarta-feira (15) as cr\u00edticas feitas pelo secret\u00e1rio de Educa\u00e7\u00e3o de S\u00e3o Paulo, Paulo Rento de Souza, sobre a proposta do novo Exame Nacional do Ensino M\u00e9dio (Enem). \u00a0 \u00a0 \u201cO Enem funciona muito bem para avaliar estudantes do ensino m\u00e9dio, mas n\u00e3o para selecionar paa as universidades [&hellip;]<\/p>\n","protected":false},"author":1,"featured_media":0,"comment_status":"closed","ping_status":"closed","sticky":false,"template":"","format":"standard","meta":{"footnotes":"","_links_to":"","_links_to_target":""},"categories":[9],"tags":[],"class_list":["post-2599","post","type-post","status-publish","format-standard","hentry","category-noticias-da-imprensa"],"yoast_head":"<!-- This site is optimized with the Yoast SEO plugin v15.1 - https:\/\/yoast.com\/wordpress\/plugins\/seo\/ -->\n<title>\u2019Revitalizamos um Enem moribundo\u2019, diz ministro da Educa\u00e7\u00e3o &raquo; Abrelivros<\/title>\n<meta name=\"robots\" content=\"index, follow, max-snippet:-1, max-image-preview:large, max-video-preview:-1\" \/>\n<link rel=\"canonical\" href=\"https:\/\/abrelivros.org.br\/site\/revitalizamos-um-enem-moribundo-diz-ministro-da-educacao\/\" \/>\n<meta property=\"og:locale\" content=\"pt_BR\" \/>\n<meta property=\"og:type\" content=\"article\" \/>\n<meta property=\"og:title\" content=\"\u2019Revitalizamos um Enem moribundo\u2019, diz ministro da Educa\u00e7\u00e3o &raquo; Abrelivros\" \/>\n<meta property=\"og:description\" content=\"O ministro da Educa\u00e7\u00e3o, Fernando Haddad, rebateu na quarta-feira (15) as cr\u00edticas feitas pelo secret\u00e1rio de Educa\u00e7\u00e3o de S\u00e3o Paulo, Paulo Rento de Souza, sobre a proposta do novo Exame Nacional do Ensino M\u00e9dio (Enem). \u00a0 \u00a0 \u201cO Enem funciona muito bem para avaliar estudantes do ensino m\u00e9dio, mas n\u00e3o para selecionar paa as universidades [&hellip;]\" \/>\n<meta property=\"og:url\" content=\"https:\/\/abrelivros.org.br\/site\/revitalizamos-um-enem-moribundo-diz-ministro-da-educacao\/\" \/>\n<meta property=\"og:site_name\" content=\"Abrelivros\" \/>\n<meta property=\"article:published_time\" content=\"2009-04-16T19:19:00+00:00\" \/>\n<meta name=\"twitter:card\" content=\"summary_large_image\" \/>\n<script type=\"application\/ld+json\" class=\"yoast-schema-graph\">{\"@context\":\"https:\/\/schema.org\",\"@graph\":[{\"@type\":\"WebSite\",\"@id\":\"https:\/\/abrelivros.org.br\/site\/#website\",\"url\":\"https:\/\/abrelivros.org.br\/site\/\",\"name\":\"Abrelivros\",\"description\":\"\",\"potentialAction\":[{\"@type\":\"SearchAction\",\"target\":\"https:\/\/abrelivros.org.br\/site\/?s={search_term_string}\",\"query-input\":\"required name=search_term_string\"}],\"inLanguage\":\"pt-BR\"},{\"@type\":\"WebPage\",\"@id\":\"https:\/\/abrelivros.org.br\/site\/revitalizamos-um-enem-moribundo-diz-ministro-da-educacao\/#webpage\",\"url\":\"https:\/\/abrelivros.org.br\/site\/revitalizamos-um-enem-moribundo-diz-ministro-da-educacao\/\",\"name\":\"\\u2019Revitalizamos um Enem moribundo\\u2019, diz ministro da Educa\\u00e7\\u00e3o &raquo; Abrelivros\",\"isPartOf\":{\"@id\":\"https:\/\/abrelivros.org.br\/site\/#website\"},\"datePublished\":\"2009-04-16T19:19:00+00:00\",\"dateModified\":\"2009-04-16T19:19:00+00:00\",\"author\":{\"@id\":\"https:\/\/abrelivros.org.br\/site\/#\/schema\/person\/2b867f13a717bb230f1a3555505f5593\"},\"breadcrumb\":{\"@id\":\"https:\/\/abrelivros.org.br\/site\/revitalizamos-um-enem-moribundo-diz-ministro-da-educacao\/#breadcrumb\"},\"inLanguage\":\"pt-BR\",\"potentialAction\":[{\"@type\":\"ReadAction\",\"target\":[\"https:\/\/abrelivros.org.br\/site\/revitalizamos-um-enem-moribundo-diz-ministro-da-educacao\/\"]}]},{\"@type\":\"BreadcrumbList\",\"@id\":\"https:\/\/abrelivros.org.br\/site\/revitalizamos-um-enem-moribundo-diz-ministro-da-educacao\/#breadcrumb\",\"itemListElement\":[{\"@type\":\"ListItem\",\"position\":1,\"item\":{\"@type\":\"WebPage\",\"@id\":\"https:\/\/abrelivros.org.br\/site\/\",\"url\":\"https:\/\/abrelivros.org.br\/site\/\",\"name\":\"In\\u00edcio\"}},{\"@type\":\"ListItem\",\"position\":2,\"item\":{\"@type\":\"WebPage\",\"@id\":\"https:\/\/abrelivros.org.br\/site\/category\/noticias\/\",\"url\":\"https:\/\/abrelivros.org.br\/site\/category\/noticias\/\",\"name\":\"Not\\u00edcias\"}},{\"@type\":\"ListItem\",\"position\":3,\"item\":{\"@type\":\"WebPage\",\"@id\":\"https:\/\/abrelivros.org.br\/site\/category\/noticias\/noticias-da-imprensa\/\",\"url\":\"https:\/\/abrelivros.org.br\/site\/category\/noticias\/noticias-da-imprensa\/\",\"name\":\"Not\\u00edcias da imprensa\"}},{\"@type\":\"ListItem\",\"position\":4,\"item\":{\"@type\":\"WebPage\",\"@id\":\"https:\/\/abrelivros.org.br\/site\/revitalizamos-um-enem-moribundo-diz-ministro-da-educacao\/\",\"url\":\"https:\/\/abrelivros.org.br\/site\/revitalizamos-um-enem-moribundo-diz-ministro-da-educacao\/\",\"name\":\"\\u2019Revitalizamos um Enem moribundo\\u2019, diz ministro da Educa\\u00e7\\u00e3o\"}}]},{\"@type\":\"Person\",\"@id\":\"https:\/\/abrelivros.org.br\/site\/#\/schema\/person\/2b867f13a717bb230f1a3555505f5593\",\"name\":\"\\u00a0\",\"image\":{\"@type\":\"ImageObject\",\"@id\":\"https:\/\/abrelivros.org.br\/site\/#personlogo\",\"inLanguage\":\"pt-BR\",\"url\":\"https:\/\/secure.gravatar.com\/avatar\/e80b7f5231be2fff5040a8023da424898002831c5439420df182ae62676d2a6f?s=96&d=mm&r=g\",\"caption\":\"\\u00a0\"}}]}<\/script>\n<!-- \/ Yoast SEO plugin. -->","_links":{"self":[{"href":"https:\/\/abrelivros.org.br\/site\/wp-json\/wp\/v2\/posts\/2599","targetHints":{"allow":["GET"]}}],"collection":[{"href":"https:\/\/abrelivros.org.br\/site\/wp-json\/wp\/v2\/posts"}],"about":[{"href":"https:\/\/abrelivros.org.br\/site\/wp-json\/wp\/v2\/types\/post"}],"author":[{"embeddable":true,"href":"https:\/\/abrelivros.org.br\/site\/wp-json\/wp\/v2\/users\/1"}],"replies":[{"embeddable":true,"href":"https:\/\/abrelivros.org.br\/site\/wp-json\/wp\/v2\/comments?post=2599"}],"version-history":[{"count":0,"href":"https:\/\/abrelivros.org.br\/site\/wp-json\/wp\/v2\/posts\/2599\/revisions"}],"wp:attachment":[{"href":"https:\/\/abrelivros.org.br\/site\/wp-json\/wp\/v2\/media?parent=2599"}],"wp:term":[{"taxonomy":"category","embeddable":true,"href":"https:\/\/abrelivros.org.br\/site\/wp-json\/wp\/v2\/categories?post=2599"},{"taxonomy":"post_tag","embeddable":true,"href":"https:\/\/abrelivros.org.br\/site\/wp-json\/wp\/v2\/tags?post=2599"}],"curies":[{"name":"wp","href":"https:\/\/api.w.org\/{rel}","templated":true}]}}