{"id":2597,"date":"2009-04-16T16:46:00","date_gmt":"2009-04-16T19:46:00","guid":{"rendered":"https:\/\/abrelivros.org.br\/site\/2009\/04\/16\/inep-convida-conselho-de-secretarios-estaduais-para-discutir-novo-enem\/"},"modified":"2009-04-16T16:46:00","modified_gmt":"2009-04-16T19:46:00","slug":"inep-convida-conselho-de-secretarios-estaduais-para-discutir-novo-enem","status":"publish","type":"post","link":"https:\/\/abrelivros.org.br\/site\/inep-convida-conselho-de-secretarios-estaduais-para-discutir-novo-enem\/","title":{"rendered":"Inep convida Conselho de Secret\u00e1rios Estaduais para discutir novo Enem"},"content":{"rendered":"<p>O Conselho Nacional de Secret\u00e1rios Estaduais de Educa\u00e7\u00e3o (Consed) foi convidado nesta quarta-feira (15) pelo presidente do Instituto Nacional de Pesquisas e Estudos Educacionais (Inep), Reynaldo Fernandes, a integrar o comit\u00ea de governan\u00e7a que ir\u00e1 discutir o novo formato do Exame Nacional do Ensino M\u00e9dio (Enem). \u201c\u00c9 uma parceria in\u00e9dita entre os diversos atores da educa\u00e7\u00e3o: estados, Uni\u00e3o e universidades\u201c, comemorou Dorinha Seabra Rezende, secret\u00e1ria de Estado da Educa\u00e7\u00e3o e Cultura do Tocantins e presidente do Consed. \u00a0<\/p>\n<p> Tamb\u00e9m far\u00e3o parte desse comit\u00ea representantes da Associa\u00e7\u00e3o Nacional dos Dirigentes das Institui\u00e7\u00f5es Federais de Ensino Superior (Andifes) e das universidades que aderirem \u00e0 proposta do Minist\u00e9rio da Educa\u00e7\u00e3o (MEC) de substituir o vestibular das federais pela prova do Enem. O objetivo \u00e9 debater como e o que ser\u00e1 cobrado na prova. Ser\u00e3o indicados pelo Consed cinco secret\u00e1rios estaduais, um por regi\u00e3o do pa\u00eds: Haroldo Correa Rocha, do Esp\u00edrito Santo; Mariza Abreu, do Rio Grande do Sul; Milca Severino Pereira, de Goi\u00e1s; Dorinha Seabra Rezende, do Tocantins; e Maria Izolda Cela de Arruda Coelho, do Cear\u00e1. \u201c\u00c9 um di\u00e1logo bastante interessante que vai se instalar porque vai permitir que quem lida com os sistemas educacionais, como os estados, possa conversar com as universidades n\u00e3o s\u00f3 sobre a possibilidade de usar ou n\u00e3o o Enem mas, o que \u00e9 mais importante, para afinar propostas curriculares nacionais, al\u00e9m do acesso e da avalia\u00e7\u00e3o\u201c, afirmou a presidente do Consed. \u201cA proposta do Enem de trabalhar com \u00e1reas do conhecimentos, como acontece no Encceja [exame do governo federal para o supletivo], \u00e9 muito interessante e foi muito bem recebida\u201c, disse. \u00a0<br \/> \u00a0<br \/> Para ela, os ajustes em rela\u00e7\u00e3o \u00e0s diferen\u00e7as de curr\u00edculos entre os estados poder\u00e3o ser feitas ao longo das discuss\u00f5es. \u201cA mudan\u00e7a do Enem \u00e9 necess\u00e1ria para que possam ser comparados os exames de um ano para outro e tamb\u00e9m entre os estados.\u201c Al\u00e9m disso, a presidente do Consed espera que essa mudan\u00e7a no exame possa reorientar a pr\u00f3pria forma\u00e7\u00e3o dos professores. \u201cA grande maioria dos cursos de gradua\u00e7\u00e3o n\u00e3o trabalha o professor para trabalhar em sala de aula.\u201c \u201c[O comit\u00ea] \u00e9 uma forma de garantir uma  integra\u00e7\u00e3o muito importante para o sistema de educa\u00e7\u00e3o brasileiro, porque hoje \u00e9 extremamente dif\u00edcil conseguir conversar quem forma professor com quem seleciona aluno e com quem tem a educa\u00e7\u00e3o b\u00e1sica como sua responsabilidade. Esse di\u00e1logo \u00e9 o ponto mais importante a m\u00e9dio e longo prazos.\u201c Um documento formalizando a indica\u00e7\u00e3o dos secret\u00e1rios dever\u00e1 ser entregue at\u00e9 sexta-feira (17) ao Inep. Ainda n\u00e3o h\u00e1 uma data marcada para a primeira reuni\u00e3o do comit\u00ea de governan\u00e7a do Enem. \u00a0<br \/> \u00a0<br \/> Concursos p\u00fablicos &#8211; O Inep tamb\u00e9m entregou ao Consed um termo de refer\u00eancia sobre uma proposta de criar um exame nacional para ser usado por estados e munic\u00edpios em seus concursos p\u00fablicos para selecionar professores. Segundo a presidente do Consed, o objetivo \u00e9 que esse exame nacional aconte\u00e7a ainda neste ano para escolher professores de 1\u00ba ao 5\u00ba anos. \u201cHoje, cada estado e munic\u00edpio faz o concurso que quiser. E, na verdade, o concurso \u00e9 extremamente importante porque seleciona o professor. E esse exame nacional ajudar\u00e1 a direcionar tamb\u00e9m a forma\u00e7\u00e3o de professor\u201c, avalia a presidente do Consed. \u00a0<br \/>  \u00a0<br \/> \u00a0<br \/>  \u00a0<br \/> \u00a0<br \/> \u00a0<\/p>\n","protected":false},"excerpt":{"rendered":"<p>O Conselho Nacional de Secret\u00e1rios Estaduais de Educa\u00e7\u00e3o (Consed) foi convidado nesta quarta-feira (15) pelo presidente do Instituto Nacional de Pesquisas e Estudos Educacionais (Inep), Reynaldo Fernandes, a integrar o comit\u00ea de governan\u00e7a que ir\u00e1 discutir o novo formato do Exame Nacional do Ensino M\u00e9dio (Enem). \u201c\u00c9 uma parceria in\u00e9dita entre os diversos atores da [&hellip;]<\/p>\n","protected":false},"author":1,"featured_media":0,"comment_status":"closed","ping_status":"closed","sticky":false,"template":"","format":"standard","meta":{"footnotes":"","_links_to":"","_links_to_target":""},"categories":[9],"tags":[],"class_list":["post-2597","post","type-post","status-publish","format-standard","hentry","category-noticias-da-imprensa"],"yoast_head":"<!-- This site is optimized with the Yoast SEO plugin v15.1 - https:\/\/yoast.com\/wordpress\/plugins\/seo\/ -->\n<title>Inep convida Conselho de Secret\u00e1rios Estaduais para discutir novo Enem &raquo; Abrelivros<\/title>\n<meta name=\"robots\" content=\"index, follow, max-snippet:-1, max-image-preview:large, max-video-preview:-1\" \/>\n<link rel=\"canonical\" href=\"https:\/\/abrelivros.org.br\/site\/inep-convida-conselho-de-secretarios-estaduais-para-discutir-novo-enem\/\" \/>\n<meta property=\"og:locale\" content=\"pt_BR\" \/>\n<meta property=\"og:type\" content=\"article\" \/>\n<meta property=\"og:title\" content=\"Inep convida Conselho de Secret\u00e1rios Estaduais para discutir novo Enem &raquo; Abrelivros\" \/>\n<meta property=\"og:description\" content=\"O Conselho Nacional de Secret\u00e1rios Estaduais de Educa\u00e7\u00e3o (Consed) foi convidado nesta quarta-feira (15) pelo presidente do Instituto Nacional de Pesquisas e Estudos Educacionais (Inep), Reynaldo Fernandes, a integrar o comit\u00ea de governan\u00e7a que ir\u00e1 discutir o novo formato do Exame Nacional do Ensino M\u00e9dio (Enem). \u201c\u00c9 uma parceria in\u00e9dita entre os diversos atores da [&hellip;]\" \/>\n<meta property=\"og:url\" content=\"https:\/\/abrelivros.org.br\/site\/inep-convida-conselho-de-secretarios-estaduais-para-discutir-novo-enem\/\" \/>\n<meta property=\"og:site_name\" content=\"Abrelivros\" \/>\n<meta property=\"article:published_time\" content=\"2009-04-16T19:46:00+00:00\" \/>\n<meta name=\"twitter:card\" content=\"summary_large_image\" \/>\n<script type=\"application\/ld+json\" class=\"yoast-schema-graph\">{\"@context\":\"https:\/\/schema.org\",\"@graph\":[{\"@type\":\"WebSite\",\"@id\":\"https:\/\/abrelivros.org.br\/site\/#website\",\"url\":\"https:\/\/abrelivros.org.br\/site\/\",\"name\":\"Abrelivros\",\"description\":\"\",\"potentialAction\":[{\"@type\":\"SearchAction\",\"target\":\"https:\/\/abrelivros.org.br\/site\/?s={search_term_string}\",\"query-input\":\"required name=search_term_string\"}],\"inLanguage\":\"pt-BR\"},{\"@type\":\"WebPage\",\"@id\":\"https:\/\/abrelivros.org.br\/site\/inep-convida-conselho-de-secretarios-estaduais-para-discutir-novo-enem\/#webpage\",\"url\":\"https:\/\/abrelivros.org.br\/site\/inep-convida-conselho-de-secretarios-estaduais-para-discutir-novo-enem\/\",\"name\":\"Inep convida Conselho de Secret\\u00e1rios Estaduais para discutir novo Enem &raquo; Abrelivros\",\"isPartOf\":{\"@id\":\"https:\/\/abrelivros.org.br\/site\/#website\"},\"datePublished\":\"2009-04-16T19:46:00+00:00\",\"dateModified\":\"2009-04-16T19:46:00+00:00\",\"author\":{\"@id\":\"https:\/\/abrelivros.org.br\/site\/#\/schema\/person\/2b867f13a717bb230f1a3555505f5593\"},\"breadcrumb\":{\"@id\":\"https:\/\/abrelivros.org.br\/site\/inep-convida-conselho-de-secretarios-estaduais-para-discutir-novo-enem\/#breadcrumb\"},\"inLanguage\":\"pt-BR\",\"potentialAction\":[{\"@type\":\"ReadAction\",\"target\":[\"https:\/\/abrelivros.org.br\/site\/inep-convida-conselho-de-secretarios-estaduais-para-discutir-novo-enem\/\"]}]},{\"@type\":\"BreadcrumbList\",\"@id\":\"https:\/\/abrelivros.org.br\/site\/inep-convida-conselho-de-secretarios-estaduais-para-discutir-novo-enem\/#breadcrumb\",\"itemListElement\":[{\"@type\":\"ListItem\",\"position\":1,\"item\":{\"@type\":\"WebPage\",\"@id\":\"https:\/\/abrelivros.org.br\/site\/\",\"url\":\"https:\/\/abrelivros.org.br\/site\/\",\"name\":\"In\\u00edcio\"}},{\"@type\":\"ListItem\",\"position\":2,\"item\":{\"@type\":\"WebPage\",\"@id\":\"https:\/\/abrelivros.org.br\/site\/category\/noticias\/\",\"url\":\"https:\/\/abrelivros.org.br\/site\/category\/noticias\/\",\"name\":\"Not\\u00edcias\"}},{\"@type\":\"ListItem\",\"position\":3,\"item\":{\"@type\":\"WebPage\",\"@id\":\"https:\/\/abrelivros.org.br\/site\/category\/noticias\/noticias-da-imprensa\/\",\"url\":\"https:\/\/abrelivros.org.br\/site\/category\/noticias\/noticias-da-imprensa\/\",\"name\":\"Not\\u00edcias da imprensa\"}},{\"@type\":\"ListItem\",\"position\":4,\"item\":{\"@type\":\"WebPage\",\"@id\":\"https:\/\/abrelivros.org.br\/site\/inep-convida-conselho-de-secretarios-estaduais-para-discutir-novo-enem\/\",\"url\":\"https:\/\/abrelivros.org.br\/site\/inep-convida-conselho-de-secretarios-estaduais-para-discutir-novo-enem\/\",\"name\":\"Inep convida Conselho de Secret\\u00e1rios Estaduais para discutir novo Enem\"}}]},{\"@type\":\"Person\",\"@id\":\"https:\/\/abrelivros.org.br\/site\/#\/schema\/person\/2b867f13a717bb230f1a3555505f5593\",\"name\":\"\\u00a0\",\"image\":{\"@type\":\"ImageObject\",\"@id\":\"https:\/\/abrelivros.org.br\/site\/#personlogo\",\"inLanguage\":\"pt-BR\",\"url\":\"https:\/\/secure.gravatar.com\/avatar\/e80b7f5231be2fff5040a8023da424898002831c5439420df182ae62676d2a6f?s=96&d=mm&r=g\",\"caption\":\"\\u00a0\"}}]}<\/script>\n<!-- \/ Yoast SEO plugin. -->","_links":{"self":[{"href":"https:\/\/abrelivros.org.br\/site\/wp-json\/wp\/v2\/posts\/2597","targetHints":{"allow":["GET"]}}],"collection":[{"href":"https:\/\/abrelivros.org.br\/site\/wp-json\/wp\/v2\/posts"}],"about":[{"href":"https:\/\/abrelivros.org.br\/site\/wp-json\/wp\/v2\/types\/post"}],"author":[{"embeddable":true,"href":"https:\/\/abrelivros.org.br\/site\/wp-json\/wp\/v2\/users\/1"}],"replies":[{"embeddable":true,"href":"https:\/\/abrelivros.org.br\/site\/wp-json\/wp\/v2\/comments?post=2597"}],"version-history":[{"count":0,"href":"https:\/\/abrelivros.org.br\/site\/wp-json\/wp\/v2\/posts\/2597\/revisions"}],"wp:attachment":[{"href":"https:\/\/abrelivros.org.br\/site\/wp-json\/wp\/v2\/media?parent=2597"}],"wp:term":[{"taxonomy":"category","embeddable":true,"href":"https:\/\/abrelivros.org.br\/site\/wp-json\/wp\/v2\/categories?post=2597"},{"taxonomy":"post_tag","embeddable":true,"href":"https:\/\/abrelivros.org.br\/site\/wp-json\/wp\/v2\/tags?post=2597"}],"curies":[{"name":"wp","href":"https:\/\/api.w.org\/{rel}","templated":true}]}}