{"id":2594,"date":"2009-04-22T14:43:00","date_gmt":"2009-04-22T17:43:00","guid":{"rendered":"https:\/\/abrelivros.org.br\/site\/2009\/04\/22\/enem-exigira-do-aluno-capacidade-de-relacionar-temas\/"},"modified":"2009-04-22T14:43:00","modified_gmt":"2009-04-22T17:43:00","slug":"enem-exigira-do-aluno-capacidade-de-relacionar-temas","status":"publish","type":"post","link":"https:\/\/abrelivros.org.br\/site\/enem-exigira-do-aluno-capacidade-de-relacionar-temas\/","title":{"rendered":"Enem exigir\u00e1 do aluno capacidade de relacionar temas"},"content":{"rendered":"<p>O novo Enem (Exame Nacional do Ensino M\u00e9dio), que dever\u00e1 substituir o vestibular de parte das universidades federais a partir deste ano, exigir\u00e1 dos estudantes conhecimento, racioc\u00ednio e, principalmente, capacidade de relacionar temas para chegar \u00e0 resposta correta. Uma mesma pergunta poder\u00e1 incluir, ao mesmo tempo, temas de hist\u00f3ria e geografia, de biologia e qu\u00edmica ou de literatura e compreens\u00e3o de linguagem. Exemplos de quest\u00f5es preparadas para a reportagem pelo Instituto Nacional de Estudos e Pesquisas Educacionais (Inep) mostram que o novo Enem ser\u00e1 n\u00e3o apenas mais longo, mas bem mais complexo. \u201cNo Enem atual, o aluno n\u00e3o precisa, por exemplo, saber ci\u00eancias. Uma pessoa que l\u00ea bastante pode ter um bom resultado\u201c, explica o presidente do Inep, Reynaldo Fernandes. \u201cO novo exige mais conhecimento de conte\u00fado.\u201c<\/p>\n<p> O exame concentrava suas quest\u00f5es em interpreta\u00e7\u00e3o de textos e linguagens e l\u00f3gica, sem contar com perguntas de ci\u00eancias,hist\u00f3ria e geografia. J\u00e1 os vestibulares cobrem todas as \u00e1reas, mas tendem a se concentrar em perguntas com respostas muito espec\u00edficas. Um exemplo, retirado da Fuvest de 2008, \u00e9 uma quest\u00e3o que, ap\u00f3s um pequeno texto, pergunta a qual movimento ele se referia: liberalismo, feudalismo, mercantilismo, escravismo ou corporativismo. \u201cEsse tipo de quest\u00e3o n\u00e3o cair\u00e1 no novo Enem. Ser\u00e3o todas de contextualiza\u00e7\u00e3o e situa\u00e7\u00f5es-problema\u201c, diz Reynaldo. As informa\u00e7\u00f5es s\u00e3o do jornal O Estado de S. Paulo. \u00a0<br \/> \u00a0<\/p>\n","protected":false},"excerpt":{"rendered":"<p>O novo Enem (Exame Nacional do Ensino M\u00e9dio), que dever\u00e1 substituir o vestibular de parte das universidades federais a partir deste ano, exigir\u00e1 dos estudantes conhecimento, racioc\u00ednio e, principalmente, capacidade de relacionar temas para chegar \u00e0 resposta correta. Uma mesma pergunta poder\u00e1 incluir, ao mesmo tempo, temas de hist\u00f3ria e geografia, de biologia e qu\u00edmica [&hellip;]<\/p>\n","protected":false},"author":1,"featured_media":0,"comment_status":"closed","ping_status":"closed","sticky":false,"template":"","format":"standard","meta":{"footnotes":"","_links_to":"","_links_to_target":""},"categories":[9],"tags":[],"class_list":["post-2594","post","type-post","status-publish","format-standard","hentry","category-noticias-da-imprensa"],"yoast_head":"<!-- This site is optimized with the Yoast SEO plugin v15.1 - https:\/\/yoast.com\/wordpress\/plugins\/seo\/ -->\n<title>Enem exigir\u00e1 do aluno capacidade de relacionar temas &raquo; Abrelivros<\/title>\n<meta name=\"robots\" content=\"index, follow, max-snippet:-1, max-image-preview:large, max-video-preview:-1\" \/>\n<link rel=\"canonical\" href=\"https:\/\/abrelivros.org.br\/site\/enem-exigira-do-aluno-capacidade-de-relacionar-temas\/\" \/>\n<meta property=\"og:locale\" content=\"pt_BR\" \/>\n<meta property=\"og:type\" content=\"article\" \/>\n<meta property=\"og:title\" content=\"Enem exigir\u00e1 do aluno capacidade de relacionar temas &raquo; Abrelivros\" \/>\n<meta property=\"og:description\" content=\"O novo Enem (Exame Nacional do Ensino M\u00e9dio), que dever\u00e1 substituir o vestibular de parte das universidades federais a partir deste ano, exigir\u00e1 dos estudantes conhecimento, racioc\u00ednio e, principalmente, capacidade de relacionar temas para chegar \u00e0 resposta correta. Uma mesma pergunta poder\u00e1 incluir, ao mesmo tempo, temas de hist\u00f3ria e geografia, de biologia e qu\u00edmica [&hellip;]\" \/>\n<meta property=\"og:url\" content=\"https:\/\/abrelivros.org.br\/site\/enem-exigira-do-aluno-capacidade-de-relacionar-temas\/\" \/>\n<meta property=\"og:site_name\" content=\"Abrelivros\" \/>\n<meta property=\"article:published_time\" content=\"2009-04-22T17:43:00+00:00\" \/>\n<meta name=\"twitter:card\" content=\"summary_large_image\" \/>\n<script type=\"application\/ld+json\" class=\"yoast-schema-graph\">{\"@context\":\"https:\/\/schema.org\",\"@graph\":[{\"@type\":\"WebSite\",\"@id\":\"https:\/\/abrelivros.org.br\/site\/#website\",\"url\":\"https:\/\/abrelivros.org.br\/site\/\",\"name\":\"Abrelivros\",\"description\":\"\",\"potentialAction\":[{\"@type\":\"SearchAction\",\"target\":\"https:\/\/abrelivros.org.br\/site\/?s={search_term_string}\",\"query-input\":\"required name=search_term_string\"}],\"inLanguage\":\"pt-BR\"},{\"@type\":\"WebPage\",\"@id\":\"https:\/\/abrelivros.org.br\/site\/enem-exigira-do-aluno-capacidade-de-relacionar-temas\/#webpage\",\"url\":\"https:\/\/abrelivros.org.br\/site\/enem-exigira-do-aluno-capacidade-de-relacionar-temas\/\",\"name\":\"Enem exigir\\u00e1 do aluno capacidade de relacionar temas &raquo; Abrelivros\",\"isPartOf\":{\"@id\":\"https:\/\/abrelivros.org.br\/site\/#website\"},\"datePublished\":\"2009-04-22T17:43:00+00:00\",\"dateModified\":\"2009-04-22T17:43:00+00:00\",\"author\":{\"@id\":\"https:\/\/abrelivros.org.br\/site\/#\/schema\/person\/2b867f13a717bb230f1a3555505f5593\"},\"breadcrumb\":{\"@id\":\"https:\/\/abrelivros.org.br\/site\/enem-exigira-do-aluno-capacidade-de-relacionar-temas\/#breadcrumb\"},\"inLanguage\":\"pt-BR\",\"potentialAction\":[{\"@type\":\"ReadAction\",\"target\":[\"https:\/\/abrelivros.org.br\/site\/enem-exigira-do-aluno-capacidade-de-relacionar-temas\/\"]}]},{\"@type\":\"BreadcrumbList\",\"@id\":\"https:\/\/abrelivros.org.br\/site\/enem-exigira-do-aluno-capacidade-de-relacionar-temas\/#breadcrumb\",\"itemListElement\":[{\"@type\":\"ListItem\",\"position\":1,\"item\":{\"@type\":\"WebPage\",\"@id\":\"https:\/\/abrelivros.org.br\/site\/\",\"url\":\"https:\/\/abrelivros.org.br\/site\/\",\"name\":\"In\\u00edcio\"}},{\"@type\":\"ListItem\",\"position\":2,\"item\":{\"@type\":\"WebPage\",\"@id\":\"https:\/\/abrelivros.org.br\/site\/category\/noticias\/\",\"url\":\"https:\/\/abrelivros.org.br\/site\/category\/noticias\/\",\"name\":\"Not\\u00edcias\"}},{\"@type\":\"ListItem\",\"position\":3,\"item\":{\"@type\":\"WebPage\",\"@id\":\"https:\/\/abrelivros.org.br\/site\/category\/noticias\/noticias-da-imprensa\/\",\"url\":\"https:\/\/abrelivros.org.br\/site\/category\/noticias\/noticias-da-imprensa\/\",\"name\":\"Not\\u00edcias da imprensa\"}},{\"@type\":\"ListItem\",\"position\":4,\"item\":{\"@type\":\"WebPage\",\"@id\":\"https:\/\/abrelivros.org.br\/site\/enem-exigira-do-aluno-capacidade-de-relacionar-temas\/\",\"url\":\"https:\/\/abrelivros.org.br\/site\/enem-exigira-do-aluno-capacidade-de-relacionar-temas\/\",\"name\":\"Enem exigir\\u00e1 do aluno capacidade de relacionar temas\"}}]},{\"@type\":\"Person\",\"@id\":\"https:\/\/abrelivros.org.br\/site\/#\/schema\/person\/2b867f13a717bb230f1a3555505f5593\",\"name\":\"\\u00a0\",\"image\":{\"@type\":\"ImageObject\",\"@id\":\"https:\/\/abrelivros.org.br\/site\/#personlogo\",\"inLanguage\":\"pt-BR\",\"url\":\"https:\/\/secure.gravatar.com\/avatar\/e80b7f5231be2fff5040a8023da424898002831c5439420df182ae62676d2a6f?s=96&d=mm&r=g\",\"caption\":\"\\u00a0\"}}]}<\/script>\n<!-- \/ Yoast SEO plugin. -->","_links":{"self":[{"href":"https:\/\/abrelivros.org.br\/site\/wp-json\/wp\/v2\/posts\/2594","targetHints":{"allow":["GET"]}}],"collection":[{"href":"https:\/\/abrelivros.org.br\/site\/wp-json\/wp\/v2\/posts"}],"about":[{"href":"https:\/\/abrelivros.org.br\/site\/wp-json\/wp\/v2\/types\/post"}],"author":[{"embeddable":true,"href":"https:\/\/abrelivros.org.br\/site\/wp-json\/wp\/v2\/users\/1"}],"replies":[{"embeddable":true,"href":"https:\/\/abrelivros.org.br\/site\/wp-json\/wp\/v2\/comments?post=2594"}],"version-history":[{"count":0,"href":"https:\/\/abrelivros.org.br\/site\/wp-json\/wp\/v2\/posts\/2594\/revisions"}],"wp:attachment":[{"href":"https:\/\/abrelivros.org.br\/site\/wp-json\/wp\/v2\/media?parent=2594"}],"wp:term":[{"taxonomy":"category","embeddable":true,"href":"https:\/\/abrelivros.org.br\/site\/wp-json\/wp\/v2\/categories?post=2594"},{"taxonomy":"post_tag","embeddable":true,"href":"https:\/\/abrelivros.org.br\/site\/wp-json\/wp\/v2\/tags?post=2594"}],"curies":[{"name":"wp","href":"https:\/\/api.w.org\/{rel}","templated":true}]}}