{"id":2586,"date":"2009-05-04T09:08:00","date_gmt":"2009-05-04T12:08:00","guid":{"rendered":"https:\/\/abrelivros.org.br\/site\/2009\/05\/04\/mec-quer-trocar-materias-por-areas-tematicas\/"},"modified":"2009-05-04T09:08:00","modified_gmt":"2009-05-04T12:08:00","slug":"mec-quer-trocar-materias-por-areas-tematicas","status":"publish","type":"post","link":"https:\/\/abrelivros.org.br\/site\/mec-quer-trocar-materias-por-areas-tematicas\/","title":{"rendered":"MEC quer trocar mat\u00e9rias por \u00e1reas tem\u00e1ticas"},"content":{"rendered":"<p>O Minist\u00e9rio da Educa\u00e7\u00e3o pretende acabar com a divis\u00e3o por disciplinas presente no atual curr\u00edculo do ensino m\u00e9dio, o antigo colegial. A proposta do governo \u00e9 distribuir o conte\u00fado das atuais 12 mat\u00e9rias em quatro grupos mais amplos (l\u00ednguas; matem\u00e1tica; humanas; e exatas e biol\u00f3gicas).\u00a0<br \/> \u00a0<br \/> Na vis\u00e3o do MEC, hoje o curr\u00edculo \u00e9 muito fragmentado e o aluno n\u00e3o v\u00ea aplicabilidade no programa ministrado, o que reduz o interesse do jovem pela escola e a qualidade do ensino.\u00a0<br \/> \u00a0<br \/> A mudan\u00e7a ocorrer\u00e1 por meio de incentivo financeiro e t\u00e9cnico do MEC aos Estados (respons\u00e1veis pela etapa), pois a Uni\u00e3o n\u00e3o pode impor o sistema. O Conselho Nacional de Educa\u00e7\u00e3o aprecia a proposta hoje e amanh\u00e3 e deve aprov\u00e1-la em junho (rito obrigat\u00f3rio).\u00a0<br \/> \u00a0<br \/> O novo Enem (Exame Nacional do Ensino M\u00e9dio), que dever\u00e1 substituir o vestibular das universidades federais, ser\u00e1 outro indutor, pois tamb\u00e9m n\u00e3o ter\u00e1 divis\u00e3o por disciplinas.\u00a0<br \/> \u00a0<br \/><B> Liberdade\u00a0<br \/> \u00a0<br \/><\/B> Segundo a proposta, as escolas ter\u00e3o liberdade para organizar seus curr\u00edculos, desde que sigam as diretrizes federais e uma base comum. Poder\u00e3o decidir a forma de distribui\u00e7\u00e3o dos conte\u00fados das disciplinas nos grupos e tamb\u00e9m o foco do programa (trabalho, ci\u00eancia, tecnologia ou cultura).\u00a0<br \/> \u00a0<br \/> Assim, espera-se que o ensino seja mais ajustado \u00e0s necessidades dos estudantes.\u00a0<br \/> \u00a0<br \/> O antigo colegial \u00e9 considerado pelo governo como a etapa mais problem\u00e1tica do sistema educacional. Resultados do Enem mostram que 60% dos alunos do pa\u00eds estudam em escolas abaixo da m\u00e9dia nacional.\u00a0<br \/> O governo Lula pretende que j\u00e1 no ano que vem, \u00faltimo ano da gest\u00e3o, algumas redes adotem o programa, de forma experimental. No m\u00e9dio prazo, espera que esteja no pa\u00eds todo.\u00a0<br \/> \u00a0<br \/> \u201cA ideia \u00e9 n\u00e3o oferecer mais um curr\u00edculo enciclop\u00e9dico, com 12 disciplinas, em que os meninos dominam pouco a leitura, o entorno, a vida pr\u00e1tica\u201c, disse a secret\u00e1ria de Educa\u00e7\u00e3o B\u00e1sica do MEC, Maria do Pilar.\u00a0<br \/> \u00a0<br \/> Est\u00e1 previsto tamb\u00e9m o aumento da carga hor\u00e1ria (de 2.400 horas para 3.000 horas, acr\u00e9scimo de 25%).\u00a0<br \/> \u00a0<br \/> \u201cA mudan\u00e7a \u00e9 positiva. Hoje, as disciplinas n\u00e3o conversam entre si\u201c, afirmou Mozart Neves, membro do Conselho Nacional de Educa\u00e7\u00e3o e presidente-executivo do movimento Todos pela Educa\u00e7\u00e3o.\u00a0<br \/> \u00a0<br \/> \u201cA an\u00e1lise de uma folha de \u00e1rvore, por exemplo, pode envolver conhecimentos de biologia, qu\u00edmica e f\u00edsica. O aluno pode ver sentido no que est\u00e1 aprendendo\u201c, disse Neves.\u00a0<br \/> \u00a0<br \/> A implementa\u00e7\u00e3o, no entanto, ser\u00e1 complexa, diz o educador. \u201cPrecisa reorganizar espa\u00e7os das escolas e, o que \u00e9 mais dif\u00edcil, mudar a cabe\u00e7a do professor. Eles foram preparados para ensinar em disciplinas. Vai exigir muito treinamento.\u201c\u00a0<br \/> \u00a0<br \/> O MEC afirma que neste momento trabalha apenas o desenho conceitual. N\u00e3o h\u00e1 defini\u00e7\u00e3o de detalhes da implementa\u00e7\u00e3o ou dos custos.\u00a0<br \/> \u00a0<br \/> O relator do processo no conselho, Francisco Cord\u00e3o, disse que dar\u00e1 parecer favor\u00e1vel. \u201cTalvez seja preciso alguns ajustes. Mas \u00e9 uma boa ideia. Hoje o aluno n\u00e3o v\u00ea motivo para fazer o ensino m\u00e9dio.\u201c\u00a0<br \/> \u00a0<br \/> \u00a0<\/p>\n","protected":false},"excerpt":{"rendered":"<p>O Minist\u00e9rio da Educa\u00e7\u00e3o pretende acabar com a divis\u00e3o por disciplinas presente no atual curr\u00edculo do ensino m\u00e9dio, o antigo colegial. A proposta do governo \u00e9 distribuir o conte\u00fado das atuais 12 mat\u00e9rias em quatro grupos mais amplos (l\u00ednguas; matem\u00e1tica; humanas; e exatas e biol\u00f3gicas).\u00a0 \u00a0 Na vis\u00e3o do MEC, hoje o curr\u00edculo \u00e9 muito [&hellip;]<\/p>\n","protected":false},"author":1,"featured_media":0,"comment_status":"closed","ping_status":"closed","sticky":false,"template":"","format":"standard","meta":{"footnotes":"","_links_to":"","_links_to_target":""},"categories":[9],"tags":[],"class_list":["post-2586","post","type-post","status-publish","format-standard","hentry","category-noticias-da-imprensa"],"yoast_head":"<!-- This site is optimized with the Yoast SEO plugin v15.1 - https:\/\/yoast.com\/wordpress\/plugins\/seo\/ -->\n<title>MEC quer trocar mat\u00e9rias por \u00e1reas tem\u00e1ticas &raquo; Abrelivros<\/title>\n<meta name=\"robots\" content=\"index, follow, max-snippet:-1, max-image-preview:large, max-video-preview:-1\" \/>\n<link rel=\"canonical\" href=\"https:\/\/abrelivros.org.br\/site\/mec-quer-trocar-materias-por-areas-tematicas\/\" \/>\n<meta property=\"og:locale\" content=\"pt_BR\" \/>\n<meta property=\"og:type\" content=\"article\" \/>\n<meta property=\"og:title\" content=\"MEC quer trocar mat\u00e9rias por \u00e1reas tem\u00e1ticas &raquo; Abrelivros\" \/>\n<meta property=\"og:description\" content=\"O Minist\u00e9rio da Educa\u00e7\u00e3o pretende acabar com a divis\u00e3o por disciplinas presente no atual curr\u00edculo do ensino m\u00e9dio, o antigo colegial. A proposta do governo \u00e9 distribuir o conte\u00fado das atuais 12 mat\u00e9rias em quatro grupos mais amplos (l\u00ednguas; matem\u00e1tica; humanas; e exatas e biol\u00f3gicas).\u00a0 \u00a0 Na vis\u00e3o do MEC, hoje o curr\u00edculo \u00e9 muito [&hellip;]\" \/>\n<meta property=\"og:url\" content=\"https:\/\/abrelivros.org.br\/site\/mec-quer-trocar-materias-por-areas-tematicas\/\" \/>\n<meta property=\"og:site_name\" content=\"Abrelivros\" \/>\n<meta property=\"article:published_time\" content=\"2009-05-04T12:08:00+00:00\" \/>\n<meta name=\"twitter:card\" content=\"summary_large_image\" \/>\n<script type=\"application\/ld+json\" class=\"yoast-schema-graph\">{\"@context\":\"https:\/\/schema.org\",\"@graph\":[{\"@type\":\"WebSite\",\"@id\":\"https:\/\/abrelivros.org.br\/site\/#website\",\"url\":\"https:\/\/abrelivros.org.br\/site\/\",\"name\":\"Abrelivros\",\"description\":\"\",\"potentialAction\":[{\"@type\":\"SearchAction\",\"target\":\"https:\/\/abrelivros.org.br\/site\/?s={search_term_string}\",\"query-input\":\"required name=search_term_string\"}],\"inLanguage\":\"pt-BR\"},{\"@type\":\"WebPage\",\"@id\":\"https:\/\/abrelivros.org.br\/site\/mec-quer-trocar-materias-por-areas-tematicas\/#webpage\",\"url\":\"https:\/\/abrelivros.org.br\/site\/mec-quer-trocar-materias-por-areas-tematicas\/\",\"name\":\"MEC quer trocar mat\\u00e9rias por \\u00e1reas tem\\u00e1ticas &raquo; Abrelivros\",\"isPartOf\":{\"@id\":\"https:\/\/abrelivros.org.br\/site\/#website\"},\"datePublished\":\"2009-05-04T12:08:00+00:00\",\"dateModified\":\"2009-05-04T12:08:00+00:00\",\"author\":{\"@id\":\"https:\/\/abrelivros.org.br\/site\/#\/schema\/person\/2b867f13a717bb230f1a3555505f5593\"},\"breadcrumb\":{\"@id\":\"https:\/\/abrelivros.org.br\/site\/mec-quer-trocar-materias-por-areas-tematicas\/#breadcrumb\"},\"inLanguage\":\"pt-BR\",\"potentialAction\":[{\"@type\":\"ReadAction\",\"target\":[\"https:\/\/abrelivros.org.br\/site\/mec-quer-trocar-materias-por-areas-tematicas\/\"]}]},{\"@type\":\"BreadcrumbList\",\"@id\":\"https:\/\/abrelivros.org.br\/site\/mec-quer-trocar-materias-por-areas-tematicas\/#breadcrumb\",\"itemListElement\":[{\"@type\":\"ListItem\",\"position\":1,\"item\":{\"@type\":\"WebPage\",\"@id\":\"https:\/\/abrelivros.org.br\/site\/\",\"url\":\"https:\/\/abrelivros.org.br\/site\/\",\"name\":\"In\\u00edcio\"}},{\"@type\":\"ListItem\",\"position\":2,\"item\":{\"@type\":\"WebPage\",\"@id\":\"https:\/\/abrelivros.org.br\/site\/category\/noticias\/\",\"url\":\"https:\/\/abrelivros.org.br\/site\/category\/noticias\/\",\"name\":\"Not\\u00edcias\"}},{\"@type\":\"ListItem\",\"position\":3,\"item\":{\"@type\":\"WebPage\",\"@id\":\"https:\/\/abrelivros.org.br\/site\/category\/noticias\/noticias-da-imprensa\/\",\"url\":\"https:\/\/abrelivros.org.br\/site\/category\/noticias\/noticias-da-imprensa\/\",\"name\":\"Not\\u00edcias da imprensa\"}},{\"@type\":\"ListItem\",\"position\":4,\"item\":{\"@type\":\"WebPage\",\"@id\":\"https:\/\/abrelivros.org.br\/site\/mec-quer-trocar-materias-por-areas-tematicas\/\",\"url\":\"https:\/\/abrelivros.org.br\/site\/mec-quer-trocar-materias-por-areas-tematicas\/\",\"name\":\"MEC quer trocar mat\\u00e9rias por \\u00e1reas tem\\u00e1ticas\"}}]},{\"@type\":\"Person\",\"@id\":\"https:\/\/abrelivros.org.br\/site\/#\/schema\/person\/2b867f13a717bb230f1a3555505f5593\",\"name\":\"\\u00a0\",\"image\":{\"@type\":\"ImageObject\",\"@id\":\"https:\/\/abrelivros.org.br\/site\/#personlogo\",\"inLanguage\":\"pt-BR\",\"url\":\"https:\/\/secure.gravatar.com\/avatar\/e80b7f5231be2fff5040a8023da424898002831c5439420df182ae62676d2a6f?s=96&d=mm&r=g\",\"caption\":\"\\u00a0\"}}]}<\/script>\n<!-- \/ Yoast SEO plugin. -->","_links":{"self":[{"href":"https:\/\/abrelivros.org.br\/site\/wp-json\/wp\/v2\/posts\/2586","targetHints":{"allow":["GET"]}}],"collection":[{"href":"https:\/\/abrelivros.org.br\/site\/wp-json\/wp\/v2\/posts"}],"about":[{"href":"https:\/\/abrelivros.org.br\/site\/wp-json\/wp\/v2\/types\/post"}],"author":[{"embeddable":true,"href":"https:\/\/abrelivros.org.br\/site\/wp-json\/wp\/v2\/users\/1"}],"replies":[{"embeddable":true,"href":"https:\/\/abrelivros.org.br\/site\/wp-json\/wp\/v2\/comments?post=2586"}],"version-history":[{"count":0,"href":"https:\/\/abrelivros.org.br\/site\/wp-json\/wp\/v2\/posts\/2586\/revisions"}],"wp:attachment":[{"href":"https:\/\/abrelivros.org.br\/site\/wp-json\/wp\/v2\/media?parent=2586"}],"wp:term":[{"taxonomy":"category","embeddable":true,"href":"https:\/\/abrelivros.org.br\/site\/wp-json\/wp\/v2\/categories?post=2586"},{"taxonomy":"post_tag","embeddable":true,"href":"https:\/\/abrelivros.org.br\/site\/wp-json\/wp\/v2\/tags?post=2586"}],"curies":[{"name":"wp","href":"https:\/\/api.w.org\/{rel}","templated":true}]}}