{"id":2585,"date":"2009-05-04T18:00:00","date_gmt":"2009-05-04T21:00:00","guid":{"rendered":"https:\/\/abrelivros.org.br\/site\/2009\/05\/04\/dirigentes-municipais-tem-papel-relevante-na-melhoria-do-ideb\/"},"modified":"2009-05-04T18:00:00","modified_gmt":"2009-05-04T21:00:00","slug":"dirigentes-municipais-tem-papel-relevante-na-melhoria-do-ideb","status":"publish","type":"post","link":"https:\/\/abrelivros.org.br\/site\/dirigentes-municipais-tem-papel-relevante-na-melhoria-do-ideb\/","title":{"rendered":"Dirigentes municipais t\u00eam papel relevante na melhoria do Ideb"},"content":{"rendered":"<p>A import\u00e2ncia do trabalho dos dirigentes municipais para elevar o \u00edndice de desenvolvimento da educa\u00e7\u00e3o b\u00e1sica foi ressaltada nesta segunda-feira, 4, em Curitiba, no primeiro dia de encontro que re\u00fane cerca de 1,3 mil secret\u00e1rios de educa\u00e7\u00e3o. Destinado a orientar gestores municipais sobre as iniciativas capazes elevar o \u00edndice, o encontro foi articulado pelo Minist\u00e9rio da Educa\u00e7\u00e3o e pela Uni\u00e3o Nacional dos Dirigentes Municipais de Educa\u00e7\u00e3o (Undime).&nbsp;<br \/> &nbsp;<br \/> O desempenho dos dirigentes ser\u00e1 fundamental para melhorar a vida dos estudantes nos munic\u00edpios considerados de atendimento priorit\u00e1rio pelo MEC, segundo a secret\u00e1ria de educa\u00e7\u00e3o b\u00e1sica, Maria do Pilar Lacerda. \u201cN\u00f3s temos uma d\u00edvida educacional e esta \u00e9 a oportunidade de fazermos a diferen\u00e7a\u201d, disse. S\u00e3o considerados priorit\u00e1rios os munic\u00edpios que em 2005 tiveram desempenho abaixo de 3,8 (ent\u00e3o, a m\u00e9dia nacional) no \u00edndice e os que ficaram baixo de 4,2 em 2007. No total, s\u00e3o 1.822 munic\u00edpios priorit\u00e1rios, a maioria localizada no Nordeste.&nbsp;<br \/> &nbsp;<br \/> O c\u00e1lculo do Ideb \u00e9 feito com base nas taxas de rendimento escolar (aprova\u00e7\u00e3o e reprova\u00e7\u00e3o) e no resultado da Prova Brasil. Para auxiliar os gestores municipais, o MEC enviou \u00e0s escolas e \u00e0s secretarias de educa\u00e7\u00e3o, no in\u00edcio do ano, documentos (matrizes) com orienta\u00e7\u00f5es relativas \u00e0 avalia\u00e7\u00e3o.&nbsp;<br \/> &nbsp;<br \/> Para a secret\u00e1ria de educa\u00e7\u00e3o de Cedro de S\u00e3o Jo\u00e3o (SE), Liege Messias dos Santos, o trabalho com as matrizes ser\u00e1 fundamental. \u201cJ\u00e1 distribu\u00edmos as matrizes para os professores de portugu\u00eas e matem\u00e1tica e pretendemos fazer um teste simulado em julho\u201d, disse. O munic\u00edpio \u00e9 considerado priorit\u00e1rio por ter \u00edndice, nos anos iniciais do ensino fundamental, abaixo da m\u00e9dia 4,2. \u201cVamos ter dois meses de trabalho para modificar o que foi feito de errado\u201d, afirmou Liege.&nbsp;<br \/> &nbsp;<br \/> O MEC enviar\u00e1 aos munic\u00edpios um modelo da Prova Brasil para que os professores saibam que tipo de quest\u00f5es ser\u00e1 cobrado na avalia\u00e7\u00e3o prevista para outubro. Este ano, ela ser\u00e1 feita em 60 mil escolas e envolver\u00e1 seis milh\u00f5es de estudantes. Segundo Maria do Pilar, o modelo estar\u00e1 na p\u00e1gina eletr\u00f4nica do MEC em 15 dias.&nbsp;<br \/> &nbsp;<br \/> &nbsp;<br \/> &nbsp;<\/p>\n","protected":false},"excerpt":{"rendered":"<p>A import\u00e2ncia do trabalho dos dirigentes municipais para elevar o \u00edndice de desenvolvimento da educa\u00e7\u00e3o b\u00e1sica foi ressaltada nesta segunda-feira, 4, em Curitiba, no primeiro dia de encontro que re\u00fane cerca de 1,3 mil secret\u00e1rios de educa\u00e7\u00e3o. Destinado a orientar gestores municipais sobre as iniciativas capazes elevar o \u00edndice, o encontro foi articulado pelo Minist\u00e9rio [&hellip;]<\/p>\n","protected":false},"author":1,"featured_media":0,"comment_status":"closed","ping_status":"closed","sticky":false,"template":"","format":"standard","meta":{"footnotes":"","_links_to":"","_links_to_target":""},"categories":[9],"tags":[],"class_list":["post-2585","post","type-post","status-publish","format-standard","hentry","category-noticias-da-imprensa"],"yoast_head":"<!-- This site is optimized with the Yoast SEO plugin v15.1 - https:\/\/yoast.com\/wordpress\/plugins\/seo\/ -->\n<title>Dirigentes municipais t\u00eam papel relevante na melhoria do Ideb &raquo; Abrelivros<\/title>\n<meta name=\"robots\" content=\"index, follow, max-snippet:-1, max-image-preview:large, max-video-preview:-1\" \/>\n<link rel=\"canonical\" href=\"https:\/\/abrelivros.org.br\/site\/dirigentes-municipais-tem-papel-relevante-na-melhoria-do-ideb\/\" \/>\n<meta property=\"og:locale\" content=\"pt_BR\" \/>\n<meta property=\"og:type\" content=\"article\" \/>\n<meta property=\"og:title\" content=\"Dirigentes municipais t\u00eam papel relevante na melhoria do Ideb &raquo; Abrelivros\" \/>\n<meta property=\"og:description\" content=\"A import\u00e2ncia do trabalho dos dirigentes municipais para elevar o \u00edndice de desenvolvimento da educa\u00e7\u00e3o b\u00e1sica foi ressaltada nesta segunda-feira, 4, em Curitiba, no primeiro dia de encontro que re\u00fane cerca de 1,3 mil secret\u00e1rios de educa\u00e7\u00e3o. Destinado a orientar gestores municipais sobre as iniciativas capazes elevar o \u00edndice, o encontro foi articulado pelo Minist\u00e9rio [&hellip;]\" \/>\n<meta property=\"og:url\" content=\"https:\/\/abrelivros.org.br\/site\/dirigentes-municipais-tem-papel-relevante-na-melhoria-do-ideb\/\" \/>\n<meta property=\"og:site_name\" content=\"Abrelivros\" \/>\n<meta property=\"article:published_time\" content=\"2009-05-04T21:00:00+00:00\" \/>\n<meta name=\"twitter:card\" content=\"summary_large_image\" \/>\n<script type=\"application\/ld+json\" class=\"yoast-schema-graph\">{\"@context\":\"https:\/\/schema.org\",\"@graph\":[{\"@type\":\"WebSite\",\"@id\":\"https:\/\/abrelivros.org.br\/site\/#website\",\"url\":\"https:\/\/abrelivros.org.br\/site\/\",\"name\":\"Abrelivros\",\"description\":\"\",\"potentialAction\":[{\"@type\":\"SearchAction\",\"target\":\"https:\/\/abrelivros.org.br\/site\/?s={search_term_string}\",\"query-input\":\"required name=search_term_string\"}],\"inLanguage\":\"pt-BR\"},{\"@type\":\"WebPage\",\"@id\":\"https:\/\/abrelivros.org.br\/site\/dirigentes-municipais-tem-papel-relevante-na-melhoria-do-ideb\/#webpage\",\"url\":\"https:\/\/abrelivros.org.br\/site\/dirigentes-municipais-tem-papel-relevante-na-melhoria-do-ideb\/\",\"name\":\"Dirigentes municipais t\\u00eam papel relevante na melhoria do Ideb &raquo; Abrelivros\",\"isPartOf\":{\"@id\":\"https:\/\/abrelivros.org.br\/site\/#website\"},\"datePublished\":\"2009-05-04T21:00:00+00:00\",\"dateModified\":\"2009-05-04T21:00:00+00:00\",\"author\":{\"@id\":\"https:\/\/abrelivros.org.br\/site\/#\/schema\/person\/2b867f13a717bb230f1a3555505f5593\"},\"breadcrumb\":{\"@id\":\"https:\/\/abrelivros.org.br\/site\/dirigentes-municipais-tem-papel-relevante-na-melhoria-do-ideb\/#breadcrumb\"},\"inLanguage\":\"pt-BR\",\"potentialAction\":[{\"@type\":\"ReadAction\",\"target\":[\"https:\/\/abrelivros.org.br\/site\/dirigentes-municipais-tem-papel-relevante-na-melhoria-do-ideb\/\"]}]},{\"@type\":\"BreadcrumbList\",\"@id\":\"https:\/\/abrelivros.org.br\/site\/dirigentes-municipais-tem-papel-relevante-na-melhoria-do-ideb\/#breadcrumb\",\"itemListElement\":[{\"@type\":\"ListItem\",\"position\":1,\"item\":{\"@type\":\"WebPage\",\"@id\":\"https:\/\/abrelivros.org.br\/site\/\",\"url\":\"https:\/\/abrelivros.org.br\/site\/\",\"name\":\"In\\u00edcio\"}},{\"@type\":\"ListItem\",\"position\":2,\"item\":{\"@type\":\"WebPage\",\"@id\":\"https:\/\/abrelivros.org.br\/site\/category\/noticias\/\",\"url\":\"https:\/\/abrelivros.org.br\/site\/category\/noticias\/\",\"name\":\"Not\\u00edcias\"}},{\"@type\":\"ListItem\",\"position\":3,\"item\":{\"@type\":\"WebPage\",\"@id\":\"https:\/\/abrelivros.org.br\/site\/category\/noticias\/noticias-da-imprensa\/\",\"url\":\"https:\/\/abrelivros.org.br\/site\/category\/noticias\/noticias-da-imprensa\/\",\"name\":\"Not\\u00edcias da imprensa\"}},{\"@type\":\"ListItem\",\"position\":4,\"item\":{\"@type\":\"WebPage\",\"@id\":\"https:\/\/abrelivros.org.br\/site\/dirigentes-municipais-tem-papel-relevante-na-melhoria-do-ideb\/\",\"url\":\"https:\/\/abrelivros.org.br\/site\/dirigentes-municipais-tem-papel-relevante-na-melhoria-do-ideb\/\",\"name\":\"Dirigentes municipais t\\u00eam papel relevante na melhoria do Ideb\"}}]},{\"@type\":\"Person\",\"@id\":\"https:\/\/abrelivros.org.br\/site\/#\/schema\/person\/2b867f13a717bb230f1a3555505f5593\",\"name\":\"\\u00a0\",\"image\":{\"@type\":\"ImageObject\",\"@id\":\"https:\/\/abrelivros.org.br\/site\/#personlogo\",\"inLanguage\":\"pt-BR\",\"url\":\"https:\/\/secure.gravatar.com\/avatar\/e80b7f5231be2fff5040a8023da424898002831c5439420df182ae62676d2a6f?s=96&d=mm&r=g\",\"caption\":\"\\u00a0\"}}]}<\/script>\n<!-- \/ Yoast SEO plugin. -->","_links":{"self":[{"href":"https:\/\/abrelivros.org.br\/site\/wp-json\/wp\/v2\/posts\/2585","targetHints":{"allow":["GET"]}}],"collection":[{"href":"https:\/\/abrelivros.org.br\/site\/wp-json\/wp\/v2\/posts"}],"about":[{"href":"https:\/\/abrelivros.org.br\/site\/wp-json\/wp\/v2\/types\/post"}],"author":[{"embeddable":true,"href":"https:\/\/abrelivros.org.br\/site\/wp-json\/wp\/v2\/users\/1"}],"replies":[{"embeddable":true,"href":"https:\/\/abrelivros.org.br\/site\/wp-json\/wp\/v2\/comments?post=2585"}],"version-history":[{"count":0,"href":"https:\/\/abrelivros.org.br\/site\/wp-json\/wp\/v2\/posts\/2585\/revisions"}],"wp:attachment":[{"href":"https:\/\/abrelivros.org.br\/site\/wp-json\/wp\/v2\/media?parent=2585"}],"wp:term":[{"taxonomy":"category","embeddable":true,"href":"https:\/\/abrelivros.org.br\/site\/wp-json\/wp\/v2\/categories?post=2585"},{"taxonomy":"post_tag","embeddable":true,"href":"https:\/\/abrelivros.org.br\/site\/wp-json\/wp\/v2\/tags?post=2585"}],"curies":[{"name":"wp","href":"https:\/\/api.w.org\/{rel}","templated":true}]}}