{"id":2582,"date":"2009-05-05T14:27:00","date_gmt":"2009-05-05T17:27:00","guid":{"rendered":"https:\/\/abrelivros.org.br\/site\/2009\/05\/05\/une-diz-que-reforma-no-curriculo-deve-aproximar-ensino-medio-das-universidades\/"},"modified":"2009-05-05T14:27:00","modified_gmt":"2009-05-05T17:27:00","slug":"une-diz-que-reforma-no-curriculo-deve-aproximar-ensino-medio-das-universidades","status":"publish","type":"post","link":"https:\/\/abrelivros.org.br\/site\/une-diz-que-reforma-no-curriculo-deve-aproximar-ensino-medio-das-universidades\/","title":{"rendered":"UNE diz que reforma no curr\u00edculo deve aproximar ensino m\u00e9dio das universidades"},"content":{"rendered":"<p>A proposta de reforma curricular e pedag\u00f3gica do ensino m\u00e9dio dever\u00e1 promover uma aproxima\u00e7\u00e3o dessa etapa do ensino com a educa\u00e7\u00e3o superior e facilitar a entrada dos alunos nas universidades, na avalia\u00e7\u00e3o da UNE (Uni\u00e3o Nacional dos Estudantes). &nbsp;<br \/> &nbsp;<br \/> A presidente da entidade, L\u00facia Stumpf, afirma que o projeto, apresentado nesta segunda-feira (4) pelo Minist\u00e9rio da Educa\u00e7\u00e3o, est\u00e1 de acordo com as diretrizes que a UNE defende para o sistema educacional brasileiro.&nbsp;<br \/> &nbsp;<br \/> \u201cAs altera\u00e7\u00f5es s\u00e3o boas. S\u00e3o uma vis\u00e3o menos focada na profissionaliza\u00e7\u00e3o e mais na forma\u00e7\u00e3o human\u00edstica do estudante. Est\u00e3o de acordo com as mudan\u00e7as curriculares defendidas pela UNE para as universidades brasileiras.\u201c&nbsp;<br \/> &nbsp;<br \/> Entre as mudan\u00e7as, est\u00e3o a possibilidade de que o estudante curse 20% de disciplinas optativas, a divis\u00e3o dos conte\u00fados em eixos amplos, o aumento da carga hor\u00e1ria, a inclus\u00e3o de atividades pr\u00e1ticas e programas de incentivo \u00e0 leitura. As medidas, segundo L\u00facia, dever\u00e3o promover uma \u201cvincula\u00e7\u00e3o maior entre o ensino m\u00e9dio e a universidade\u201c.&nbsp;<br \/> &nbsp;<br \/> Na avalia\u00e7\u00e3o da presidente da UNE, a amplia\u00e7\u00e3o dos conte\u00fados e mais est\u00edmulo \u00e0 reflex\u00e3o, propostas pelo novo modelo, poder\u00e3o facilitar a vida dos estudantes durante os exames de acesso \u00e0s universidades.&nbsp;<br \/> &nbsp;<br \/> \u201cOs estudantes estar\u00e3o mais preparados n\u00e3o s\u00f3 para o vestibular, mas para os desafios da universidades, da vida universit\u00e1ria\u201c, acrescentou.&nbsp;<br \/> &nbsp;<br \/> A dire\u00e7\u00e3o da UNE dever\u00e1 se reunir ainda este m\u00eas para definir as sugest\u00f5es \u00e0 proposta de reforma do ensino m\u00e9dio que a entidade apresentar\u00e1 durante as audi\u00eancias p\u00fablicas que o Conselho Nacional de Educa\u00e7\u00e3o (CNE) pretende realizar at\u00e9 julho.&nbsp;<br \/> &nbsp;<br \/> &nbsp;<\/p>\n","protected":false},"excerpt":{"rendered":"<p>A proposta de reforma curricular e pedag\u00f3gica do ensino m\u00e9dio dever\u00e1 promover uma aproxima\u00e7\u00e3o dessa etapa do ensino com a educa\u00e7\u00e3o superior e facilitar a entrada dos alunos nas universidades, na avalia\u00e7\u00e3o da UNE (Uni\u00e3o Nacional dos Estudantes). &nbsp; &nbsp; A presidente da entidade, L\u00facia Stumpf, afirma que o projeto, apresentado nesta segunda-feira (4) pelo [&hellip;]<\/p>\n","protected":false},"author":1,"featured_media":0,"comment_status":"closed","ping_status":"closed","sticky":false,"template":"","format":"standard","meta":{"footnotes":"","_links_to":"","_links_to_target":""},"categories":[9],"tags":[],"class_list":["post-2582","post","type-post","status-publish","format-standard","hentry","category-noticias-da-imprensa"],"yoast_head":"<!-- This site is optimized with the Yoast SEO plugin v15.1 - https:\/\/yoast.com\/wordpress\/plugins\/seo\/ -->\n<title>UNE diz que reforma no curr\u00edculo deve aproximar ensino m\u00e9dio das universidades &raquo; Abrelivros<\/title>\n<meta name=\"robots\" content=\"index, follow, max-snippet:-1, max-image-preview:large, max-video-preview:-1\" \/>\n<link rel=\"canonical\" href=\"https:\/\/abrelivros.org.br\/site\/une-diz-que-reforma-no-curriculo-deve-aproximar-ensino-medio-das-universidades\/\" \/>\n<meta property=\"og:locale\" content=\"pt_BR\" \/>\n<meta property=\"og:type\" content=\"article\" \/>\n<meta property=\"og:title\" content=\"UNE diz que reforma no curr\u00edculo deve aproximar ensino m\u00e9dio das universidades &raquo; Abrelivros\" \/>\n<meta property=\"og:description\" content=\"A proposta de reforma curricular e pedag\u00f3gica do ensino m\u00e9dio dever\u00e1 promover uma aproxima\u00e7\u00e3o dessa etapa do ensino com a educa\u00e7\u00e3o superior e facilitar a entrada dos alunos nas universidades, na avalia\u00e7\u00e3o da UNE (Uni\u00e3o Nacional dos Estudantes). &nbsp; &nbsp; A presidente da entidade, L\u00facia Stumpf, afirma que o projeto, apresentado nesta segunda-feira (4) pelo [&hellip;]\" \/>\n<meta property=\"og:url\" content=\"https:\/\/abrelivros.org.br\/site\/une-diz-que-reforma-no-curriculo-deve-aproximar-ensino-medio-das-universidades\/\" \/>\n<meta property=\"og:site_name\" content=\"Abrelivros\" \/>\n<meta property=\"article:published_time\" content=\"2009-05-05T17:27:00+00:00\" \/>\n<meta name=\"twitter:card\" content=\"summary_large_image\" \/>\n<script type=\"application\/ld+json\" class=\"yoast-schema-graph\">{\"@context\":\"https:\/\/schema.org\",\"@graph\":[{\"@type\":\"WebSite\",\"@id\":\"https:\/\/abrelivros.org.br\/site\/#website\",\"url\":\"https:\/\/abrelivros.org.br\/site\/\",\"name\":\"Abrelivros\",\"description\":\"\",\"potentialAction\":[{\"@type\":\"SearchAction\",\"target\":\"https:\/\/abrelivros.org.br\/site\/?s={search_term_string}\",\"query-input\":\"required name=search_term_string\"}],\"inLanguage\":\"pt-BR\"},{\"@type\":\"WebPage\",\"@id\":\"https:\/\/abrelivros.org.br\/site\/une-diz-que-reforma-no-curriculo-deve-aproximar-ensino-medio-das-universidades\/#webpage\",\"url\":\"https:\/\/abrelivros.org.br\/site\/une-diz-que-reforma-no-curriculo-deve-aproximar-ensino-medio-das-universidades\/\",\"name\":\"UNE diz que reforma no curr\\u00edculo deve aproximar ensino m\\u00e9dio das universidades &raquo; Abrelivros\",\"isPartOf\":{\"@id\":\"https:\/\/abrelivros.org.br\/site\/#website\"},\"datePublished\":\"2009-05-05T17:27:00+00:00\",\"dateModified\":\"2009-05-05T17:27:00+00:00\",\"author\":{\"@id\":\"https:\/\/abrelivros.org.br\/site\/#\/schema\/person\/2b867f13a717bb230f1a3555505f5593\"},\"breadcrumb\":{\"@id\":\"https:\/\/abrelivros.org.br\/site\/une-diz-que-reforma-no-curriculo-deve-aproximar-ensino-medio-das-universidades\/#breadcrumb\"},\"inLanguage\":\"pt-BR\",\"potentialAction\":[{\"@type\":\"ReadAction\",\"target\":[\"https:\/\/abrelivros.org.br\/site\/une-diz-que-reforma-no-curriculo-deve-aproximar-ensino-medio-das-universidades\/\"]}]},{\"@type\":\"BreadcrumbList\",\"@id\":\"https:\/\/abrelivros.org.br\/site\/une-diz-que-reforma-no-curriculo-deve-aproximar-ensino-medio-das-universidades\/#breadcrumb\",\"itemListElement\":[{\"@type\":\"ListItem\",\"position\":1,\"item\":{\"@type\":\"WebPage\",\"@id\":\"https:\/\/abrelivros.org.br\/site\/\",\"url\":\"https:\/\/abrelivros.org.br\/site\/\",\"name\":\"In\\u00edcio\"}},{\"@type\":\"ListItem\",\"position\":2,\"item\":{\"@type\":\"WebPage\",\"@id\":\"https:\/\/abrelivros.org.br\/site\/category\/noticias\/\",\"url\":\"https:\/\/abrelivros.org.br\/site\/category\/noticias\/\",\"name\":\"Not\\u00edcias\"}},{\"@type\":\"ListItem\",\"position\":3,\"item\":{\"@type\":\"WebPage\",\"@id\":\"https:\/\/abrelivros.org.br\/site\/category\/noticias\/noticias-da-imprensa\/\",\"url\":\"https:\/\/abrelivros.org.br\/site\/category\/noticias\/noticias-da-imprensa\/\",\"name\":\"Not\\u00edcias da imprensa\"}},{\"@type\":\"ListItem\",\"position\":4,\"item\":{\"@type\":\"WebPage\",\"@id\":\"https:\/\/abrelivros.org.br\/site\/une-diz-que-reforma-no-curriculo-deve-aproximar-ensino-medio-das-universidades\/\",\"url\":\"https:\/\/abrelivros.org.br\/site\/une-diz-que-reforma-no-curriculo-deve-aproximar-ensino-medio-das-universidades\/\",\"name\":\"UNE diz que reforma no curr\\u00edculo deve aproximar ensino m\\u00e9dio das universidades\"}}]},{\"@type\":\"Person\",\"@id\":\"https:\/\/abrelivros.org.br\/site\/#\/schema\/person\/2b867f13a717bb230f1a3555505f5593\",\"name\":\"\\u00a0\",\"image\":{\"@type\":\"ImageObject\",\"@id\":\"https:\/\/abrelivros.org.br\/site\/#personlogo\",\"inLanguage\":\"pt-BR\",\"url\":\"https:\/\/secure.gravatar.com\/avatar\/e80b7f5231be2fff5040a8023da424898002831c5439420df182ae62676d2a6f?s=96&d=mm&r=g\",\"caption\":\"\\u00a0\"}}]}<\/script>\n<!-- \/ Yoast SEO plugin. -->","_links":{"self":[{"href":"https:\/\/abrelivros.org.br\/site\/wp-json\/wp\/v2\/posts\/2582","targetHints":{"allow":["GET"]}}],"collection":[{"href":"https:\/\/abrelivros.org.br\/site\/wp-json\/wp\/v2\/posts"}],"about":[{"href":"https:\/\/abrelivros.org.br\/site\/wp-json\/wp\/v2\/types\/post"}],"author":[{"embeddable":true,"href":"https:\/\/abrelivros.org.br\/site\/wp-json\/wp\/v2\/users\/1"}],"replies":[{"embeddable":true,"href":"https:\/\/abrelivros.org.br\/site\/wp-json\/wp\/v2\/comments?post=2582"}],"version-history":[{"count":0,"href":"https:\/\/abrelivros.org.br\/site\/wp-json\/wp\/v2\/posts\/2582\/revisions"}],"wp:attachment":[{"href":"https:\/\/abrelivros.org.br\/site\/wp-json\/wp\/v2\/media?parent=2582"}],"wp:term":[{"taxonomy":"category","embeddable":true,"href":"https:\/\/abrelivros.org.br\/site\/wp-json\/wp\/v2\/categories?post=2582"},{"taxonomy":"post_tag","embeddable":true,"href":"https:\/\/abrelivros.org.br\/site\/wp-json\/wp\/v2\/tags?post=2582"}],"curies":[{"name":"wp","href":"https:\/\/api.w.org\/{rel}","templated":true}]}}