{"id":2581,"date":"2009-05-05T14:28:00","date_gmt":"2009-05-05T17:28:00","guid":{"rendered":"https:\/\/abrelivros.org.br\/site\/2009\/05\/05\/mec-quer-melhorar-a-educacao-infantil\/"},"modified":"2009-05-05T14:28:00","modified_gmt":"2009-05-05T17:28:00","slug":"mec-quer-melhorar-a-educacao-infantil","status":"publish","type":"post","link":"https:\/\/abrelivros.org.br\/site\/mec-quer-melhorar-a-educacao-infantil\/","title":{"rendered":"MEC quer melhorar a educa\u00e7\u00e3o infantil"},"content":{"rendered":"<p>O Minist\u00e9rio da Educa\u00e7\u00e3o (MEC) vai examinar mais um aspecto do ensino b\u00e1sico no Brasil e, pela primeira vez, a educa\u00e7\u00e3o infantil ser\u00e1 avaliada. Ontem, a Secretaria B\u00e1sica de Educa\u00e7\u00e3o lan\u00e7ou um documento com os indicadores para analisar a qualidade do ensino \u00e0s crian\u00e7as de at\u00e9 6 anos. \u00a0<\/p>\n<p> A publica\u00e7\u00e3o \u2013 uma parceria com o Fundo das Na\u00e7\u00f5es Unidas para a Inf\u00e2ncia (Unicef), a A\u00e7\u00e3o Educativa, a Uni\u00e3o Nacional dos Dirigentes Municipais de Educa\u00e7\u00e3o (Undime) e a Funda\u00e7\u00e3o Orsa \u2013 \u00e9 um instrumento de autoavalia\u00e7\u00e3o, proposto \u00e0s institui\u00e7\u00f5es p\u00fablicas e \u00e0s creches, em forma de question\u00e1rio. O objetivo \u00e9 levar os profissionais a refletir como est\u00e3o os trabalhos e o que fazer para melhorar. O preenchimento n\u00e3o \u00e9 obrigat\u00f3rio. Os resultados servir\u00e3o de base \u00e0 secretaria para planejar a pol\u00edtica de educa\u00e7\u00e3o infantil de cada munic\u00edpio. \u201cQueremos que seja feito de maneira sincera e n\u00e3o respondido apenas para agradar ao MEC\u201d, afirma a secret\u00e1ria de Educa\u00e7\u00e3o B\u00e1sica, Maria do Pilar Lacerda. \u00a0<\/p>\n<p> No fim do conjunto de perguntas de cada um dos sete aspectos abordados, h\u00e1 um plano de a\u00e7\u00e3o sugerido pelo MEC. A primeira dimens\u00e3o explorada pelo question\u00e1rio \u00e9 o planejamento institucional (propostas pedag\u00f3gicas e registros de pr\u00e1ticas educativas), seguida pela multiplicidade de experi\u00eancias de linguagem (se a crian\u00e7a est\u00e1 indo \u00e0 sala de aula, formas de express\u00e3o, entre outros), intera\u00e7\u00f5es (diz respeito \u00e0 integridade dos alunos), promo\u00e7\u00e3o da sa\u00fade, espa\u00e7os materiais e mobili\u00e1rios (como banheiro, biblioteca, cantinho de leitura, ilumina\u00e7\u00e3o, seguran\u00e7a), forma\u00e7\u00e3o e condi\u00e7\u00f5es de trabalhos de professores e funcion\u00e1rios e coopera\u00e7\u00e3o e troca com fam\u00edlias e participa\u00e7\u00e3o na rede de prote\u00e7\u00e3o social. \u00a0<\/p>\n<p> \u201cEssa \u00e9 a faixa et\u00e1ria mais indefesa e precisa de uma forma\u00e7\u00e3o mais estrat\u00e9gica, mas n\u00e3o queremos qualquer uma e sim uma boa educa\u00e7\u00e3o infantil\u201d, ressalta Maria do Pilar. A secret\u00e1ria informou ainda que est\u00e3o sendo constru\u00eddas 1.020 escolas de ensino infantil em 1 mil munic\u00edpios, inspirado no modelo das Unidades Municipais de Educa\u00e7\u00e3o Infantil (Umeis) de Belo Horizonte. \u00a0<br \/> \u00a0<br \/><B> M\u00c9DIO<\/B> &#8211; O Brasil pode definir, esta semana, o novo curr\u00edculo do ensino m\u00e9dio no pa\u00eds. A proposta do MEC deve entrar na pauta da reuni\u00e3o ordin\u00e1ria do Conselho Nacional de Educa\u00e7\u00e3o (CNE), em Bras\u00edlia, de hoje at\u00e9 quinta-feira. Para Maria do Pilar, aposta na aprova\u00e7\u00e3o do projeto em junho. Conforme o Estado de Minas anunciou com exclusividade em dezembro do ano passado, o aluno ter\u00e1 a chance de formatar a grade de estudos, escolher disciplinas afins e deixar para tr\u00e1s o m\u00e9todo \u00fanico de aprendizado imposto a todos, que n\u00e3o leva em conta as caracter\u00edsticas e as aptid\u00f5es individuais. A ideia \u00e9 contemplar as necessidades reais dos estudantes.\u00a0<br \/> \u00a0<br \/> Entre as sugest\u00f5es da Secretaria de Educa\u00e7\u00e3o B\u00e1sica, est\u00e3o a amplia\u00e7\u00e3o da carga hor\u00e1ria para al\u00e9m das quatro horas di\u00e1rias atuais e a flexibiliza\u00e7\u00e3o do curr\u00edculo. Haver\u00e1 uma base obrigat\u00f3ria, composta por portugu\u00eas, matem\u00e1tica, hist\u00f3ria e literatura, mas ser\u00e1 permitido aos alunos escolher o restante das mat\u00e9rias, de acordo com o perfil e as aspira\u00e7\u00f5es profissionais e as normas definidas por cada estado, que tem autonomia para estabelecer as pr\u00f3prias bases.\u00a0<br \/>  \u00a0<\/p>\n","protected":false},"excerpt":{"rendered":"<p>O Minist\u00e9rio da Educa\u00e7\u00e3o (MEC) vai examinar mais um aspecto do ensino b\u00e1sico no Brasil e, pela primeira vez, a educa\u00e7\u00e3o infantil ser\u00e1 avaliada. Ontem, a Secretaria B\u00e1sica de Educa\u00e7\u00e3o lan\u00e7ou um documento com os indicadores para analisar a qualidade do ensino \u00e0s crian\u00e7as de at\u00e9 6 anos. \u00a0 A publica\u00e7\u00e3o \u2013 uma parceria com [&hellip;]<\/p>\n","protected":false},"author":1,"featured_media":0,"comment_status":"closed","ping_status":"closed","sticky":false,"template":"","format":"standard","meta":{"footnotes":"","_links_to":"","_links_to_target":""},"categories":[9],"tags":[],"class_list":["post-2581","post","type-post","status-publish","format-standard","hentry","category-noticias-da-imprensa"],"yoast_head":"<!-- This site is optimized with the Yoast SEO plugin v15.1 - https:\/\/yoast.com\/wordpress\/plugins\/seo\/ -->\n<title>MEC quer melhorar a educa\u00e7\u00e3o infantil &raquo; Abrelivros<\/title>\n<meta name=\"robots\" content=\"index, follow, max-snippet:-1, max-image-preview:large, max-video-preview:-1\" \/>\n<link rel=\"canonical\" href=\"https:\/\/abrelivros.org.br\/site\/mec-quer-melhorar-a-educacao-infantil\/\" \/>\n<meta property=\"og:locale\" content=\"pt_BR\" \/>\n<meta property=\"og:type\" content=\"article\" \/>\n<meta property=\"og:title\" content=\"MEC quer melhorar a educa\u00e7\u00e3o infantil &raquo; Abrelivros\" \/>\n<meta property=\"og:description\" content=\"O Minist\u00e9rio da Educa\u00e7\u00e3o (MEC) vai examinar mais um aspecto do ensino b\u00e1sico no Brasil e, pela primeira vez, a educa\u00e7\u00e3o infantil ser\u00e1 avaliada. Ontem, a Secretaria B\u00e1sica de Educa\u00e7\u00e3o lan\u00e7ou um documento com os indicadores para analisar a qualidade do ensino \u00e0s crian\u00e7as de at\u00e9 6 anos. \u00a0 A publica\u00e7\u00e3o \u2013 uma parceria com [&hellip;]\" \/>\n<meta property=\"og:url\" content=\"https:\/\/abrelivros.org.br\/site\/mec-quer-melhorar-a-educacao-infantil\/\" \/>\n<meta property=\"og:site_name\" content=\"Abrelivros\" \/>\n<meta property=\"article:published_time\" content=\"2009-05-05T17:28:00+00:00\" \/>\n<meta name=\"twitter:card\" content=\"summary_large_image\" \/>\n<script type=\"application\/ld+json\" class=\"yoast-schema-graph\">{\"@context\":\"https:\/\/schema.org\",\"@graph\":[{\"@type\":\"WebSite\",\"@id\":\"https:\/\/abrelivros.org.br\/site\/#website\",\"url\":\"https:\/\/abrelivros.org.br\/site\/\",\"name\":\"Abrelivros\",\"description\":\"\",\"potentialAction\":[{\"@type\":\"SearchAction\",\"target\":\"https:\/\/abrelivros.org.br\/site\/?s={search_term_string}\",\"query-input\":\"required name=search_term_string\"}],\"inLanguage\":\"pt-BR\"},{\"@type\":\"WebPage\",\"@id\":\"https:\/\/abrelivros.org.br\/site\/mec-quer-melhorar-a-educacao-infantil\/#webpage\",\"url\":\"https:\/\/abrelivros.org.br\/site\/mec-quer-melhorar-a-educacao-infantil\/\",\"name\":\"MEC quer melhorar a educa\\u00e7\\u00e3o infantil &raquo; Abrelivros\",\"isPartOf\":{\"@id\":\"https:\/\/abrelivros.org.br\/site\/#website\"},\"datePublished\":\"2009-05-05T17:28:00+00:00\",\"dateModified\":\"2009-05-05T17:28:00+00:00\",\"author\":{\"@id\":\"https:\/\/abrelivros.org.br\/site\/#\/schema\/person\/2b867f13a717bb230f1a3555505f5593\"},\"breadcrumb\":{\"@id\":\"https:\/\/abrelivros.org.br\/site\/mec-quer-melhorar-a-educacao-infantil\/#breadcrumb\"},\"inLanguage\":\"pt-BR\",\"potentialAction\":[{\"@type\":\"ReadAction\",\"target\":[\"https:\/\/abrelivros.org.br\/site\/mec-quer-melhorar-a-educacao-infantil\/\"]}]},{\"@type\":\"BreadcrumbList\",\"@id\":\"https:\/\/abrelivros.org.br\/site\/mec-quer-melhorar-a-educacao-infantil\/#breadcrumb\",\"itemListElement\":[{\"@type\":\"ListItem\",\"position\":1,\"item\":{\"@type\":\"WebPage\",\"@id\":\"https:\/\/abrelivros.org.br\/site\/\",\"url\":\"https:\/\/abrelivros.org.br\/site\/\",\"name\":\"In\\u00edcio\"}},{\"@type\":\"ListItem\",\"position\":2,\"item\":{\"@type\":\"WebPage\",\"@id\":\"https:\/\/abrelivros.org.br\/site\/category\/noticias\/\",\"url\":\"https:\/\/abrelivros.org.br\/site\/category\/noticias\/\",\"name\":\"Not\\u00edcias\"}},{\"@type\":\"ListItem\",\"position\":3,\"item\":{\"@type\":\"WebPage\",\"@id\":\"https:\/\/abrelivros.org.br\/site\/category\/noticias\/noticias-da-imprensa\/\",\"url\":\"https:\/\/abrelivros.org.br\/site\/category\/noticias\/noticias-da-imprensa\/\",\"name\":\"Not\\u00edcias da imprensa\"}},{\"@type\":\"ListItem\",\"position\":4,\"item\":{\"@type\":\"WebPage\",\"@id\":\"https:\/\/abrelivros.org.br\/site\/mec-quer-melhorar-a-educacao-infantil\/\",\"url\":\"https:\/\/abrelivros.org.br\/site\/mec-quer-melhorar-a-educacao-infantil\/\",\"name\":\"MEC quer melhorar a educa\\u00e7\\u00e3o infantil\"}}]},{\"@type\":\"Person\",\"@id\":\"https:\/\/abrelivros.org.br\/site\/#\/schema\/person\/2b867f13a717bb230f1a3555505f5593\",\"name\":\"\\u00a0\",\"image\":{\"@type\":\"ImageObject\",\"@id\":\"https:\/\/abrelivros.org.br\/site\/#personlogo\",\"inLanguage\":\"pt-BR\",\"url\":\"https:\/\/secure.gravatar.com\/avatar\/e80b7f5231be2fff5040a8023da424898002831c5439420df182ae62676d2a6f?s=96&d=mm&r=g\",\"caption\":\"\\u00a0\"}}]}<\/script>\n<!-- \/ Yoast SEO plugin. -->","_links":{"self":[{"href":"https:\/\/abrelivros.org.br\/site\/wp-json\/wp\/v2\/posts\/2581","targetHints":{"allow":["GET"]}}],"collection":[{"href":"https:\/\/abrelivros.org.br\/site\/wp-json\/wp\/v2\/posts"}],"about":[{"href":"https:\/\/abrelivros.org.br\/site\/wp-json\/wp\/v2\/types\/post"}],"author":[{"embeddable":true,"href":"https:\/\/abrelivros.org.br\/site\/wp-json\/wp\/v2\/users\/1"}],"replies":[{"embeddable":true,"href":"https:\/\/abrelivros.org.br\/site\/wp-json\/wp\/v2\/comments?post=2581"}],"version-history":[{"count":0,"href":"https:\/\/abrelivros.org.br\/site\/wp-json\/wp\/v2\/posts\/2581\/revisions"}],"wp:attachment":[{"href":"https:\/\/abrelivros.org.br\/site\/wp-json\/wp\/v2\/media?parent=2581"}],"wp:term":[{"taxonomy":"category","embeddable":true,"href":"https:\/\/abrelivros.org.br\/site\/wp-json\/wp\/v2\/categories?post=2581"},{"taxonomy":"post_tag","embeddable":true,"href":"https:\/\/abrelivros.org.br\/site\/wp-json\/wp\/v2\/tags?post=2581"}],"curies":[{"name":"wp","href":"https:\/\/api.w.org\/{rel}","templated":true}]}}