{"id":2580,"date":"2009-05-05T14:34:00","date_gmt":"2009-05-05T17:34:00","guid":{"rendered":"https:\/\/abrelivros.org.br\/site\/2009\/05\/05\/mec-quer-ampliar-carga-horaria-do-ensino-medio\/"},"modified":"2009-05-05T14:34:00","modified_gmt":"2009-05-05T17:34:00","slug":"mec-quer-ampliar-carga-horaria-do-ensino-medio","status":"publish","type":"post","link":"https:\/\/abrelivros.org.br\/site\/mec-quer-ampliar-carga-horaria-do-ensino-medio\/","title":{"rendered":"MEC quer ampliar carga hor\u00e1ria do ensino m\u00e9dio"},"content":{"rendered":"<p>O Minist\u00e9rio da Educa\u00e7\u00e3o (MEC) planeja aumentar a carga hor\u00e1ria do ensino m\u00e9dio em 25%, passando das atuais 2.400 horas para 3 mil por ano. Dessas 600 horas a mais, 120 poder\u00e3o ser usadas para disciplinas de livre escolha &#8211; desde aulas a mais de matem\u00e1tica ou portugu\u00eas, at\u00e9 teatro, m\u00fasica, artes ou esportes. A proposta, encaminhada ao Conselho Nacional de Educa\u00e7\u00e3o (CNE), servir\u00e1 de subs\u00eddio para Estados que desejam alterar o atual modelo de ensino m\u00e9dio, considerado ultrapassado pelo minist\u00e9rio. \u00a0<br \/> \u00a0<br \/> O MEC n\u00e3o tem o poder de definir a estrutura do ensino m\u00e9dio, uma atribui\u00e7\u00e3o dos Estados. Nacionalmente \u00e9 determinado pelo CNE um curr\u00edculo m\u00ednimo e as diretrizes nacionais, que mostram o que um estudante precisa saber depois de tr\u00eas anos de estudo. A inten\u00e7\u00e3o \u00e9 induzir Estados a sa\u00edrem do atual modelo, dividido em disciplinas, para uma forma mais flex\u00edvel. Para isso, o minist\u00e9rio pretende que o CNE aprove as propostas de altera\u00e7\u00f5es de diretrizes com as recomenda\u00e7\u00f5es de mais horas-aula, disciplinas eletivas e uma formula\u00e7\u00e3o mais livre, com o curr\u00edculo organizado em n\u00facleos tem\u00e1ticos.\u00a0<br \/> \u00a0<br \/> De acordo com o diretor de concep\u00e7\u00f5es e orienta\u00e7\u00f5es curriculares para educa\u00e7\u00e3o b\u00e1sica do MEC, Carlos Artexes, as disciplinas n\u00e3o necessariamente desaparecer\u00e3o, mas a ideia \u00e9 que sejam aproximadas por \u00e1rea de conhecimento. Atualmente, o ensino m\u00e9dio tem a maior evas\u00e3o da educa\u00e7\u00e3o b\u00e1sica. Al\u00e9m das novas diretrizes, o minist\u00e9rio dever\u00e1 entrar com recursos. At\u00e9 o final deste ano, a inten\u00e7\u00e3o \u00e9 assinar conv\u00eanios para pilotos de novos modelos com os Estados interessados. At\u00e9 agora, o MEC tem recursos para financiar cem escolas com as menores notas no Exame Nacional do Ensino M\u00e9dio (Enem).\u00a0<br \/> \u00a0<\/p>\n","protected":false},"excerpt":{"rendered":"<p>O Minist\u00e9rio da Educa\u00e7\u00e3o (MEC) planeja aumentar a carga hor\u00e1ria do ensino m\u00e9dio em 25%, passando das atuais 2.400 horas para 3 mil por ano. Dessas 600 horas a mais, 120 poder\u00e3o ser usadas para disciplinas de livre escolha &#8211; desde aulas a mais de matem\u00e1tica ou portugu\u00eas, at\u00e9 teatro, m\u00fasica, artes ou esportes. A [&hellip;]<\/p>\n","protected":false},"author":1,"featured_media":0,"comment_status":"closed","ping_status":"closed","sticky":false,"template":"","format":"standard","meta":{"footnotes":"","_links_to":"","_links_to_target":""},"categories":[9],"tags":[],"class_list":["post-2580","post","type-post","status-publish","format-standard","hentry","category-noticias-da-imprensa"],"yoast_head":"<!-- This site is optimized with the Yoast SEO plugin v15.1 - https:\/\/yoast.com\/wordpress\/plugins\/seo\/ -->\n<title>MEC quer ampliar carga hor\u00e1ria do ensino m\u00e9dio &raquo; Abrelivros<\/title>\n<meta name=\"robots\" content=\"index, follow, max-snippet:-1, max-image-preview:large, max-video-preview:-1\" \/>\n<link rel=\"canonical\" href=\"https:\/\/abrelivros.org.br\/site\/mec-quer-ampliar-carga-horaria-do-ensino-medio\/\" \/>\n<meta property=\"og:locale\" content=\"pt_BR\" \/>\n<meta property=\"og:type\" content=\"article\" \/>\n<meta property=\"og:title\" content=\"MEC quer ampliar carga hor\u00e1ria do ensino m\u00e9dio &raquo; Abrelivros\" \/>\n<meta property=\"og:description\" content=\"O Minist\u00e9rio da Educa\u00e7\u00e3o (MEC) planeja aumentar a carga hor\u00e1ria do ensino m\u00e9dio em 25%, passando das atuais 2.400 horas para 3 mil por ano. Dessas 600 horas a mais, 120 poder\u00e3o ser usadas para disciplinas de livre escolha &#8211; desde aulas a mais de matem\u00e1tica ou portugu\u00eas, at\u00e9 teatro, m\u00fasica, artes ou esportes. A [&hellip;]\" \/>\n<meta property=\"og:url\" content=\"https:\/\/abrelivros.org.br\/site\/mec-quer-ampliar-carga-horaria-do-ensino-medio\/\" \/>\n<meta property=\"og:site_name\" content=\"Abrelivros\" \/>\n<meta property=\"article:published_time\" content=\"2009-05-05T17:34:00+00:00\" \/>\n<meta name=\"twitter:card\" content=\"summary_large_image\" \/>\n<script type=\"application\/ld+json\" class=\"yoast-schema-graph\">{\"@context\":\"https:\/\/schema.org\",\"@graph\":[{\"@type\":\"WebSite\",\"@id\":\"https:\/\/abrelivros.org.br\/site\/#website\",\"url\":\"https:\/\/abrelivros.org.br\/site\/\",\"name\":\"Abrelivros\",\"description\":\"\",\"potentialAction\":[{\"@type\":\"SearchAction\",\"target\":\"https:\/\/abrelivros.org.br\/site\/?s={search_term_string}\",\"query-input\":\"required name=search_term_string\"}],\"inLanguage\":\"pt-BR\"},{\"@type\":\"WebPage\",\"@id\":\"https:\/\/abrelivros.org.br\/site\/mec-quer-ampliar-carga-horaria-do-ensino-medio\/#webpage\",\"url\":\"https:\/\/abrelivros.org.br\/site\/mec-quer-ampliar-carga-horaria-do-ensino-medio\/\",\"name\":\"MEC quer ampliar carga hor\\u00e1ria do ensino m\\u00e9dio &raquo; Abrelivros\",\"isPartOf\":{\"@id\":\"https:\/\/abrelivros.org.br\/site\/#website\"},\"datePublished\":\"2009-05-05T17:34:00+00:00\",\"dateModified\":\"2009-05-05T17:34:00+00:00\",\"author\":{\"@id\":\"https:\/\/abrelivros.org.br\/site\/#\/schema\/person\/2b867f13a717bb230f1a3555505f5593\"},\"breadcrumb\":{\"@id\":\"https:\/\/abrelivros.org.br\/site\/mec-quer-ampliar-carga-horaria-do-ensino-medio\/#breadcrumb\"},\"inLanguage\":\"pt-BR\",\"potentialAction\":[{\"@type\":\"ReadAction\",\"target\":[\"https:\/\/abrelivros.org.br\/site\/mec-quer-ampliar-carga-horaria-do-ensino-medio\/\"]}]},{\"@type\":\"BreadcrumbList\",\"@id\":\"https:\/\/abrelivros.org.br\/site\/mec-quer-ampliar-carga-horaria-do-ensino-medio\/#breadcrumb\",\"itemListElement\":[{\"@type\":\"ListItem\",\"position\":1,\"item\":{\"@type\":\"WebPage\",\"@id\":\"https:\/\/abrelivros.org.br\/site\/\",\"url\":\"https:\/\/abrelivros.org.br\/site\/\",\"name\":\"In\\u00edcio\"}},{\"@type\":\"ListItem\",\"position\":2,\"item\":{\"@type\":\"WebPage\",\"@id\":\"https:\/\/abrelivros.org.br\/site\/category\/noticias\/\",\"url\":\"https:\/\/abrelivros.org.br\/site\/category\/noticias\/\",\"name\":\"Not\\u00edcias\"}},{\"@type\":\"ListItem\",\"position\":3,\"item\":{\"@type\":\"WebPage\",\"@id\":\"https:\/\/abrelivros.org.br\/site\/category\/noticias\/noticias-da-imprensa\/\",\"url\":\"https:\/\/abrelivros.org.br\/site\/category\/noticias\/noticias-da-imprensa\/\",\"name\":\"Not\\u00edcias da imprensa\"}},{\"@type\":\"ListItem\",\"position\":4,\"item\":{\"@type\":\"WebPage\",\"@id\":\"https:\/\/abrelivros.org.br\/site\/mec-quer-ampliar-carga-horaria-do-ensino-medio\/\",\"url\":\"https:\/\/abrelivros.org.br\/site\/mec-quer-ampliar-carga-horaria-do-ensino-medio\/\",\"name\":\"MEC quer ampliar carga hor\\u00e1ria do ensino m\\u00e9dio\"}}]},{\"@type\":\"Person\",\"@id\":\"https:\/\/abrelivros.org.br\/site\/#\/schema\/person\/2b867f13a717bb230f1a3555505f5593\",\"name\":\"\\u00a0\",\"image\":{\"@type\":\"ImageObject\",\"@id\":\"https:\/\/abrelivros.org.br\/site\/#personlogo\",\"inLanguage\":\"pt-BR\",\"url\":\"https:\/\/secure.gravatar.com\/avatar\/e80b7f5231be2fff5040a8023da424898002831c5439420df182ae62676d2a6f?s=96&d=mm&r=g\",\"caption\":\"\\u00a0\"}}]}<\/script>\n<!-- \/ Yoast SEO plugin. -->","_links":{"self":[{"href":"https:\/\/abrelivros.org.br\/site\/wp-json\/wp\/v2\/posts\/2580","targetHints":{"allow":["GET"]}}],"collection":[{"href":"https:\/\/abrelivros.org.br\/site\/wp-json\/wp\/v2\/posts"}],"about":[{"href":"https:\/\/abrelivros.org.br\/site\/wp-json\/wp\/v2\/types\/post"}],"author":[{"embeddable":true,"href":"https:\/\/abrelivros.org.br\/site\/wp-json\/wp\/v2\/users\/1"}],"replies":[{"embeddable":true,"href":"https:\/\/abrelivros.org.br\/site\/wp-json\/wp\/v2\/comments?post=2580"}],"version-history":[{"count":0,"href":"https:\/\/abrelivros.org.br\/site\/wp-json\/wp\/v2\/posts\/2580\/revisions"}],"wp:attachment":[{"href":"https:\/\/abrelivros.org.br\/site\/wp-json\/wp\/v2\/media?parent=2580"}],"wp:term":[{"taxonomy":"category","embeddable":true,"href":"https:\/\/abrelivros.org.br\/site\/wp-json\/wp\/v2\/categories?post=2580"},{"taxonomy":"post_tag","embeddable":true,"href":"https:\/\/abrelivros.org.br\/site\/wp-json\/wp\/v2\/tags?post=2580"}],"curies":[{"name":"wp","href":"https:\/\/api.w.org\/{rel}","templated":true}]}}