{"id":2534,"date":"2008-11-28T15:36:00","date_gmt":"2008-11-28T17:36:00","guid":{"rendered":"https:\/\/abrelivros.org.br\/site\/2008\/11\/28\/lula-apoia-o-fim-da-dru-para-a-educacao\/"},"modified":"2008-11-28T15:36:00","modified_gmt":"2008-11-28T17:36:00","slug":"lula-apoia-o-fim-da-dru-para-a-educacao","status":"publish","type":"post","link":"https:\/\/abrelivros.org.br\/site\/lula-apoia-o-fim-da-dru-para-a-educacao\/","title":{"rendered":"Lula ap\u00f3ia o fim da DRU para a educa\u00e7\u00e3o"},"content":{"rendered":"<p>O Presidente Luiz In\u00e1cio Lula da Silva expressou seu apoio ao fim da Desvincula\u00e7\u00e3o dos Recursos da Uni\u00e3o (DRU) para a educa\u00e7\u00e3o, previsto na proposta de emenda constitucional (PEC 96\/03), na manh\u00e3 desta quinta-feira, 27, durante reuni\u00e3o no Pal\u00e1cio do Planalto com representantes da Uni\u00e3o Nacional dos Estudantes (UNE) e ministros da \u00e1rea social, entre eles o da Educa\u00e7\u00e3o, Fernando Haddad.\u00a0<br \/> \u00a0<br \/> Durante a passagem da Caravana da UNE pela Universidade de Bras\u00edlia (UnB), Haddad comemorou a declara\u00e7\u00e3o de apoio do presidente a uma antiga reivindica\u00e7\u00e3o do minist\u00e9rio. \u201cTemos de acabar com essa excresc\u00eancia\u201d, enfatizou Haddad aos estudantes da UnB.\u00a0<br \/> \u00a0<br \/> Segundo o ministro, \u00e9 preciso recuperar o patamar m\u00ednimo de investimentos na \u00e1rea educacional previstos na Constitui\u00e7\u00e3o Federal de 1988. \u201dE esse patamar ainda \u00e9 insuficiente porque \u00e9 de vinte anos atr\u00e1s\u201d, destacou. \u00a0<br \/> \u00a0<br \/> A PEC 96\/03, que extingue a DRU, assegura a destina\u00e7\u00e3o integral de 18% do total de recursos arrecadados com impostos federais \u00e0 educa\u00e7\u00e3o, como prev\u00ea a Carta constitucional. \u00a0<br \/> \u00a0<br \/> O mecanismo da DRU, aprovado em 1994, permite que o governo desvincule e aplique em outras \u00e1reas 20% do total de impostos arrecadados pela Uni\u00e3o, independentemente das vincula\u00e7\u00f5es previstas na Constitui\u00e7\u00e3o. Com a DRU, os 18% da receita que deveriam financiar a educa\u00e7\u00e3o passaram a ser calculados depois de descontados os 20% da desvincula\u00e7\u00e3o.  A DRU representa um preju\u00edzo de R$ 7,5 bilh\u00f5es anuais em investimentos na \u00e1rea.\u00a0<br \/> \u00a0<br \/> O ministro convidou a presidente da UNE, L\u00facia Stumpf, e movimentos ligados \u00e0 educa\u00e7\u00e3o para que juntos visitem o Congresso Nacional e sensibilizem os parlamentares a dar agilidade \u00e0 vota\u00e7\u00e3o da MP que revoga a DRU para a educa\u00e7\u00e3o. A mat\u00e9ria j\u00e1 foi aprovada pelo Senado Federal e est\u00e1 em tramita\u00e7\u00e3o na C\u00e2mara dos Deputados.\u00a0<br \/> \u00a0<br \/> O encontro no Pal\u00e1cio do Planalto com o presidente Lula e as atividades na UnB marcam o encerramento da Caravana da UNE: Sa\u00fade, Cultura e Educa\u00e7\u00e3o. A Caravana percorreu os 26 estados e o Distrito Federal com atividades culturais, de sa\u00fade e educa\u00e7\u00e3o.\u00a0<br \/> \u00a0<br \/> \u00a0<br \/> \u00a0<br \/> \u00a0<br \/><B> Haddad defende fim da DRU da educa\u00e7\u00e3o ap\u00f3s manifesta\u00e7\u00e3o de apoio de Lula\u00a0<br \/><\/B> Portal UOL &#8211; Educa\u00e7\u00e3o\u00a0<br \/> \u00a0<br \/> O ministro da Educa\u00e7\u00e3o, Fernando Haddad, convidou a presidente da UNE (Uni\u00e3o Nacional dos Estudantes), L\u00facia Stumpf, e outros movimentos sociais para irem ao Congresso Nacional e pedir agilidade na tramita\u00e7\u00e3o da PEC (proposta de emenda \u00e0 Constitui\u00e7\u00e3o) que acaba com a incid\u00eancia da DRU (Desvincula\u00e7\u00e3o de Receita da Uni\u00e3o) sobre os recursos da educa\u00e7\u00e3o. Segundo o ministro, hoje (27) em encontro com representantes da UNE, o presidente Lula sinalizou apoio \u00e0 aprova\u00e7\u00e3o do projeto.\u00a0<br \/> \u00a0<br \/> A PEC j\u00e1 foi aprovada no Senado e agora segue para a C\u00e2mara. Com o fim da DRU na educa\u00e7\u00e3o, a \u00e1rea passa a contar com R$ 7 bilh\u00f5es a mais ao ano no seu or\u00e7amento. Essa foi uma das reivindica\u00e7\u00f5es dos estudantes colhidas pela Caravana da UNE, que visitou institui\u00e7\u00f5es de ensino nos 27 estados do pa\u00eds. O encerramento ocorreu hoje com um debate na UnB (Universidade de Bras\u00edlia).\u00a0<br \/> \u00a0<br \/> \u201cVamos visitar o presidente e o relator da comiss\u00e3o especial que est\u00e1 sendo instalada na C\u00e2mara, j\u00e1 que temos o aval do presidente Lula para pedir agilidade na tramita\u00e7\u00e3o. N\u00f3s temos que fixar 2008 como meta para promulgar essa PEC e botar fim definitivamente \u00e0 DRU\u201c, defendeu Haddad.\u00a0<br \/> \u00a0<br \/> A PEC 96\/2003, de autoria da senadora Ideli Salvati (PT-SC), retira os recursos destinados \u00e0 \u00e1rea da educa\u00e7\u00e3o do c\u00e1lculo da DRU (Desvincula\u00e7\u00e3o de Receitas da Uni\u00e3o). A DRU \u00e9 um mecanismo que permite ao governo federal gastar 20% de qualquer arrecada\u00e7\u00e3o sem justificar a destina\u00e7\u00e3o dos recursos. Ou seja, cada pasta perde 20% da verba para o fundo que foi criado em 1994.\u00a0<br \/> \u00a0<\/p>\n","protected":false},"excerpt":{"rendered":"<p>O Presidente Luiz In\u00e1cio Lula da Silva expressou seu apoio ao fim da Desvincula\u00e7\u00e3o dos Recursos da Uni\u00e3o (DRU) para a educa\u00e7\u00e3o, previsto na proposta de emenda constitucional (PEC 96\/03), na manh\u00e3 desta quinta-feira, 27, durante reuni\u00e3o no Pal\u00e1cio do Planalto com representantes da Uni\u00e3o Nacional dos Estudantes (UNE) e ministros da \u00e1rea social, entre [&hellip;]<\/p>\n","protected":false},"author":1,"featured_media":0,"comment_status":"closed","ping_status":"closed","sticky":false,"template":"","format":"standard","meta":{"footnotes":"","_links_to":"","_links_to_target":""},"categories":[9],"tags":[],"class_list":["post-2534","post","type-post","status-publish","format-standard","hentry","category-noticias-da-imprensa"],"yoast_head":"<!-- This site is optimized with the Yoast SEO plugin v15.1 - https:\/\/yoast.com\/wordpress\/plugins\/seo\/ -->\n<title>Lula ap\u00f3ia o fim da DRU para a educa\u00e7\u00e3o &raquo; Abrelivros<\/title>\n<meta name=\"robots\" content=\"index, follow, max-snippet:-1, max-image-preview:large, max-video-preview:-1\" \/>\n<link rel=\"canonical\" href=\"https:\/\/abrelivros.org.br\/site\/lula-apoia-o-fim-da-dru-para-a-educacao\/\" \/>\n<meta property=\"og:locale\" content=\"pt_BR\" \/>\n<meta property=\"og:type\" content=\"article\" \/>\n<meta property=\"og:title\" content=\"Lula ap\u00f3ia o fim da DRU para a educa\u00e7\u00e3o &raquo; Abrelivros\" \/>\n<meta property=\"og:description\" content=\"O Presidente Luiz In\u00e1cio Lula da Silva expressou seu apoio ao fim da Desvincula\u00e7\u00e3o dos Recursos da Uni\u00e3o (DRU) para a educa\u00e7\u00e3o, previsto na proposta de emenda constitucional (PEC 96\/03), na manh\u00e3 desta quinta-feira, 27, durante reuni\u00e3o no Pal\u00e1cio do Planalto com representantes da Uni\u00e3o Nacional dos Estudantes (UNE) e ministros da \u00e1rea social, entre [&hellip;]\" \/>\n<meta property=\"og:url\" content=\"https:\/\/abrelivros.org.br\/site\/lula-apoia-o-fim-da-dru-para-a-educacao\/\" \/>\n<meta property=\"og:site_name\" content=\"Abrelivros\" \/>\n<meta property=\"article:published_time\" content=\"2008-11-28T17:36:00+00:00\" \/>\n<meta name=\"twitter:card\" content=\"summary_large_image\" \/>\n<script type=\"application\/ld+json\" class=\"yoast-schema-graph\">{\"@context\":\"https:\/\/schema.org\",\"@graph\":[{\"@type\":\"WebSite\",\"@id\":\"https:\/\/abrelivros.org.br\/site\/#website\",\"url\":\"https:\/\/abrelivros.org.br\/site\/\",\"name\":\"Abrelivros\",\"description\":\"\",\"potentialAction\":[{\"@type\":\"SearchAction\",\"target\":\"https:\/\/abrelivros.org.br\/site\/?s={search_term_string}\",\"query-input\":\"required name=search_term_string\"}],\"inLanguage\":\"pt-BR\"},{\"@type\":\"WebPage\",\"@id\":\"https:\/\/abrelivros.org.br\/site\/lula-apoia-o-fim-da-dru-para-a-educacao\/#webpage\",\"url\":\"https:\/\/abrelivros.org.br\/site\/lula-apoia-o-fim-da-dru-para-a-educacao\/\",\"name\":\"Lula ap\\u00f3ia o fim da DRU para a educa\\u00e7\\u00e3o &raquo; Abrelivros\",\"isPartOf\":{\"@id\":\"https:\/\/abrelivros.org.br\/site\/#website\"},\"datePublished\":\"2008-11-28T17:36:00+00:00\",\"dateModified\":\"2008-11-28T17:36:00+00:00\",\"author\":{\"@id\":\"https:\/\/abrelivros.org.br\/site\/#\/schema\/person\/2b867f13a717bb230f1a3555505f5593\"},\"breadcrumb\":{\"@id\":\"https:\/\/abrelivros.org.br\/site\/lula-apoia-o-fim-da-dru-para-a-educacao\/#breadcrumb\"},\"inLanguage\":\"pt-BR\",\"potentialAction\":[{\"@type\":\"ReadAction\",\"target\":[\"https:\/\/abrelivros.org.br\/site\/lula-apoia-o-fim-da-dru-para-a-educacao\/\"]}]},{\"@type\":\"BreadcrumbList\",\"@id\":\"https:\/\/abrelivros.org.br\/site\/lula-apoia-o-fim-da-dru-para-a-educacao\/#breadcrumb\",\"itemListElement\":[{\"@type\":\"ListItem\",\"position\":1,\"item\":{\"@type\":\"WebPage\",\"@id\":\"https:\/\/abrelivros.org.br\/site\/\",\"url\":\"https:\/\/abrelivros.org.br\/site\/\",\"name\":\"In\\u00edcio\"}},{\"@type\":\"ListItem\",\"position\":2,\"item\":{\"@type\":\"WebPage\",\"@id\":\"https:\/\/abrelivros.org.br\/site\/category\/noticias\/\",\"url\":\"https:\/\/abrelivros.org.br\/site\/category\/noticias\/\",\"name\":\"Not\\u00edcias\"}},{\"@type\":\"ListItem\",\"position\":3,\"item\":{\"@type\":\"WebPage\",\"@id\":\"https:\/\/abrelivros.org.br\/site\/category\/noticias\/noticias-da-imprensa\/\",\"url\":\"https:\/\/abrelivros.org.br\/site\/category\/noticias\/noticias-da-imprensa\/\",\"name\":\"Not\\u00edcias da imprensa\"}},{\"@type\":\"ListItem\",\"position\":4,\"item\":{\"@type\":\"WebPage\",\"@id\":\"https:\/\/abrelivros.org.br\/site\/lula-apoia-o-fim-da-dru-para-a-educacao\/\",\"url\":\"https:\/\/abrelivros.org.br\/site\/lula-apoia-o-fim-da-dru-para-a-educacao\/\",\"name\":\"Lula ap\\u00f3ia o fim da DRU para a educa\\u00e7\\u00e3o\"}}]},{\"@type\":\"Person\",\"@id\":\"https:\/\/abrelivros.org.br\/site\/#\/schema\/person\/2b867f13a717bb230f1a3555505f5593\",\"name\":\"\\u00a0\",\"image\":{\"@type\":\"ImageObject\",\"@id\":\"https:\/\/abrelivros.org.br\/site\/#personlogo\",\"inLanguage\":\"pt-BR\",\"url\":\"https:\/\/secure.gravatar.com\/avatar\/e80b7f5231be2fff5040a8023da424898002831c5439420df182ae62676d2a6f?s=96&d=mm&r=g\",\"caption\":\"\\u00a0\"}}]}<\/script>\n<!-- \/ Yoast SEO plugin. -->","_links":{"self":[{"href":"https:\/\/abrelivros.org.br\/site\/wp-json\/wp\/v2\/posts\/2534","targetHints":{"allow":["GET"]}}],"collection":[{"href":"https:\/\/abrelivros.org.br\/site\/wp-json\/wp\/v2\/posts"}],"about":[{"href":"https:\/\/abrelivros.org.br\/site\/wp-json\/wp\/v2\/types\/post"}],"author":[{"embeddable":true,"href":"https:\/\/abrelivros.org.br\/site\/wp-json\/wp\/v2\/users\/1"}],"replies":[{"embeddable":true,"href":"https:\/\/abrelivros.org.br\/site\/wp-json\/wp\/v2\/comments?post=2534"}],"version-history":[{"count":0,"href":"https:\/\/abrelivros.org.br\/site\/wp-json\/wp\/v2\/posts\/2534\/revisions"}],"wp:attachment":[{"href":"https:\/\/abrelivros.org.br\/site\/wp-json\/wp\/v2\/media?parent=2534"}],"wp:term":[{"taxonomy":"category","embeddable":true,"href":"https:\/\/abrelivros.org.br\/site\/wp-json\/wp\/v2\/categories?post=2534"},{"taxonomy":"post_tag","embeddable":true,"href":"https:\/\/abrelivros.org.br\/site\/wp-json\/wp\/v2\/tags?post=2534"}],"curies":[{"name":"wp","href":"https:\/\/api.w.org\/{rel}","templated":true}]}}