{"id":2532,"date":"2008-12-01T17:45:00","date_gmt":"2008-12-01T19:45:00","guid":{"rendered":"https:\/\/abrelivros.org.br\/site\/2008\/12\/01\/educacao-basica-divulgados-dados-de-2007\/"},"modified":"2008-12-01T17:45:00","modified_gmt":"2008-12-01T19:45:00","slug":"educacao-basica-divulgados-dados-de-2007","status":"publish","type":"post","link":"https:\/\/abrelivros.org.br\/site\/educacao-basica-divulgados-dados-de-2007\/","title":{"rendered":"Educa\u00e7\u00e3o b\u00e1sica: divulgados dados de 2007"},"content":{"rendered":"<p>Foi divulgada na sexta-feira, 28 de novembro,  a Sinopse Estat\u00edstica da Educa\u00e7\u00e3o B\u00e1sica de 2007, que apresenta dados referentes a estabelecimentos, matr\u00edculas, movimento e rendimento escolar das diferentes etapas e modalidades da educa\u00e7\u00e3o infantil (creche e pr\u00e9-escola), ensino fundamental, ensino m\u00e9dio, educa\u00e7\u00e3o especial, educa\u00e7\u00e3o de jovens e adultos e educa\u00e7\u00e3o profissional e tecnol\u00f3gica. Os dados est\u00e3o distribu\u00eddos de acordo com as regi\u00f5es brasileiras e unidades da Federa\u00e7\u00e3o.\u00a0<br \/> \u00a0<br \/> As novidades s\u00e3o as informa\u00e7\u00f5es sobre nacionalidade dos estudantes por n\u00edvel de ensino e dados referentes \u00e0 matr\u00edcula e aos estabelecimentos localizados em \u00e1reas ind\u00edgenas e de descend\u00eancia de quilombolas. Ficaram de fora os resultados sobre fun\u00e7\u00f5es dos professores, que far\u00e3o parte de um estudo espec\u00edfico.\u00a0<br \/> \u00a0<br \/> O documento cont\u00e9m ainda o levantamento do Censo Escolar de 2007, que pela primeira vez utilizou o <a href=\"http:\/\/sitio.educacenso.inep.gov.br\/\" target=\"_blank\" rel=\"noopener noreferrer\">Educacenso<\/a> (sistema informatizado de levantamento de dados) para a coleta de informa\u00e7\u00f5es. Com a implanta\u00e7\u00e3o do sistema e a mudan\u00e7a na data de refer\u00eancia da coleta, verificou-se um aprimoramento na qualidade dos dados apurados. Os resultados finais contabilizaram 53.028.928 matr\u00edculas e 198.397 estabelecimentos educacionais.\u00a0<br \/> \u00a0<br \/> A <a href=\"http:\/\/www.inep.gov.br\/download\/censo\/2007\/Resultados_Censo_Escolar_2007.xls\" target=\"_blank\" rel=\"noopener noreferrer\">Sinopse<\/a> \u00e9 publicada anualmente pelo Instituto Nacional de Estudos e Pesquisas Educacionais (Inep). Ela \u00e9 utilizada por especialistas e pelo p\u00fablico em geral para pesquisas. As informa\u00e7\u00f5es servem de subs\u00eddios para os dirigentes educacionais no desenvolvimento e na implementa\u00e7\u00e3o de pol\u00edticas p\u00fablicas. \u00a0<br \/> \u00a0<br \/> \u00a0<\/p>\n","protected":false},"excerpt":{"rendered":"<p>Foi divulgada na sexta-feira, 28 de novembro, a Sinopse Estat\u00edstica da Educa\u00e7\u00e3o B\u00e1sica de 2007, que apresenta dados referentes a estabelecimentos, matr\u00edculas, movimento e rendimento escolar das diferentes etapas e modalidades da educa\u00e7\u00e3o infantil (creche e pr\u00e9-escola), ensino fundamental, ensino m\u00e9dio, educa\u00e7\u00e3o especial, educa\u00e7\u00e3o de jovens e adultos e educa\u00e7\u00e3o profissional e tecnol\u00f3gica. Os dados [&hellip;]<\/p>\n","protected":false},"author":1,"featured_media":0,"comment_status":"closed","ping_status":"closed","sticky":false,"template":"","format":"standard","meta":{"footnotes":"","_links_to":"","_links_to_target":""},"categories":[9],"tags":[],"class_list":["post-2532","post","type-post","status-publish","format-standard","hentry","category-noticias-da-imprensa"],"yoast_head":"<!-- This site is optimized with the Yoast SEO plugin v15.1 - https:\/\/yoast.com\/wordpress\/plugins\/seo\/ -->\n<title>Educa\u00e7\u00e3o b\u00e1sica: divulgados dados de 2007 &raquo; Abrelivros<\/title>\n<meta name=\"robots\" content=\"index, follow, max-snippet:-1, max-image-preview:large, max-video-preview:-1\" \/>\n<link rel=\"canonical\" href=\"https:\/\/abrelivros.org.br\/site\/educacao-basica-divulgados-dados-de-2007\/\" \/>\n<meta property=\"og:locale\" content=\"pt_BR\" \/>\n<meta property=\"og:type\" content=\"article\" \/>\n<meta property=\"og:title\" content=\"Educa\u00e7\u00e3o b\u00e1sica: divulgados dados de 2007 &raquo; Abrelivros\" \/>\n<meta property=\"og:description\" content=\"Foi divulgada na sexta-feira, 28 de novembro, a Sinopse Estat\u00edstica da Educa\u00e7\u00e3o B\u00e1sica de 2007, que apresenta dados referentes a estabelecimentos, matr\u00edculas, movimento e rendimento escolar das diferentes etapas e modalidades da educa\u00e7\u00e3o infantil (creche e pr\u00e9-escola), ensino fundamental, ensino m\u00e9dio, educa\u00e7\u00e3o especial, educa\u00e7\u00e3o de jovens e adultos e educa\u00e7\u00e3o profissional e tecnol\u00f3gica. Os dados [&hellip;]\" \/>\n<meta property=\"og:url\" content=\"https:\/\/abrelivros.org.br\/site\/educacao-basica-divulgados-dados-de-2007\/\" \/>\n<meta property=\"og:site_name\" content=\"Abrelivros\" \/>\n<meta property=\"article:published_time\" content=\"2008-12-01T19:45:00+00:00\" \/>\n<meta name=\"twitter:card\" content=\"summary_large_image\" \/>\n<script type=\"application\/ld+json\" class=\"yoast-schema-graph\">{\"@context\":\"https:\/\/schema.org\",\"@graph\":[{\"@type\":\"WebSite\",\"@id\":\"https:\/\/abrelivros.org.br\/site\/#website\",\"url\":\"https:\/\/abrelivros.org.br\/site\/\",\"name\":\"Abrelivros\",\"description\":\"\",\"potentialAction\":[{\"@type\":\"SearchAction\",\"target\":\"https:\/\/abrelivros.org.br\/site\/?s={search_term_string}\",\"query-input\":\"required name=search_term_string\"}],\"inLanguage\":\"pt-BR\"},{\"@type\":\"WebPage\",\"@id\":\"https:\/\/abrelivros.org.br\/site\/educacao-basica-divulgados-dados-de-2007\/#webpage\",\"url\":\"https:\/\/abrelivros.org.br\/site\/educacao-basica-divulgados-dados-de-2007\/\",\"name\":\"Educa\\u00e7\\u00e3o b\\u00e1sica: divulgados dados de 2007 &raquo; Abrelivros\",\"isPartOf\":{\"@id\":\"https:\/\/abrelivros.org.br\/site\/#website\"},\"datePublished\":\"2008-12-01T19:45:00+00:00\",\"dateModified\":\"2008-12-01T19:45:00+00:00\",\"author\":{\"@id\":\"https:\/\/abrelivros.org.br\/site\/#\/schema\/person\/2b867f13a717bb230f1a3555505f5593\"},\"breadcrumb\":{\"@id\":\"https:\/\/abrelivros.org.br\/site\/educacao-basica-divulgados-dados-de-2007\/#breadcrumb\"},\"inLanguage\":\"pt-BR\",\"potentialAction\":[{\"@type\":\"ReadAction\",\"target\":[\"https:\/\/abrelivros.org.br\/site\/educacao-basica-divulgados-dados-de-2007\/\"]}]},{\"@type\":\"BreadcrumbList\",\"@id\":\"https:\/\/abrelivros.org.br\/site\/educacao-basica-divulgados-dados-de-2007\/#breadcrumb\",\"itemListElement\":[{\"@type\":\"ListItem\",\"position\":1,\"item\":{\"@type\":\"WebPage\",\"@id\":\"https:\/\/abrelivros.org.br\/site\/\",\"url\":\"https:\/\/abrelivros.org.br\/site\/\",\"name\":\"In\\u00edcio\"}},{\"@type\":\"ListItem\",\"position\":2,\"item\":{\"@type\":\"WebPage\",\"@id\":\"https:\/\/abrelivros.org.br\/site\/category\/noticias\/\",\"url\":\"https:\/\/abrelivros.org.br\/site\/category\/noticias\/\",\"name\":\"Not\\u00edcias\"}},{\"@type\":\"ListItem\",\"position\":3,\"item\":{\"@type\":\"WebPage\",\"@id\":\"https:\/\/abrelivros.org.br\/site\/category\/noticias\/noticias-da-imprensa\/\",\"url\":\"https:\/\/abrelivros.org.br\/site\/category\/noticias\/noticias-da-imprensa\/\",\"name\":\"Not\\u00edcias da imprensa\"}},{\"@type\":\"ListItem\",\"position\":4,\"item\":{\"@type\":\"WebPage\",\"@id\":\"https:\/\/abrelivros.org.br\/site\/educacao-basica-divulgados-dados-de-2007\/\",\"url\":\"https:\/\/abrelivros.org.br\/site\/educacao-basica-divulgados-dados-de-2007\/\",\"name\":\"Educa\\u00e7\\u00e3o b\\u00e1sica: divulgados dados de 2007\"}}]},{\"@type\":\"Person\",\"@id\":\"https:\/\/abrelivros.org.br\/site\/#\/schema\/person\/2b867f13a717bb230f1a3555505f5593\",\"name\":\"\\u00a0\",\"image\":{\"@type\":\"ImageObject\",\"@id\":\"https:\/\/abrelivros.org.br\/site\/#personlogo\",\"inLanguage\":\"pt-BR\",\"url\":\"https:\/\/secure.gravatar.com\/avatar\/e80b7f5231be2fff5040a8023da424898002831c5439420df182ae62676d2a6f?s=96&d=mm&r=g\",\"caption\":\"\\u00a0\"}}]}<\/script>\n<!-- \/ Yoast SEO plugin. -->","_links":{"self":[{"href":"https:\/\/abrelivros.org.br\/site\/wp-json\/wp\/v2\/posts\/2532","targetHints":{"allow":["GET"]}}],"collection":[{"href":"https:\/\/abrelivros.org.br\/site\/wp-json\/wp\/v2\/posts"}],"about":[{"href":"https:\/\/abrelivros.org.br\/site\/wp-json\/wp\/v2\/types\/post"}],"author":[{"embeddable":true,"href":"https:\/\/abrelivros.org.br\/site\/wp-json\/wp\/v2\/users\/1"}],"replies":[{"embeddable":true,"href":"https:\/\/abrelivros.org.br\/site\/wp-json\/wp\/v2\/comments?post=2532"}],"version-history":[{"count":0,"href":"https:\/\/abrelivros.org.br\/site\/wp-json\/wp\/v2\/posts\/2532\/revisions"}],"wp:attachment":[{"href":"https:\/\/abrelivros.org.br\/site\/wp-json\/wp\/v2\/media?parent=2532"}],"wp:term":[{"taxonomy":"category","embeddable":true,"href":"https:\/\/abrelivros.org.br\/site\/wp-json\/wp\/v2\/categories?post=2532"},{"taxonomy":"post_tag","embeddable":true,"href":"https:\/\/abrelivros.org.br\/site\/wp-json\/wp\/v2\/tags?post=2532"}],"curies":[{"name":"wp","href":"https:\/\/api.w.org\/{rel}","templated":true}]}}