{"id":2531,"date":"2008-12-02T16:41:00","date_gmt":"2008-12-02T18:41:00","guid":{"rendered":"https:\/\/abrelivros.org.br\/site\/2008\/12\/02\/r-200-mil-pra-cada\/"},"modified":"2008-12-02T16:41:00","modified_gmt":"2008-12-02T18:41:00","slug":"r-200-mil-pra-cada","status":"publish","type":"post","link":"https:\/\/abrelivros.org.br\/site\/r-200-mil-pra-cada\/","title":{"rendered":"R$ 200 mil pra cada"},"content":{"rendered":"<p>O poeta Caz\u00e9, mais conhecido como apresentador da MTV, conduziu, com seu tradicional tom descontra\u00eddo, a cerim\u00f4nia de entrega, nesta segunda-feira, dia 1\u00ba, do Pr\u00eamio S\u00e3o Paulo de Literatura. Foram inscritas 146 obras de 55 editoras e 19 autores independentes. Desses, dez eram os finalistas do Pr\u00eamio, em sua primeira edi\u00e7\u00e3o, que tem duas categorias: Melhor livro do ano e Melhor livro do ano \u2013 Autor estreante. \u00a0<br \/> \u00a0<br \/> A festa n\u00e3o poderia ser em uma casa melhor: o Museu da L\u00edngua Portuguesa, na Esta\u00e7\u00e3o da Luz, em S\u00e3o Paulo. O templo da l\u00edngua portuguesa recebeu dez sacerdotes da escrita \u2013 dois deles sairiam dali com um pr\u00eamio de R$ 200 mil cada. \u00a0<br \/> \u00a0<br \/> \u201cEstava muito nervosa antes de chegar aqui. Mas me tranq\u00fcilizei com a recep\u00e7\u00e3o. Acho que o vencedor de hoje ter\u00e1 uma \u2018responsabilidade\u2019 muito grande, pois s\u00e3o os ganhadores de um pr\u00eamio que constroem o prest\u00edgio dele\u201d, disse Beatriz, uma das finalistas. \u00a0<br \/> \u00a0<br \/> Para Marcelino Freire, outra figura ilustre que foi um dos jurados do pr\u00eamio, \u201ccertamente esses dez livros s\u00e3o os melhores publicados no Brasil esse ano.\u201d Por volta das 21h30 o apresentador Caz\u00e9 iniciou a cerim\u00f4nia de entrega. Um v\u00eddeo bem produzido apresentou \u00e0 plat\u00e9ia que lotou o audit\u00f3rio do Museu, os autores e obras finalistas. \u00a0<br \/> \u00a0<br \/> Jo\u00e3o Sayad, Secret\u00e1rio estadual de cultura e idealizador do Pr\u00eamio, destacou: \u201cO objetivo do pr\u00eamio \u00e9 colocar o livro no jornal.\u201d E com o valor do pr\u00eamio e uma festa como a desta segunda-feira, certamente o Pr\u00eamio S\u00e3o Paulo de Literatura est\u00e1 a caminho de atingir esse objetivo. \u00a0<br \/> \u00a0<br \/> E finalmente, os vencedores. Melhor livro do ano de 2007, autor estreante: Tatiana Salem Levy, por A chave de casa (Record, 208 pp.); e Melhor Livro do ano de 2007: Crsitov\u00e3o Tezza, por O filho eterno (Record, 224 pp.) \u2013 dobradinha da Record.\u00a0<br \/> \u00a0<br \/> \u00a0<\/p>\n","protected":false},"excerpt":{"rendered":"<p>O poeta Caz\u00e9, mais conhecido como apresentador da MTV, conduziu, com seu tradicional tom descontra\u00eddo, a cerim\u00f4nia de entrega, nesta segunda-feira, dia 1\u00ba, do Pr\u00eamio S\u00e3o Paulo de Literatura. Foram inscritas 146 obras de 55 editoras e 19 autores independentes. Desses, dez eram os finalistas do Pr\u00eamio, em sua primeira edi\u00e7\u00e3o, que tem duas categorias: [&hellip;]<\/p>\n","protected":false},"author":1,"featured_media":0,"comment_status":"closed","ping_status":"closed","sticky":false,"template":"","format":"standard","meta":{"footnotes":"","_links_to":"","_links_to_target":""},"categories":[9],"tags":[],"class_list":["post-2531","post","type-post","status-publish","format-standard","hentry","category-noticias-da-imprensa"],"yoast_head":"<!-- This site is optimized with the Yoast SEO plugin v15.1 - https:\/\/yoast.com\/wordpress\/plugins\/seo\/ -->\n<title>R$ 200 mil pra cada &raquo; Abrelivros<\/title>\n<meta name=\"robots\" content=\"index, follow, max-snippet:-1, max-image-preview:large, max-video-preview:-1\" \/>\n<link rel=\"canonical\" href=\"https:\/\/abrelivros.org.br\/site\/r-200-mil-pra-cada\/\" \/>\n<meta property=\"og:locale\" content=\"pt_BR\" \/>\n<meta property=\"og:type\" content=\"article\" \/>\n<meta property=\"og:title\" content=\"R$ 200 mil pra cada &raquo; Abrelivros\" \/>\n<meta property=\"og:description\" content=\"O poeta Caz\u00e9, mais conhecido como apresentador da MTV, conduziu, com seu tradicional tom descontra\u00eddo, a cerim\u00f4nia de entrega, nesta segunda-feira, dia 1\u00ba, do Pr\u00eamio S\u00e3o Paulo de Literatura. Foram inscritas 146 obras de 55 editoras e 19 autores independentes. Desses, dez eram os finalistas do Pr\u00eamio, em sua primeira edi\u00e7\u00e3o, que tem duas categorias: [&hellip;]\" \/>\n<meta property=\"og:url\" content=\"https:\/\/abrelivros.org.br\/site\/r-200-mil-pra-cada\/\" \/>\n<meta property=\"og:site_name\" content=\"Abrelivros\" \/>\n<meta property=\"article:published_time\" content=\"2008-12-02T18:41:00+00:00\" \/>\n<meta name=\"twitter:card\" content=\"summary_large_image\" \/>\n<script type=\"application\/ld+json\" class=\"yoast-schema-graph\">{\"@context\":\"https:\/\/schema.org\",\"@graph\":[{\"@type\":\"WebSite\",\"@id\":\"https:\/\/abrelivros.org.br\/site\/#website\",\"url\":\"https:\/\/abrelivros.org.br\/site\/\",\"name\":\"Abrelivros\",\"description\":\"\",\"potentialAction\":[{\"@type\":\"SearchAction\",\"target\":\"https:\/\/abrelivros.org.br\/site\/?s={search_term_string}\",\"query-input\":\"required name=search_term_string\"}],\"inLanguage\":\"pt-BR\"},{\"@type\":\"WebPage\",\"@id\":\"https:\/\/abrelivros.org.br\/site\/r-200-mil-pra-cada\/#webpage\",\"url\":\"https:\/\/abrelivros.org.br\/site\/r-200-mil-pra-cada\/\",\"name\":\"R$ 200 mil pra cada &raquo; Abrelivros\",\"isPartOf\":{\"@id\":\"https:\/\/abrelivros.org.br\/site\/#website\"},\"datePublished\":\"2008-12-02T18:41:00+00:00\",\"dateModified\":\"2008-12-02T18:41:00+00:00\",\"author\":{\"@id\":\"https:\/\/abrelivros.org.br\/site\/#\/schema\/person\/2b867f13a717bb230f1a3555505f5593\"},\"breadcrumb\":{\"@id\":\"https:\/\/abrelivros.org.br\/site\/r-200-mil-pra-cada\/#breadcrumb\"},\"inLanguage\":\"pt-BR\",\"potentialAction\":[{\"@type\":\"ReadAction\",\"target\":[\"https:\/\/abrelivros.org.br\/site\/r-200-mil-pra-cada\/\"]}]},{\"@type\":\"BreadcrumbList\",\"@id\":\"https:\/\/abrelivros.org.br\/site\/r-200-mil-pra-cada\/#breadcrumb\",\"itemListElement\":[{\"@type\":\"ListItem\",\"position\":1,\"item\":{\"@type\":\"WebPage\",\"@id\":\"https:\/\/abrelivros.org.br\/site\/\",\"url\":\"https:\/\/abrelivros.org.br\/site\/\",\"name\":\"In\\u00edcio\"}},{\"@type\":\"ListItem\",\"position\":2,\"item\":{\"@type\":\"WebPage\",\"@id\":\"https:\/\/abrelivros.org.br\/site\/category\/noticias\/\",\"url\":\"https:\/\/abrelivros.org.br\/site\/category\/noticias\/\",\"name\":\"Not\\u00edcias\"}},{\"@type\":\"ListItem\",\"position\":3,\"item\":{\"@type\":\"WebPage\",\"@id\":\"https:\/\/abrelivros.org.br\/site\/category\/noticias\/noticias-da-imprensa\/\",\"url\":\"https:\/\/abrelivros.org.br\/site\/category\/noticias\/noticias-da-imprensa\/\",\"name\":\"Not\\u00edcias da imprensa\"}},{\"@type\":\"ListItem\",\"position\":4,\"item\":{\"@type\":\"WebPage\",\"@id\":\"https:\/\/abrelivros.org.br\/site\/r-200-mil-pra-cada\/\",\"url\":\"https:\/\/abrelivros.org.br\/site\/r-200-mil-pra-cada\/\",\"name\":\"R$ 200 mil pra cada\"}}]},{\"@type\":\"Person\",\"@id\":\"https:\/\/abrelivros.org.br\/site\/#\/schema\/person\/2b867f13a717bb230f1a3555505f5593\",\"name\":\"\\u00a0\",\"image\":{\"@type\":\"ImageObject\",\"@id\":\"https:\/\/abrelivros.org.br\/site\/#personlogo\",\"inLanguage\":\"pt-BR\",\"url\":\"https:\/\/secure.gravatar.com\/avatar\/e80b7f5231be2fff5040a8023da424898002831c5439420df182ae62676d2a6f?s=96&d=mm&r=g\",\"caption\":\"\\u00a0\"}}]}<\/script>\n<!-- \/ Yoast SEO plugin. -->","_links":{"self":[{"href":"https:\/\/abrelivros.org.br\/site\/wp-json\/wp\/v2\/posts\/2531","targetHints":{"allow":["GET"]}}],"collection":[{"href":"https:\/\/abrelivros.org.br\/site\/wp-json\/wp\/v2\/posts"}],"about":[{"href":"https:\/\/abrelivros.org.br\/site\/wp-json\/wp\/v2\/types\/post"}],"author":[{"embeddable":true,"href":"https:\/\/abrelivros.org.br\/site\/wp-json\/wp\/v2\/users\/1"}],"replies":[{"embeddable":true,"href":"https:\/\/abrelivros.org.br\/site\/wp-json\/wp\/v2\/comments?post=2531"}],"version-history":[{"count":0,"href":"https:\/\/abrelivros.org.br\/site\/wp-json\/wp\/v2\/posts\/2531\/revisions"}],"wp:attachment":[{"href":"https:\/\/abrelivros.org.br\/site\/wp-json\/wp\/v2\/media?parent=2531"}],"wp:term":[{"taxonomy":"category","embeddable":true,"href":"https:\/\/abrelivros.org.br\/site\/wp-json\/wp\/v2\/categories?post=2531"},{"taxonomy":"post_tag","embeddable":true,"href":"https:\/\/abrelivros.org.br\/site\/wp-json\/wp\/v2\/tags?post=2531"}],"curies":[{"name":"wp","href":"https:\/\/api.w.org\/{rel}","templated":true}]}}