{"id":2530,"date":"2008-12-02T16:51:00","date_gmt":"2008-12-02T18:51:00","guid":{"rendered":"https:\/\/abrelivros.org.br\/site\/2008\/12\/02\/mineiro-recebe-premio-ibero-americano\/"},"modified":"2008-12-02T16:51:00","modified_gmt":"2008-12-02T18:51:00","slug":"mineiro-recebe-premio-ibero-americano","status":"publish","type":"post","link":"https:\/\/abrelivros.org.br\/site\/mineiro-recebe-premio-ibero-americano\/","title":{"rendered":"Mineiro recebe Pr\u00eamio Ibero-Americano"},"content":{"rendered":"<p>O escritor mineiro Bartolomeu Campos de Queir\u00f3s, de 64 anos, foi escolhido vencedor por unanimidade pela comiss\u00e3o julgadora do IV Pr\u00eamio Ibero-Americano SM de Literatura Infantil e Juvenil, dentre 23 candidatos ibero-americanos. A entrega do pr\u00eamio acontece neste dia 2 de dezembro, durante a Feira Internacional do Livro de Guadalajara, no M\u00e9xico. \u00a0<br \/> \u00a0<br \/> O Pr\u00eamio Ibero-Americano SM \u00e9 promovido por um grupo de institui\u00e7\u00f5es lideradas pela Funda\u00e7\u00e3o SM e acontece anualmente desde 2004. Campos de Queir\u00f3s tamb\u00e9m foi o respons\u00e1vel pelo texto e a organiza\u00e7\u00e3o do livro Nascemos livres, lan\u00e7amento de Edi\u00e7\u00f5es SM que apresenta uma adapta\u00e7\u00e3o livre e po\u00e9tica da Declara\u00e7\u00e3o Universal dos Direitos Humanos para jovens leitores. <\/p>\n","protected":false},"excerpt":{"rendered":"<p>O escritor mineiro Bartolomeu Campos de Queir\u00f3s, de 64 anos, foi escolhido vencedor por unanimidade pela comiss\u00e3o julgadora do IV Pr\u00eamio Ibero-Americano SM de Literatura Infantil e Juvenil, dentre 23 candidatos ibero-americanos. A entrega do pr\u00eamio acontece neste dia 2 de dezembro, durante a Feira Internacional do Livro de Guadalajara, no M\u00e9xico. \u00a0 \u00a0 O [&hellip;]<\/p>\n","protected":false},"author":1,"featured_media":0,"comment_status":"closed","ping_status":"closed","sticky":false,"template":"","format":"standard","meta":{"footnotes":"","_links_to":"","_links_to_target":""},"categories":[9],"tags":[],"class_list":["post-2530","post","type-post","status-publish","format-standard","hentry","category-noticias-da-imprensa"],"yoast_head":"<!-- This site is optimized with the Yoast SEO plugin v15.1 - https:\/\/yoast.com\/wordpress\/plugins\/seo\/ -->\n<title>Mineiro recebe Pr\u00eamio Ibero-Americano &raquo; Abrelivros<\/title>\n<meta name=\"robots\" content=\"index, follow, max-snippet:-1, max-image-preview:large, max-video-preview:-1\" \/>\n<link rel=\"canonical\" href=\"https:\/\/abrelivros.org.br\/site\/mineiro-recebe-premio-ibero-americano\/\" \/>\n<meta property=\"og:locale\" content=\"pt_BR\" \/>\n<meta property=\"og:type\" content=\"article\" \/>\n<meta property=\"og:title\" content=\"Mineiro recebe Pr\u00eamio Ibero-Americano &raquo; Abrelivros\" \/>\n<meta property=\"og:description\" content=\"O escritor mineiro Bartolomeu Campos de Queir\u00f3s, de 64 anos, foi escolhido vencedor por unanimidade pela comiss\u00e3o julgadora do IV Pr\u00eamio Ibero-Americano SM de Literatura Infantil e Juvenil, dentre 23 candidatos ibero-americanos. A entrega do pr\u00eamio acontece neste dia 2 de dezembro, durante a Feira Internacional do Livro de Guadalajara, no M\u00e9xico. \u00a0 \u00a0 O [&hellip;]\" \/>\n<meta property=\"og:url\" content=\"https:\/\/abrelivros.org.br\/site\/mineiro-recebe-premio-ibero-americano\/\" \/>\n<meta property=\"og:site_name\" content=\"Abrelivros\" \/>\n<meta property=\"article:published_time\" content=\"2008-12-02T18:51:00+00:00\" \/>\n<meta name=\"twitter:card\" content=\"summary_large_image\" \/>\n<script type=\"application\/ld+json\" class=\"yoast-schema-graph\">{\"@context\":\"https:\/\/schema.org\",\"@graph\":[{\"@type\":\"WebSite\",\"@id\":\"https:\/\/abrelivros.org.br\/site\/#website\",\"url\":\"https:\/\/abrelivros.org.br\/site\/\",\"name\":\"Abrelivros\",\"description\":\"\",\"potentialAction\":[{\"@type\":\"SearchAction\",\"target\":\"https:\/\/abrelivros.org.br\/site\/?s={search_term_string}\",\"query-input\":\"required name=search_term_string\"}],\"inLanguage\":\"pt-BR\"},{\"@type\":\"WebPage\",\"@id\":\"https:\/\/abrelivros.org.br\/site\/mineiro-recebe-premio-ibero-americano\/#webpage\",\"url\":\"https:\/\/abrelivros.org.br\/site\/mineiro-recebe-premio-ibero-americano\/\",\"name\":\"Mineiro recebe Pr\\u00eamio Ibero-Americano &raquo; Abrelivros\",\"isPartOf\":{\"@id\":\"https:\/\/abrelivros.org.br\/site\/#website\"},\"datePublished\":\"2008-12-02T18:51:00+00:00\",\"dateModified\":\"2008-12-02T18:51:00+00:00\",\"author\":{\"@id\":\"https:\/\/abrelivros.org.br\/site\/#\/schema\/person\/2b867f13a717bb230f1a3555505f5593\"},\"breadcrumb\":{\"@id\":\"https:\/\/abrelivros.org.br\/site\/mineiro-recebe-premio-ibero-americano\/#breadcrumb\"},\"inLanguage\":\"pt-BR\",\"potentialAction\":[{\"@type\":\"ReadAction\",\"target\":[\"https:\/\/abrelivros.org.br\/site\/mineiro-recebe-premio-ibero-americano\/\"]}]},{\"@type\":\"BreadcrumbList\",\"@id\":\"https:\/\/abrelivros.org.br\/site\/mineiro-recebe-premio-ibero-americano\/#breadcrumb\",\"itemListElement\":[{\"@type\":\"ListItem\",\"position\":1,\"item\":{\"@type\":\"WebPage\",\"@id\":\"https:\/\/abrelivros.org.br\/site\/\",\"url\":\"https:\/\/abrelivros.org.br\/site\/\",\"name\":\"In\\u00edcio\"}},{\"@type\":\"ListItem\",\"position\":2,\"item\":{\"@type\":\"WebPage\",\"@id\":\"https:\/\/abrelivros.org.br\/site\/category\/noticias\/\",\"url\":\"https:\/\/abrelivros.org.br\/site\/category\/noticias\/\",\"name\":\"Not\\u00edcias\"}},{\"@type\":\"ListItem\",\"position\":3,\"item\":{\"@type\":\"WebPage\",\"@id\":\"https:\/\/abrelivros.org.br\/site\/category\/noticias\/noticias-da-imprensa\/\",\"url\":\"https:\/\/abrelivros.org.br\/site\/category\/noticias\/noticias-da-imprensa\/\",\"name\":\"Not\\u00edcias da imprensa\"}},{\"@type\":\"ListItem\",\"position\":4,\"item\":{\"@type\":\"WebPage\",\"@id\":\"https:\/\/abrelivros.org.br\/site\/mineiro-recebe-premio-ibero-americano\/\",\"url\":\"https:\/\/abrelivros.org.br\/site\/mineiro-recebe-premio-ibero-americano\/\",\"name\":\"Mineiro recebe Pr\\u00eamio Ibero-Americano\"}}]},{\"@type\":\"Person\",\"@id\":\"https:\/\/abrelivros.org.br\/site\/#\/schema\/person\/2b867f13a717bb230f1a3555505f5593\",\"name\":\"\\u00a0\",\"image\":{\"@type\":\"ImageObject\",\"@id\":\"https:\/\/abrelivros.org.br\/site\/#personlogo\",\"inLanguage\":\"pt-BR\",\"url\":\"https:\/\/secure.gravatar.com\/avatar\/e80b7f5231be2fff5040a8023da424898002831c5439420df182ae62676d2a6f?s=96&d=mm&r=g\",\"caption\":\"\\u00a0\"}}]}<\/script>\n<!-- \/ Yoast SEO plugin. -->","_links":{"self":[{"href":"https:\/\/abrelivros.org.br\/site\/wp-json\/wp\/v2\/posts\/2530","targetHints":{"allow":["GET"]}}],"collection":[{"href":"https:\/\/abrelivros.org.br\/site\/wp-json\/wp\/v2\/posts"}],"about":[{"href":"https:\/\/abrelivros.org.br\/site\/wp-json\/wp\/v2\/types\/post"}],"author":[{"embeddable":true,"href":"https:\/\/abrelivros.org.br\/site\/wp-json\/wp\/v2\/users\/1"}],"replies":[{"embeddable":true,"href":"https:\/\/abrelivros.org.br\/site\/wp-json\/wp\/v2\/comments?post=2530"}],"version-history":[{"count":0,"href":"https:\/\/abrelivros.org.br\/site\/wp-json\/wp\/v2\/posts\/2530\/revisions"}],"wp:attachment":[{"href":"https:\/\/abrelivros.org.br\/site\/wp-json\/wp\/v2\/media?parent=2530"}],"wp:term":[{"taxonomy":"category","embeddable":true,"href":"https:\/\/abrelivros.org.br\/site\/wp-json\/wp\/v2\/categories?post=2530"},{"taxonomy":"post_tag","embeddable":true,"href":"https:\/\/abrelivros.org.br\/site\/wp-json\/wp\/v2\/tags?post=2530"}],"curies":[{"name":"wp","href":"https:\/\/api.w.org\/{rel}","templated":true}]}}