{"id":2528,"date":"2008-12-02T17:17:00","date_gmt":"2008-12-02T19:17:00","guid":{"rendered":"https:\/\/abrelivros.org.br\/site\/2008\/12\/02\/mec-enviara-130-mi-de-livros-sem-nova-regra-ortografica\/"},"modified":"2008-12-02T17:17:00","modified_gmt":"2008-12-02T19:17:00","slug":"mec-enviara-130-mi-de-livros-sem-nova-regra-ortografica","status":"publish","type":"post","link":"https:\/\/abrelivros.org.br\/site\/mec-enviara-130-mi-de-livros-sem-nova-regra-ortografica\/","title":{"rendered":"MEC enviar\u00e1 130 mi de livros sem nova regra ortogr\u00e1fica"},"content":{"rendered":"<p>Os professores das escolas p\u00fablicas do Pa\u00eds ter\u00e3o um desafio a mais no ano que vem. V\u00e3o ensinar as regras do novo acordo ortogr\u00e1fico da l\u00edngua portuguesa, que come\u00e7a a vigorar a partir de 1\u00ba de janeiro, sem ter em m\u00e3os material com a ortografia atualizada. O Minist\u00e9rio da Educa\u00e7\u00e3o (MEC) vai distribuir 130 milh\u00f5es de novos livros &#8211; a maioria did\u00e1ticos &#8211; que foram editados sem considerar as regras do novo acordo. \u00a0<br \/>    \u00a0<br \/> O problema se d\u00e1 pelo fato de o processo de compra come\u00e7ar dois anos antes da data de entrega. A primeira leva de livros publicados na nova ortografia s\u00f3 chega a partir de 2010 nas escolas p\u00fablicas. O livro did\u00e1tico do MEC \u00e9 usado por tr\u00eas anos em uma mesma escola e a compra das obras \u00e9 feita anualmente por etapa de ensino &#8211; 1\u00ba ao 5\u00ba, 6\u00ba ao 9\u00ba ano e m\u00e9dio. Segundo o Fundo Nacional para o Desenvolvimento da Educa\u00e7\u00e3o (FNDE), \u00f3rg\u00e3o ligado ao MEC, em 2009, todos os alunos de ensino m\u00e9dio da rede p\u00fablica v\u00e3o usar 43 milh\u00f5es de novos livros sem a nova reforma. \u00a0<br \/> \u00a0<br \/> O diretor de a\u00e7\u00f5es educacionais do FNDE, Rafael Torino, ressalta que o decreto do presidente Lula d\u00e1 o prazo at\u00e9 2012 para o fim do per\u00edodo de transi\u00e7\u00e3o, no qual as duas ortografias ser\u00e3o consideradas oficiais. \u201cO nosso planejamento de substitui\u00e7\u00e3o dos livros did\u00e1ticos vai respeitar esse prazo natural. At\u00e9 o fim de 2012 todos os livros das escolas p\u00fablicas j\u00e1 contemplar\u00e3o a nova reforma\u201c, garante. \u00a0<br \/> \u00a0<\/p>\n<p><\/p>\n","protected":false},"excerpt":{"rendered":"<p>Os professores das escolas p\u00fablicas do Pa\u00eds ter\u00e3o um desafio a mais no ano que vem. V\u00e3o ensinar as regras do novo acordo ortogr\u00e1fico da l\u00edngua portuguesa, que come\u00e7a a vigorar a partir de 1\u00ba de janeiro, sem ter em m\u00e3os material com a ortografia atualizada. O Minist\u00e9rio da Educa\u00e7\u00e3o (MEC) vai distribuir 130 milh\u00f5es [&hellip;]<\/p>\n","protected":false},"author":1,"featured_media":0,"comment_status":"closed","ping_status":"closed","sticky":false,"template":"","format":"standard","meta":{"footnotes":"","_links_to":"","_links_to_target":""},"categories":[9],"tags":[],"class_list":["post-2528","post","type-post","status-publish","format-standard","hentry","category-noticias-da-imprensa"],"yoast_head":"<!-- This site is optimized with the Yoast SEO plugin v15.1 - https:\/\/yoast.com\/wordpress\/plugins\/seo\/ -->\n<title>MEC enviar\u00e1 130 mi de livros sem nova regra ortogr\u00e1fica &raquo; Abrelivros<\/title>\n<meta name=\"robots\" content=\"index, follow, max-snippet:-1, max-image-preview:large, max-video-preview:-1\" \/>\n<link rel=\"canonical\" href=\"https:\/\/abrelivros.org.br\/site\/mec-enviara-130-mi-de-livros-sem-nova-regra-ortografica\/\" \/>\n<meta property=\"og:locale\" content=\"pt_BR\" \/>\n<meta property=\"og:type\" content=\"article\" \/>\n<meta property=\"og:title\" content=\"MEC enviar\u00e1 130 mi de livros sem nova regra ortogr\u00e1fica &raquo; Abrelivros\" \/>\n<meta property=\"og:description\" content=\"Os professores das escolas p\u00fablicas do Pa\u00eds ter\u00e3o um desafio a mais no ano que vem. V\u00e3o ensinar as regras do novo acordo ortogr\u00e1fico da l\u00edngua portuguesa, que come\u00e7a a vigorar a partir de 1\u00ba de janeiro, sem ter em m\u00e3os material com a ortografia atualizada. O Minist\u00e9rio da Educa\u00e7\u00e3o (MEC) vai distribuir 130 milh\u00f5es [&hellip;]\" \/>\n<meta property=\"og:url\" content=\"https:\/\/abrelivros.org.br\/site\/mec-enviara-130-mi-de-livros-sem-nova-regra-ortografica\/\" \/>\n<meta property=\"og:site_name\" content=\"Abrelivros\" \/>\n<meta property=\"article:published_time\" content=\"2008-12-02T19:17:00+00:00\" \/>\n<meta name=\"twitter:card\" content=\"summary_large_image\" \/>\n<script type=\"application\/ld+json\" class=\"yoast-schema-graph\">{\"@context\":\"https:\/\/schema.org\",\"@graph\":[{\"@type\":\"WebSite\",\"@id\":\"https:\/\/abrelivros.org.br\/site\/#website\",\"url\":\"https:\/\/abrelivros.org.br\/site\/\",\"name\":\"Abrelivros\",\"description\":\"\",\"potentialAction\":[{\"@type\":\"SearchAction\",\"target\":\"https:\/\/abrelivros.org.br\/site\/?s={search_term_string}\",\"query-input\":\"required name=search_term_string\"}],\"inLanguage\":\"pt-BR\"},{\"@type\":\"WebPage\",\"@id\":\"https:\/\/abrelivros.org.br\/site\/mec-enviara-130-mi-de-livros-sem-nova-regra-ortografica\/#webpage\",\"url\":\"https:\/\/abrelivros.org.br\/site\/mec-enviara-130-mi-de-livros-sem-nova-regra-ortografica\/\",\"name\":\"MEC enviar\\u00e1 130 mi de livros sem nova regra ortogr\\u00e1fica &raquo; Abrelivros\",\"isPartOf\":{\"@id\":\"https:\/\/abrelivros.org.br\/site\/#website\"},\"datePublished\":\"2008-12-02T19:17:00+00:00\",\"dateModified\":\"2008-12-02T19:17:00+00:00\",\"author\":{\"@id\":\"https:\/\/abrelivros.org.br\/site\/#\/schema\/person\/2b867f13a717bb230f1a3555505f5593\"},\"breadcrumb\":{\"@id\":\"https:\/\/abrelivros.org.br\/site\/mec-enviara-130-mi-de-livros-sem-nova-regra-ortografica\/#breadcrumb\"},\"inLanguage\":\"pt-BR\",\"potentialAction\":[{\"@type\":\"ReadAction\",\"target\":[\"https:\/\/abrelivros.org.br\/site\/mec-enviara-130-mi-de-livros-sem-nova-regra-ortografica\/\"]}]},{\"@type\":\"BreadcrumbList\",\"@id\":\"https:\/\/abrelivros.org.br\/site\/mec-enviara-130-mi-de-livros-sem-nova-regra-ortografica\/#breadcrumb\",\"itemListElement\":[{\"@type\":\"ListItem\",\"position\":1,\"item\":{\"@type\":\"WebPage\",\"@id\":\"https:\/\/abrelivros.org.br\/site\/\",\"url\":\"https:\/\/abrelivros.org.br\/site\/\",\"name\":\"In\\u00edcio\"}},{\"@type\":\"ListItem\",\"position\":2,\"item\":{\"@type\":\"WebPage\",\"@id\":\"https:\/\/abrelivros.org.br\/site\/category\/noticias\/\",\"url\":\"https:\/\/abrelivros.org.br\/site\/category\/noticias\/\",\"name\":\"Not\\u00edcias\"}},{\"@type\":\"ListItem\",\"position\":3,\"item\":{\"@type\":\"WebPage\",\"@id\":\"https:\/\/abrelivros.org.br\/site\/category\/noticias\/noticias-da-imprensa\/\",\"url\":\"https:\/\/abrelivros.org.br\/site\/category\/noticias\/noticias-da-imprensa\/\",\"name\":\"Not\\u00edcias da imprensa\"}},{\"@type\":\"ListItem\",\"position\":4,\"item\":{\"@type\":\"WebPage\",\"@id\":\"https:\/\/abrelivros.org.br\/site\/mec-enviara-130-mi-de-livros-sem-nova-regra-ortografica\/\",\"url\":\"https:\/\/abrelivros.org.br\/site\/mec-enviara-130-mi-de-livros-sem-nova-regra-ortografica\/\",\"name\":\"MEC enviar\\u00e1 130 mi de livros sem nova regra ortogr\\u00e1fica\"}}]},{\"@type\":\"Person\",\"@id\":\"https:\/\/abrelivros.org.br\/site\/#\/schema\/person\/2b867f13a717bb230f1a3555505f5593\",\"name\":\"\\u00a0\",\"image\":{\"@type\":\"ImageObject\",\"@id\":\"https:\/\/abrelivros.org.br\/site\/#personlogo\",\"inLanguage\":\"pt-BR\",\"url\":\"https:\/\/secure.gravatar.com\/avatar\/e80b7f5231be2fff5040a8023da424898002831c5439420df182ae62676d2a6f?s=96&d=mm&r=g\",\"caption\":\"\\u00a0\"}}]}<\/script>\n<!-- \/ Yoast SEO plugin. -->","_links":{"self":[{"href":"https:\/\/abrelivros.org.br\/site\/wp-json\/wp\/v2\/posts\/2528","targetHints":{"allow":["GET"]}}],"collection":[{"href":"https:\/\/abrelivros.org.br\/site\/wp-json\/wp\/v2\/posts"}],"about":[{"href":"https:\/\/abrelivros.org.br\/site\/wp-json\/wp\/v2\/types\/post"}],"author":[{"embeddable":true,"href":"https:\/\/abrelivros.org.br\/site\/wp-json\/wp\/v2\/users\/1"}],"replies":[{"embeddable":true,"href":"https:\/\/abrelivros.org.br\/site\/wp-json\/wp\/v2\/comments?post=2528"}],"version-history":[{"count":0,"href":"https:\/\/abrelivros.org.br\/site\/wp-json\/wp\/v2\/posts\/2528\/revisions"}],"wp:attachment":[{"href":"https:\/\/abrelivros.org.br\/site\/wp-json\/wp\/v2\/media?parent=2528"}],"wp:term":[{"taxonomy":"category","embeddable":true,"href":"https:\/\/abrelivros.org.br\/site\/wp-json\/wp\/v2\/categories?post=2528"},{"taxonomy":"post_tag","embeddable":true,"href":"https:\/\/abrelivros.org.br\/site\/wp-json\/wp\/v2\/tags?post=2528"}],"curies":[{"name":"wp","href":"https:\/\/api.w.org\/{rel}","templated":true}]}}