{"id":2527,"date":"2008-12-03T15:19:00","date_gmt":"2008-12-03T17:19:00","guid":{"rendered":"https:\/\/abrelivros.org.br\/site\/2008\/12\/03\/orcamento-preve-mais-recursos-para-educacao-em-2009\/"},"modified":"2008-12-03T15:19:00","modified_gmt":"2008-12-03T17:19:00","slug":"orcamento-preve-mais-recursos-para-educacao-em-2009","status":"publish","type":"post","link":"https:\/\/abrelivros.org.br\/site\/orcamento-preve-mais-recursos-para-educacao-em-2009\/","title":{"rendered":"Or\u00e7amento prev\u00ea mais recursos para educa\u00e7\u00e3o em 2009"},"content":{"rendered":"<p>O Projeto de Lei Or\u00e7ament\u00e1ria para 2009 da Uni\u00e3o, que ainda aguarda aprova\u00e7\u00e3o no Congresso Nacional, prev\u00ea cerca de R$ 42,7 bilh\u00f5es para o Minist\u00e9rio da Educa\u00e7\u00e3o em 2009, acima dos R$ 33,6 bilh\u00f5es autorizados para este ano. De acordo com dados do MEC atualizados at\u00e9 o dia 17 de novembro, o projeto prev\u00ea R$ 20,5 bilh\u00f5es para a educa\u00e7\u00e3o b\u00e1sica no pr\u00f3ximo ano, contra R$ 16,1 bilh\u00f5es este ano. &nbsp;<br \/> &nbsp;<br \/> O professor Romeu Caputo, diretor de articula\u00e7\u00e3o e apoio aos sistemas do MEC, garantiu ao movimento Todos pela Educa\u00e7\u00e3o que n\u00e3o h\u00e1 expectativa de cortes, pois o assunto j\u00e1 foi discutido no governo. \u201cO aumento dos recursos \u00e9 necess\u00e1rio para que o Programa de Desenvolvimento da Educa\u00e7\u00e3o continue avan\u00e7ando\u201c, disse. &nbsp;<br \/> &nbsp;<br \/> De acordo com os \u00faltimos dados do Inep, o investimento direto em educa\u00e7\u00e3o passou de 3,9% do PIB em 2005 para 4,4% em 2006. Na compara\u00e7\u00e3o de 2000 a 2006, os Munic\u00edpios foram os que mais contribu\u00edram para o aumento no investimento, passando de 1,5% para 1,8%. J\u00e1 os Estados ampliaram os recursos de 1,7 para 1,9%. A Uni\u00e3o manteve o mesmo percentual: 0,7%. A educa\u00e7\u00e3o infantil \u00e9 a etapa de ensino com menor participa\u00e7\u00e3o, apenas 0,3% do PIB. \u00c9 mesmo percentual de 2000 a 2006. As s\u00e9ries iniciais e finais do ensino fundamental recebem 1,4% cada, sendo que nos anos finais houve um aumento de 0,4 pontos percentuais no mesmo per\u00edodo. No Ensino M\u00e9dio s\u00e3o investidos 0,6%.&nbsp;<br \/> &nbsp;<br \/>  &nbsp;<\/p>\n","protected":false},"excerpt":{"rendered":"<p>O Projeto de Lei Or\u00e7ament\u00e1ria para 2009 da Uni\u00e3o, que ainda aguarda aprova\u00e7\u00e3o no Congresso Nacional, prev\u00ea cerca de R$ 42,7 bilh\u00f5es para o Minist\u00e9rio da Educa\u00e7\u00e3o em 2009, acima dos R$ 33,6 bilh\u00f5es autorizados para este ano. De acordo com dados do MEC atualizados at\u00e9 o dia 17 de novembro, o projeto prev\u00ea R$ [&hellip;]<\/p>\n","protected":false},"author":1,"featured_media":0,"comment_status":"closed","ping_status":"closed","sticky":false,"template":"","format":"standard","meta":{"footnotes":"","_links_to":"","_links_to_target":""},"categories":[9],"tags":[],"class_list":["post-2527","post","type-post","status-publish","format-standard","hentry","category-noticias-da-imprensa"],"yoast_head":"<!-- This site is optimized with the Yoast SEO plugin v15.1 - https:\/\/yoast.com\/wordpress\/plugins\/seo\/ -->\n<title>Or\u00e7amento prev\u00ea mais recursos para educa\u00e7\u00e3o em 2009 &raquo; Abrelivros<\/title>\n<meta name=\"robots\" content=\"index, follow, max-snippet:-1, max-image-preview:large, max-video-preview:-1\" \/>\n<link rel=\"canonical\" href=\"https:\/\/abrelivros.org.br\/site\/orcamento-preve-mais-recursos-para-educacao-em-2009\/\" \/>\n<meta property=\"og:locale\" content=\"pt_BR\" \/>\n<meta property=\"og:type\" content=\"article\" \/>\n<meta property=\"og:title\" content=\"Or\u00e7amento prev\u00ea mais recursos para educa\u00e7\u00e3o em 2009 &raquo; Abrelivros\" \/>\n<meta property=\"og:description\" content=\"O Projeto de Lei Or\u00e7ament\u00e1ria para 2009 da Uni\u00e3o, que ainda aguarda aprova\u00e7\u00e3o no Congresso Nacional, prev\u00ea cerca de R$ 42,7 bilh\u00f5es para o Minist\u00e9rio da Educa\u00e7\u00e3o em 2009, acima dos R$ 33,6 bilh\u00f5es autorizados para este ano. De acordo com dados do MEC atualizados at\u00e9 o dia 17 de novembro, o projeto prev\u00ea R$ [&hellip;]\" \/>\n<meta property=\"og:url\" content=\"https:\/\/abrelivros.org.br\/site\/orcamento-preve-mais-recursos-para-educacao-em-2009\/\" \/>\n<meta property=\"og:site_name\" content=\"Abrelivros\" \/>\n<meta property=\"article:published_time\" content=\"2008-12-03T17:19:00+00:00\" \/>\n<meta name=\"twitter:card\" content=\"summary_large_image\" \/>\n<script type=\"application\/ld+json\" class=\"yoast-schema-graph\">{\"@context\":\"https:\/\/schema.org\",\"@graph\":[{\"@type\":\"WebSite\",\"@id\":\"https:\/\/abrelivros.org.br\/site\/#website\",\"url\":\"https:\/\/abrelivros.org.br\/site\/\",\"name\":\"Abrelivros\",\"description\":\"\",\"potentialAction\":[{\"@type\":\"SearchAction\",\"target\":\"https:\/\/abrelivros.org.br\/site\/?s={search_term_string}\",\"query-input\":\"required name=search_term_string\"}],\"inLanguage\":\"pt-BR\"},{\"@type\":\"WebPage\",\"@id\":\"https:\/\/abrelivros.org.br\/site\/orcamento-preve-mais-recursos-para-educacao-em-2009\/#webpage\",\"url\":\"https:\/\/abrelivros.org.br\/site\/orcamento-preve-mais-recursos-para-educacao-em-2009\/\",\"name\":\"Or\\u00e7amento prev\\u00ea mais recursos para educa\\u00e7\\u00e3o em 2009 &raquo; Abrelivros\",\"isPartOf\":{\"@id\":\"https:\/\/abrelivros.org.br\/site\/#website\"},\"datePublished\":\"2008-12-03T17:19:00+00:00\",\"dateModified\":\"2008-12-03T17:19:00+00:00\",\"author\":{\"@id\":\"https:\/\/abrelivros.org.br\/site\/#\/schema\/person\/2b867f13a717bb230f1a3555505f5593\"},\"breadcrumb\":{\"@id\":\"https:\/\/abrelivros.org.br\/site\/orcamento-preve-mais-recursos-para-educacao-em-2009\/#breadcrumb\"},\"inLanguage\":\"pt-BR\",\"potentialAction\":[{\"@type\":\"ReadAction\",\"target\":[\"https:\/\/abrelivros.org.br\/site\/orcamento-preve-mais-recursos-para-educacao-em-2009\/\"]}]},{\"@type\":\"BreadcrumbList\",\"@id\":\"https:\/\/abrelivros.org.br\/site\/orcamento-preve-mais-recursos-para-educacao-em-2009\/#breadcrumb\",\"itemListElement\":[{\"@type\":\"ListItem\",\"position\":1,\"item\":{\"@type\":\"WebPage\",\"@id\":\"https:\/\/abrelivros.org.br\/site\/\",\"url\":\"https:\/\/abrelivros.org.br\/site\/\",\"name\":\"In\\u00edcio\"}},{\"@type\":\"ListItem\",\"position\":2,\"item\":{\"@type\":\"WebPage\",\"@id\":\"https:\/\/abrelivros.org.br\/site\/category\/noticias\/\",\"url\":\"https:\/\/abrelivros.org.br\/site\/category\/noticias\/\",\"name\":\"Not\\u00edcias\"}},{\"@type\":\"ListItem\",\"position\":3,\"item\":{\"@type\":\"WebPage\",\"@id\":\"https:\/\/abrelivros.org.br\/site\/category\/noticias\/noticias-da-imprensa\/\",\"url\":\"https:\/\/abrelivros.org.br\/site\/category\/noticias\/noticias-da-imprensa\/\",\"name\":\"Not\\u00edcias da imprensa\"}},{\"@type\":\"ListItem\",\"position\":4,\"item\":{\"@type\":\"WebPage\",\"@id\":\"https:\/\/abrelivros.org.br\/site\/orcamento-preve-mais-recursos-para-educacao-em-2009\/\",\"url\":\"https:\/\/abrelivros.org.br\/site\/orcamento-preve-mais-recursos-para-educacao-em-2009\/\",\"name\":\"Or\\u00e7amento prev\\u00ea mais recursos para educa\\u00e7\\u00e3o em 2009\"}}]},{\"@type\":\"Person\",\"@id\":\"https:\/\/abrelivros.org.br\/site\/#\/schema\/person\/2b867f13a717bb230f1a3555505f5593\",\"name\":\"\\u00a0\",\"image\":{\"@type\":\"ImageObject\",\"@id\":\"https:\/\/abrelivros.org.br\/site\/#personlogo\",\"inLanguage\":\"pt-BR\",\"url\":\"https:\/\/secure.gravatar.com\/avatar\/e80b7f5231be2fff5040a8023da424898002831c5439420df182ae62676d2a6f?s=96&d=mm&r=g\",\"caption\":\"\\u00a0\"}}]}<\/script>\n<!-- \/ Yoast SEO plugin. -->","_links":{"self":[{"href":"https:\/\/abrelivros.org.br\/site\/wp-json\/wp\/v2\/posts\/2527","targetHints":{"allow":["GET"]}}],"collection":[{"href":"https:\/\/abrelivros.org.br\/site\/wp-json\/wp\/v2\/posts"}],"about":[{"href":"https:\/\/abrelivros.org.br\/site\/wp-json\/wp\/v2\/types\/post"}],"author":[{"embeddable":true,"href":"https:\/\/abrelivros.org.br\/site\/wp-json\/wp\/v2\/users\/1"}],"replies":[{"embeddable":true,"href":"https:\/\/abrelivros.org.br\/site\/wp-json\/wp\/v2\/comments?post=2527"}],"version-history":[{"count":0,"href":"https:\/\/abrelivros.org.br\/site\/wp-json\/wp\/v2\/posts\/2527\/revisions"}],"wp:attachment":[{"href":"https:\/\/abrelivros.org.br\/site\/wp-json\/wp\/v2\/media?parent=2527"}],"wp:term":[{"taxonomy":"category","embeddable":true,"href":"https:\/\/abrelivros.org.br\/site\/wp-json\/wp\/v2\/categories?post=2527"},{"taxonomy":"post_tag","embeddable":true,"href":"https:\/\/abrelivros.org.br\/site\/wp-json\/wp\/v2\/tags?post=2527"}],"curies":[{"name":"wp","href":"https:\/\/api.w.org\/{rel}","templated":true}]}}