{"id":2526,"date":"2008-12-05T11:06:00","date_gmt":"2008-12-05T13:06:00","guid":{"rendered":"https:\/\/abrelivros.org.br\/site\/2008\/12\/05\/professores-do-brasil-recebem-premio\/"},"modified":"2008-12-05T11:06:00","modified_gmt":"2008-12-05T13:06:00","slug":"professores-do-brasil-recebem-premio","status":"publish","type":"post","link":"https:\/\/abrelivros.org.br\/site\/professores-do-brasil-recebem-premio\/","title":{"rendered":"Professores do Brasil recebem pr\u00eamio"},"content":{"rendered":"<p>Alegria, emo\u00e7\u00e3o, aplauso, fotos. Foi assim que transcorreu a entrega do Pr\u00eamio Professores do Brasil. O evento trouxe ao Minist\u00e9rio da Educa\u00e7\u00e3o nesta quarta-feira, 3, os 31 vencedores selecionados entre 779 concorrentes de todos os estados e do Distrito Federal. Para o ministro Fernando Haddad, o pr\u00eamio \u00e9 uma conquista de cada educador pelo esfor\u00e7o, pela dedica\u00e7\u00e3o e pela ousadia de inovar.\u00a0<br \/> \u00a0<br \/> A unifica\u00e7\u00e3o do pr\u00eamio para as tr\u00eas etapas da educa\u00e7\u00e3o b\u00e1sica \u2013 educa\u00e7\u00e3o infantil e os ensinos fundamental e m\u00e9dio \u2013, segundo Haddad, expressa uma vis\u00e3o crescente no pa\u00eds de que a educa\u00e7\u00e3o \u00e9 \u201cum todo\u201d e que a busca da qualidade e da eq\u00fcidade de oportunidades \u00e9 o caminho que foi tra\u00e7ado no Plano de Desenvolvimento da Educa\u00e7\u00e3o (PDE). \u201cFalo de uma conex\u00e3o n\u00e3o s\u00f3 entre etapas, mas entre n\u00edveis\u201d, o que representa ampliar essa vis\u00e3o para os mundos da educa\u00e7\u00e3o profissional e superior.\u00a0<br \/> \u00a0<br \/> Na sauda\u00e7\u00e3o aos premiados, Haddad fez dois an\u00fancios: que as experi\u00eancias ser\u00e3o reunidas num livro, que ser\u00e1 distribu\u00eddo para as redes p\u00fablicas da educa\u00e7\u00e3o b\u00e1sica; e que a banda larga ser\u00e1 estendida a todas as escolas p\u00fablicas. \u201cN\u00e3o basta ter o computador na escola\u201d, disse, ao falar do Programa Nacional de Forma\u00e7\u00e3o em Tecnologias Educacionais (ProInfo Integrado), que capacita os professores para usar os instrumentos das m\u00eddias. Com a forma\u00e7\u00e3o, os professores poder\u00e3o visitar portais de todas as \u00e1reas do conhecimento, pesquisar, elaborar aulas criativas, melhorar as pr\u00e1ticas pedag\u00f3gicas, conhecer experi\u00eancias de colegas e dialogar com eles, explicou.\u00a0<br \/> \u00a0<br \/> Cada vencedor ganhou R$ 5 mil, um certificado e um trof\u00e9u e as escolas a que pertencem escolher\u00e3o equipamentos audiovisuais ou multim\u00eddia no valor de R$ 2 mil.\u00a0<br \/> \u00a0<br \/><B> Participa\u00e7\u00e3o<\/B> \u2014 A terceira edi\u00e7\u00e3o do Pr\u00eamio Professores do Brasil recebeu 779 inscri\u00e7\u00f5es, assim distribu\u00eddas: 205 da educa\u00e7\u00e3o infantil, 375 das s\u00e9ries iniciais do ensino fundamental, 98 das s\u00e9ries finais e 101 do ensino m\u00e9dio. Do conjunto de concorrentes, 31 projetos foram premiados. Na educa\u00e7\u00e3o infantil, oito professores; nas s\u00e9ries iniciais, dez; nas s\u00e9ries finais, sete; e no ensino m\u00e9dio, seis. Esses professores representam 15 estados de todas as regi\u00f5es do pa\u00eds. Os estados com maior n\u00famero de projetos premiados foram S\u00e3o Paulo (5), Rio Grande do Sul (4) e Cear\u00e1 (3). Veja a <a href=\"http:\/\/portal.mec.gov.br\/arquivos\/pdf\/professores_brasil.pdf\" target=\"_blank\" rel=\"noopener noreferrer\">rela\u00e7\u00e3o<\/a> dos vencedores, suas cidades e estados.\u00a0<br \/> \u00a0<br \/> \u00a0<br \/> \u00a0<br \/><B> Educadores podem fazer a diferen\u00e7a<br \/><\/B> Portal MEC &#8211; Ionice Lorenzoni\u00a0<br \/> \u00a0<br \/> Ao apresentar nesta ter\u00e7a-feira, 3, os 31 vencedores do Pr\u00eamio Professores do Brasil, a secret\u00e1ria de Educa\u00e7\u00e3o B\u00e1sica, Maria do Pilar Lacerda, disse que a educa\u00e7\u00e3o s\u00f3 vai melhorar com o trabalho de cada professor dentro da escola. \u201cN\u00f3s n\u00e3o vamos fazer mudan\u00e7as sem os professores ou contra os professores.\u201d\u00a0<br \/> \u00a0<br \/> Participaram da solenidade todos os parceiros do minist\u00e9rio na promo\u00e7\u00e3o do pr\u00eamio e tamb\u00e9m os apoiadores. Eles deram seus recados.\u00a0<br \/> \u00a0<br \/><B> Justina Iva de Ara\u00fajo Silva (Undime) <\/B>\u2013 O pr\u00eamio valoriza o professor, reconhece seu trabalho e demonstra a quantidade de boas experi\u00eancias que o pa\u00eds tem a mostrar.\u00a0<br \/> \u00a0<br \/><B> Jos\u00e9 Fernandes Lima (Consed) <\/B>\u2013 O encontro com os professores premiados permite ao Brasil conhecer os esfor\u00e7os e as boas pr\u00e1ticas desenvolvidas em centenas de escolas. \u00a0<br \/> \u00a0<br \/><B> \u00c1lvaro Marchesi (OEI) <\/B>\u2013 Um pa\u00eds \u00e9 a express\u00e3o da qualidade da sua educa\u00e7\u00e3o e a educa\u00e7\u00e3o \u00e9 a express\u00e3o dos professores. Esse \u00e9 o caminho para construir uma sociedade mais justa e com gera\u00e7\u00f5es mais preparadas para os desafios.\u00a0<br \/> \u00a0<br \/><B> Vincent Defourny (Unesco)<\/B> \u2013 Para a Unesco \u00e9 algo importante que os professores eduquem as crian\u00e7as e os jovens, mas nenhum pa\u00eds pode esquecer que, para que isso aconte\u00e7a, \u00e9 preciso reconhec\u00ea-los e valoriz\u00e1-los.\u00a0<br \/> \u00a0<br \/><B> Jorge Yunes (Pr\u00f3-Livro) <\/B>\u2013 Pesquisas desenvolvidas pelo instituto mostram que o incentivo \u00e0 leitura vem de dois atores privilegiados: primeiro da m\u00e3e e segundo do professor. Ent\u00e3o, os educadores podem fazer a diferen\u00e7a.\u00a0<br \/> \u00a0<br \/><B> Carlo Lovatelli (Bunge)<\/B> \u2013 Acredito que o desenvolvimento da educa\u00e7\u00e3o p\u00fablica de qualidade precisa de todos, mas o professor \u00e9 imprescind\u00edvel para que isso aconte\u00e7a.\u00a0<br \/> \u00a0<br \/><B> S\u00e9rgio Amoroso (Orsa) <\/B>\u2013 Estamos h\u00e1 13 anos na promo\u00e7\u00e3o do pr\u00eamio, mas nos \u00faltimos quatro a cinco anos o MEC promoveu uma virada ao incluir o terceiro setor como parceiro. O resultado \u00e9 que estamos fazendo um pr\u00eamio mais completo e mais valorizado.\u00a0<br \/> \u00a0<br \/><B> Ana Helena Moraes Vicintin (Votorantim) <\/B>\u2013 O pr\u00eamio destaca e fortalece quem trabalha com crian\u00e7as e jovens, especialmente porque valoriza a escola de todas as partes do pa\u00eds.\u00a0<br \/> \u00a0<br \/><B> Parceiros <\/B>\u2013 O Pr\u00eamio Professores do Brasil \u00e9 realizado pelo Minist\u00e9rio da Educa\u00e7\u00e3o em parceria com a Organiza\u00e7\u00e3o das Na\u00e7\u00f5es Unidas para a Educa\u00e7\u00e3o, a Ci\u00eancia e a Cultura (Unesco), Organiza\u00e7\u00e3o dos Estados Ibero-Americanos para a Educa\u00e7\u00e3o (OEI), Uni\u00e3o Nacional dos Dirigentes Municipais de Educa\u00e7\u00e3o (Undime), Conselho Nacional de Secret\u00e1rios de Educa\u00e7\u00e3o (Consed) e com o apoio do Grupo Orsa, Funda\u00e7\u00e3o Bunge, e dos institutos Votorantim e Pr\u00f3-Livro.\u00a0<br \/> \u00a0<\/p>\n","protected":false},"excerpt":{"rendered":"<p>Alegria, emo\u00e7\u00e3o, aplauso, fotos. Foi assim que transcorreu a entrega do Pr\u00eamio Professores do Brasil. O evento trouxe ao Minist\u00e9rio da Educa\u00e7\u00e3o nesta quarta-feira, 3, os 31 vencedores selecionados entre 779 concorrentes de todos os estados e do Distrito Federal. Para o ministro Fernando Haddad, o pr\u00eamio \u00e9 uma conquista de cada educador pelo esfor\u00e7o, [&hellip;]<\/p>\n","protected":false},"author":1,"featured_media":0,"comment_status":"closed","ping_status":"closed","sticky":false,"template":"","format":"standard","meta":{"footnotes":"","_links_to":"","_links_to_target":""},"categories":[9],"tags":[],"class_list":["post-2526","post","type-post","status-publish","format-standard","hentry","category-noticias-da-imprensa"],"yoast_head":"<!-- This site is optimized with the Yoast SEO plugin v15.1 - https:\/\/yoast.com\/wordpress\/plugins\/seo\/ -->\n<title>Professores do Brasil recebem pr\u00eamio &raquo; Abrelivros<\/title>\n<meta name=\"robots\" content=\"index, follow, max-snippet:-1, max-image-preview:large, max-video-preview:-1\" \/>\n<link rel=\"canonical\" href=\"https:\/\/abrelivros.org.br\/site\/professores-do-brasil-recebem-premio\/\" \/>\n<meta property=\"og:locale\" content=\"pt_BR\" \/>\n<meta property=\"og:type\" content=\"article\" \/>\n<meta property=\"og:title\" content=\"Professores do Brasil recebem pr\u00eamio &raquo; Abrelivros\" \/>\n<meta property=\"og:description\" content=\"Alegria, emo\u00e7\u00e3o, aplauso, fotos. Foi assim que transcorreu a entrega do Pr\u00eamio Professores do Brasil. O evento trouxe ao Minist\u00e9rio da Educa\u00e7\u00e3o nesta quarta-feira, 3, os 31 vencedores selecionados entre 779 concorrentes de todos os estados e do Distrito Federal. Para o ministro Fernando Haddad, o pr\u00eamio \u00e9 uma conquista de cada educador pelo esfor\u00e7o, [&hellip;]\" \/>\n<meta property=\"og:url\" content=\"https:\/\/abrelivros.org.br\/site\/professores-do-brasil-recebem-premio\/\" \/>\n<meta property=\"og:site_name\" content=\"Abrelivros\" \/>\n<meta property=\"article:published_time\" content=\"2008-12-05T13:06:00+00:00\" \/>\n<meta name=\"twitter:card\" content=\"summary_large_image\" \/>\n<script type=\"application\/ld+json\" class=\"yoast-schema-graph\">{\"@context\":\"https:\/\/schema.org\",\"@graph\":[{\"@type\":\"WebSite\",\"@id\":\"https:\/\/abrelivros.org.br\/site\/#website\",\"url\":\"https:\/\/abrelivros.org.br\/site\/\",\"name\":\"Abrelivros\",\"description\":\"\",\"potentialAction\":[{\"@type\":\"SearchAction\",\"target\":\"https:\/\/abrelivros.org.br\/site\/?s={search_term_string}\",\"query-input\":\"required name=search_term_string\"}],\"inLanguage\":\"pt-BR\"},{\"@type\":\"WebPage\",\"@id\":\"https:\/\/abrelivros.org.br\/site\/professores-do-brasil-recebem-premio\/#webpage\",\"url\":\"https:\/\/abrelivros.org.br\/site\/professores-do-brasil-recebem-premio\/\",\"name\":\"Professores do Brasil recebem pr\\u00eamio &raquo; Abrelivros\",\"isPartOf\":{\"@id\":\"https:\/\/abrelivros.org.br\/site\/#website\"},\"datePublished\":\"2008-12-05T13:06:00+00:00\",\"dateModified\":\"2008-12-05T13:06:00+00:00\",\"author\":{\"@id\":\"https:\/\/abrelivros.org.br\/site\/#\/schema\/person\/2b867f13a717bb230f1a3555505f5593\"},\"breadcrumb\":{\"@id\":\"https:\/\/abrelivros.org.br\/site\/professores-do-brasil-recebem-premio\/#breadcrumb\"},\"inLanguage\":\"pt-BR\",\"potentialAction\":[{\"@type\":\"ReadAction\",\"target\":[\"https:\/\/abrelivros.org.br\/site\/professores-do-brasil-recebem-premio\/\"]}]},{\"@type\":\"BreadcrumbList\",\"@id\":\"https:\/\/abrelivros.org.br\/site\/professores-do-brasil-recebem-premio\/#breadcrumb\",\"itemListElement\":[{\"@type\":\"ListItem\",\"position\":1,\"item\":{\"@type\":\"WebPage\",\"@id\":\"https:\/\/abrelivros.org.br\/site\/\",\"url\":\"https:\/\/abrelivros.org.br\/site\/\",\"name\":\"In\\u00edcio\"}},{\"@type\":\"ListItem\",\"position\":2,\"item\":{\"@type\":\"WebPage\",\"@id\":\"https:\/\/abrelivros.org.br\/site\/category\/noticias\/\",\"url\":\"https:\/\/abrelivros.org.br\/site\/category\/noticias\/\",\"name\":\"Not\\u00edcias\"}},{\"@type\":\"ListItem\",\"position\":3,\"item\":{\"@type\":\"WebPage\",\"@id\":\"https:\/\/abrelivros.org.br\/site\/category\/noticias\/noticias-da-imprensa\/\",\"url\":\"https:\/\/abrelivros.org.br\/site\/category\/noticias\/noticias-da-imprensa\/\",\"name\":\"Not\\u00edcias da imprensa\"}},{\"@type\":\"ListItem\",\"position\":4,\"item\":{\"@type\":\"WebPage\",\"@id\":\"https:\/\/abrelivros.org.br\/site\/professores-do-brasil-recebem-premio\/\",\"url\":\"https:\/\/abrelivros.org.br\/site\/professores-do-brasil-recebem-premio\/\",\"name\":\"Professores do Brasil recebem pr\\u00eamio\"}}]},{\"@type\":\"Person\",\"@id\":\"https:\/\/abrelivros.org.br\/site\/#\/schema\/person\/2b867f13a717bb230f1a3555505f5593\",\"name\":\"\\u00a0\",\"image\":{\"@type\":\"ImageObject\",\"@id\":\"https:\/\/abrelivros.org.br\/site\/#personlogo\",\"inLanguage\":\"pt-BR\",\"url\":\"https:\/\/secure.gravatar.com\/avatar\/e80b7f5231be2fff5040a8023da424898002831c5439420df182ae62676d2a6f?s=96&d=mm&r=g\",\"caption\":\"\\u00a0\"}}]}<\/script>\n<!-- \/ Yoast SEO plugin. -->","_links":{"self":[{"href":"https:\/\/abrelivros.org.br\/site\/wp-json\/wp\/v2\/posts\/2526","targetHints":{"allow":["GET"]}}],"collection":[{"href":"https:\/\/abrelivros.org.br\/site\/wp-json\/wp\/v2\/posts"}],"about":[{"href":"https:\/\/abrelivros.org.br\/site\/wp-json\/wp\/v2\/types\/post"}],"author":[{"embeddable":true,"href":"https:\/\/abrelivros.org.br\/site\/wp-json\/wp\/v2\/users\/1"}],"replies":[{"embeddable":true,"href":"https:\/\/abrelivros.org.br\/site\/wp-json\/wp\/v2\/comments?post=2526"}],"version-history":[{"count":0,"href":"https:\/\/abrelivros.org.br\/site\/wp-json\/wp\/v2\/posts\/2526\/revisions"}],"wp:attachment":[{"href":"https:\/\/abrelivros.org.br\/site\/wp-json\/wp\/v2\/media?parent=2526"}],"wp:term":[{"taxonomy":"category","embeddable":true,"href":"https:\/\/abrelivros.org.br\/site\/wp-json\/wp\/v2\/categories?post=2526"},{"taxonomy":"post_tag","embeddable":true,"href":"https:\/\/abrelivros.org.br\/site\/wp-json\/wp\/v2\/tags?post=2526"}],"curies":[{"name":"wp","href":"https:\/\/api.w.org\/{rel}","templated":true}]}}