{"id":2525,"date":"2008-12-05T11:13:00","date_gmt":"2008-12-05T13:13:00","guid":{"rendered":"https:\/\/abrelivros.org.br\/site\/2008\/12\/05\/imprensa-oficial-vai-publicar-classicos-da-literatura-brasileira\/"},"modified":"2008-12-05T11:13:00","modified_gmt":"2008-12-05T13:13:00","slug":"imprensa-oficial-vai-publicar-classicos-da-literatura-brasileira","status":"publish","type":"post","link":"https:\/\/abrelivros.org.br\/site\/imprensa-oficial-vai-publicar-classicos-da-literatura-brasileira\/","title":{"rendered":"Imprensa Oficial vai publicar cl\u00e1ssicos da literatura brasileira"},"content":{"rendered":"<p>Com o aval do governador Sergio Cabral, a Imprensa Oficial do Estado do Rio de Janeiro vai publicar, a partir do ano que vem, cl\u00e1ssicos da literatura brasileira para serem distribu\u00eddos gratuitamente \u00e0 popula\u00e7\u00e3o. Cada livro ser\u00e1 produzido em grandes tiragens, em torno de 100 mil exemplares, que ser\u00e3o encaminhados, sem custo, \u00e0s m\u00e3os dos leitores. &nbsp;<br \/> &nbsp;<br \/> Al\u00e9m de obras liter\u00e1rias, a Imprensa Oficial tamb\u00e9m dever\u00e1 colaborar com a Secretaria Estadual de Educa\u00e7\u00e3o, publicando t\u00edtulos de livros did\u00e1ticos para serem empregados em sala de aula. &nbsp;<br \/> &nbsp;<br \/> &#8211; Vamos inundar o Rio de Janeiro de livros &#8211; disse o presidente da Imprensa Oficial, Haroldo Zager, durante a abertura da 40\u00aa Reuni\u00e3o da Associa\u00e7\u00e3o Brasileira de Imprensas Oficiais (ABIO). &nbsp;<br \/> &nbsp;<br \/> A distribui\u00e7\u00e3o de livros j\u00e1 vem sendo uma preocupa\u00e7\u00e3o da Imprensa Oficial fluminense, cujo estande se tornou o \u00fanico a oferecer seus t\u00edtulos gratuitamente ao p\u00fablico durante a \u00faltima Bienal do Livro do Rio de Janeiro. &nbsp;<br \/> &nbsp;<br \/> Na ocasi\u00e3o, foram doados cerca de 16 mil exemplares de livros do cat\u00e1logo da empresa, al\u00e9m de dois novos lan\u00e7amentos editados especialmente para o evento: Rio de Janeiro no tempo dos Vice-Reis, de Lu\u00eds Edmundo, e Alma encantadora das ruas, de Jo\u00e3o do Rio. &nbsp;<br \/> &nbsp;<\/p>\n","protected":false},"excerpt":{"rendered":"<p>Com o aval do governador Sergio Cabral, a Imprensa Oficial do Estado do Rio de Janeiro vai publicar, a partir do ano que vem, cl\u00e1ssicos da literatura brasileira para serem distribu\u00eddos gratuitamente \u00e0 popula\u00e7\u00e3o. Cada livro ser\u00e1 produzido em grandes tiragens, em torno de 100 mil exemplares, que ser\u00e3o encaminhados, sem custo, \u00e0s m\u00e3os dos [&hellip;]<\/p>\n","protected":false},"author":1,"featured_media":0,"comment_status":"closed","ping_status":"closed","sticky":false,"template":"","format":"standard","meta":{"footnotes":"","_links_to":"","_links_to_target":""},"categories":[9],"tags":[],"class_list":["post-2525","post","type-post","status-publish","format-standard","hentry","category-noticias-da-imprensa"],"yoast_head":"<!-- This site is optimized with the Yoast SEO plugin v15.1 - https:\/\/yoast.com\/wordpress\/plugins\/seo\/ -->\n<title>Imprensa Oficial vai publicar cl\u00e1ssicos da literatura brasileira &raquo; Abrelivros<\/title>\n<meta name=\"robots\" content=\"index, follow, max-snippet:-1, max-image-preview:large, max-video-preview:-1\" \/>\n<link rel=\"canonical\" href=\"https:\/\/abrelivros.org.br\/site\/imprensa-oficial-vai-publicar-classicos-da-literatura-brasileira\/\" \/>\n<meta property=\"og:locale\" content=\"pt_BR\" \/>\n<meta property=\"og:type\" content=\"article\" \/>\n<meta property=\"og:title\" content=\"Imprensa Oficial vai publicar cl\u00e1ssicos da literatura brasileira &raquo; Abrelivros\" \/>\n<meta property=\"og:description\" content=\"Com o aval do governador Sergio Cabral, a Imprensa Oficial do Estado do Rio de Janeiro vai publicar, a partir do ano que vem, cl\u00e1ssicos da literatura brasileira para serem distribu\u00eddos gratuitamente \u00e0 popula\u00e7\u00e3o. Cada livro ser\u00e1 produzido em grandes tiragens, em torno de 100 mil exemplares, que ser\u00e3o encaminhados, sem custo, \u00e0s m\u00e3os dos [&hellip;]\" \/>\n<meta property=\"og:url\" content=\"https:\/\/abrelivros.org.br\/site\/imprensa-oficial-vai-publicar-classicos-da-literatura-brasileira\/\" \/>\n<meta property=\"og:site_name\" content=\"Abrelivros\" \/>\n<meta property=\"article:published_time\" content=\"2008-12-05T13:13:00+00:00\" \/>\n<meta name=\"twitter:card\" content=\"summary_large_image\" \/>\n<script type=\"application\/ld+json\" class=\"yoast-schema-graph\">{\"@context\":\"https:\/\/schema.org\",\"@graph\":[{\"@type\":\"WebSite\",\"@id\":\"https:\/\/abrelivros.org.br\/site\/#website\",\"url\":\"https:\/\/abrelivros.org.br\/site\/\",\"name\":\"Abrelivros\",\"description\":\"\",\"potentialAction\":[{\"@type\":\"SearchAction\",\"target\":\"https:\/\/abrelivros.org.br\/site\/?s={search_term_string}\",\"query-input\":\"required name=search_term_string\"}],\"inLanguage\":\"pt-BR\"},{\"@type\":\"WebPage\",\"@id\":\"https:\/\/abrelivros.org.br\/site\/imprensa-oficial-vai-publicar-classicos-da-literatura-brasileira\/#webpage\",\"url\":\"https:\/\/abrelivros.org.br\/site\/imprensa-oficial-vai-publicar-classicos-da-literatura-brasileira\/\",\"name\":\"Imprensa Oficial vai publicar cl\\u00e1ssicos da literatura brasileira &raquo; Abrelivros\",\"isPartOf\":{\"@id\":\"https:\/\/abrelivros.org.br\/site\/#website\"},\"datePublished\":\"2008-12-05T13:13:00+00:00\",\"dateModified\":\"2008-12-05T13:13:00+00:00\",\"author\":{\"@id\":\"https:\/\/abrelivros.org.br\/site\/#\/schema\/person\/2b867f13a717bb230f1a3555505f5593\"},\"breadcrumb\":{\"@id\":\"https:\/\/abrelivros.org.br\/site\/imprensa-oficial-vai-publicar-classicos-da-literatura-brasileira\/#breadcrumb\"},\"inLanguage\":\"pt-BR\",\"potentialAction\":[{\"@type\":\"ReadAction\",\"target\":[\"https:\/\/abrelivros.org.br\/site\/imprensa-oficial-vai-publicar-classicos-da-literatura-brasileira\/\"]}]},{\"@type\":\"BreadcrumbList\",\"@id\":\"https:\/\/abrelivros.org.br\/site\/imprensa-oficial-vai-publicar-classicos-da-literatura-brasileira\/#breadcrumb\",\"itemListElement\":[{\"@type\":\"ListItem\",\"position\":1,\"item\":{\"@type\":\"WebPage\",\"@id\":\"https:\/\/abrelivros.org.br\/site\/\",\"url\":\"https:\/\/abrelivros.org.br\/site\/\",\"name\":\"In\\u00edcio\"}},{\"@type\":\"ListItem\",\"position\":2,\"item\":{\"@type\":\"WebPage\",\"@id\":\"https:\/\/abrelivros.org.br\/site\/category\/noticias\/\",\"url\":\"https:\/\/abrelivros.org.br\/site\/category\/noticias\/\",\"name\":\"Not\\u00edcias\"}},{\"@type\":\"ListItem\",\"position\":3,\"item\":{\"@type\":\"WebPage\",\"@id\":\"https:\/\/abrelivros.org.br\/site\/category\/noticias\/noticias-da-imprensa\/\",\"url\":\"https:\/\/abrelivros.org.br\/site\/category\/noticias\/noticias-da-imprensa\/\",\"name\":\"Not\\u00edcias da imprensa\"}},{\"@type\":\"ListItem\",\"position\":4,\"item\":{\"@type\":\"WebPage\",\"@id\":\"https:\/\/abrelivros.org.br\/site\/imprensa-oficial-vai-publicar-classicos-da-literatura-brasileira\/\",\"url\":\"https:\/\/abrelivros.org.br\/site\/imprensa-oficial-vai-publicar-classicos-da-literatura-brasileira\/\",\"name\":\"Imprensa Oficial vai publicar cl\\u00e1ssicos da literatura brasileira\"}}]},{\"@type\":\"Person\",\"@id\":\"https:\/\/abrelivros.org.br\/site\/#\/schema\/person\/2b867f13a717bb230f1a3555505f5593\",\"name\":\"\\u00a0\",\"image\":{\"@type\":\"ImageObject\",\"@id\":\"https:\/\/abrelivros.org.br\/site\/#personlogo\",\"inLanguage\":\"pt-BR\",\"url\":\"https:\/\/secure.gravatar.com\/avatar\/e80b7f5231be2fff5040a8023da424898002831c5439420df182ae62676d2a6f?s=96&d=mm&r=g\",\"caption\":\"\\u00a0\"}}]}<\/script>\n<!-- \/ Yoast SEO plugin. -->","_links":{"self":[{"href":"https:\/\/abrelivros.org.br\/site\/wp-json\/wp\/v2\/posts\/2525","targetHints":{"allow":["GET"]}}],"collection":[{"href":"https:\/\/abrelivros.org.br\/site\/wp-json\/wp\/v2\/posts"}],"about":[{"href":"https:\/\/abrelivros.org.br\/site\/wp-json\/wp\/v2\/types\/post"}],"author":[{"embeddable":true,"href":"https:\/\/abrelivros.org.br\/site\/wp-json\/wp\/v2\/users\/1"}],"replies":[{"embeddable":true,"href":"https:\/\/abrelivros.org.br\/site\/wp-json\/wp\/v2\/comments?post=2525"}],"version-history":[{"count":0,"href":"https:\/\/abrelivros.org.br\/site\/wp-json\/wp\/v2\/posts\/2525\/revisions"}],"wp:attachment":[{"href":"https:\/\/abrelivros.org.br\/site\/wp-json\/wp\/v2\/media?parent=2525"}],"wp:term":[{"taxonomy":"category","embeddable":true,"href":"https:\/\/abrelivros.org.br\/site\/wp-json\/wp\/v2\/categories?post=2525"},{"taxonomy":"post_tag","embeddable":true,"href":"https:\/\/abrelivros.org.br\/site\/wp-json\/wp\/v2\/tags?post=2525"}],"curies":[{"name":"wp","href":"https:\/\/api.w.org\/{rel}","templated":true}]}}