{"id":2521,"date":"2008-12-10T17:15:00","date_gmt":"2008-12-10T19:15:00","guid":{"rendered":"https:\/\/abrelivros.org.br\/site\/2008\/12\/10\/camara-vai-derrubar-o-livro-verde\/"},"modified":"2008-12-10T17:15:00","modified_gmt":"2008-12-10T19:15:00","slug":"camara-vai-derrubar-o-livro-verde","status":"publish","type":"post","link":"https:\/\/abrelivros.org.br\/site\/camara-vai-derrubar-o-livro-verde\/","title":{"rendered":"C\u00e2mara vai derrubar o livro verde"},"content":{"rendered":"<p>O projeto de lei do deputado federal Eliene Lima (PP-MT), que pretendia tornar obrigat\u00f3rio o uso de 30% de papel reciclado na impress\u00e3o de livros, subiu no telhado. Parecer do deputado federal Severiano Alves (PDT-BA), que acaba de chegar \u00e0 Comiss\u00e3o de Educa\u00e7\u00e3o e Cultura da C\u00e2mara Federal, traz seu voto pela rejei\u00e7\u00e3o da mat\u00e9ria (que j\u00e1 passara pela Comiss\u00e3o de Meio Ambiente e Desenvolvimento Sustent\u00e1vel com ressalvas). &nbsp;<br \/> &nbsp;<br \/> O parlamentar explicou que a id\u00e9ia \u00e9 boa, mas de dif\u00edcil execu\u00e7\u00e3o no momento. Pelas suas contas, haveria a necessidade de 200 mil toneladas de papel reciclado e n\u00e3o haveria mat\u00e9ria-prima suficiente no Pa\u00eds para isso.&nbsp;<br \/> &nbsp;<br \/> N\u00e3o ser\u00e1 desta vez que o Brasil ter\u00e1 seu livro verde.&nbsp;<br \/> &nbsp;<\/p>\n","protected":false},"excerpt":{"rendered":"<p>O projeto de lei do deputado federal Eliene Lima (PP-MT), que pretendia tornar obrigat\u00f3rio o uso de 30% de papel reciclado na impress\u00e3o de livros, subiu no telhado. Parecer do deputado federal Severiano Alves (PDT-BA), que acaba de chegar \u00e0 Comiss\u00e3o de Educa\u00e7\u00e3o e Cultura da C\u00e2mara Federal, traz seu voto pela rejei\u00e7\u00e3o da mat\u00e9ria [&hellip;]<\/p>\n","protected":false},"author":1,"featured_media":0,"comment_status":"closed","ping_status":"closed","sticky":false,"template":"","format":"standard","meta":{"footnotes":"","_links_to":"","_links_to_target":""},"categories":[9],"tags":[],"class_list":["post-2521","post","type-post","status-publish","format-standard","hentry","category-noticias-da-imprensa"],"yoast_head":"<!-- This site is optimized with the Yoast SEO plugin v15.1 - https:\/\/yoast.com\/wordpress\/plugins\/seo\/ -->\n<title>C\u00e2mara vai derrubar o livro verde &raquo; Abrelivros<\/title>\n<meta name=\"robots\" content=\"index, follow, max-snippet:-1, max-image-preview:large, max-video-preview:-1\" \/>\n<link rel=\"canonical\" href=\"https:\/\/abrelivros.org.br\/site\/camara-vai-derrubar-o-livro-verde\/\" \/>\n<meta property=\"og:locale\" content=\"pt_BR\" \/>\n<meta property=\"og:type\" content=\"article\" \/>\n<meta property=\"og:title\" content=\"C\u00e2mara vai derrubar o livro verde &raquo; Abrelivros\" \/>\n<meta property=\"og:description\" content=\"O projeto de lei do deputado federal Eliene Lima (PP-MT), que pretendia tornar obrigat\u00f3rio o uso de 30% de papel reciclado na impress\u00e3o de livros, subiu no telhado. Parecer do deputado federal Severiano Alves (PDT-BA), que acaba de chegar \u00e0 Comiss\u00e3o de Educa\u00e7\u00e3o e Cultura da C\u00e2mara Federal, traz seu voto pela rejei\u00e7\u00e3o da mat\u00e9ria [&hellip;]\" \/>\n<meta property=\"og:url\" content=\"https:\/\/abrelivros.org.br\/site\/camara-vai-derrubar-o-livro-verde\/\" \/>\n<meta property=\"og:site_name\" content=\"Abrelivros\" \/>\n<meta property=\"article:published_time\" content=\"2008-12-10T19:15:00+00:00\" \/>\n<meta name=\"twitter:card\" content=\"summary_large_image\" \/>\n<script type=\"application\/ld+json\" class=\"yoast-schema-graph\">{\"@context\":\"https:\/\/schema.org\",\"@graph\":[{\"@type\":\"WebSite\",\"@id\":\"https:\/\/abrelivros.org.br\/site\/#website\",\"url\":\"https:\/\/abrelivros.org.br\/site\/\",\"name\":\"Abrelivros\",\"description\":\"\",\"potentialAction\":[{\"@type\":\"SearchAction\",\"target\":\"https:\/\/abrelivros.org.br\/site\/?s={search_term_string}\",\"query-input\":\"required name=search_term_string\"}],\"inLanguage\":\"pt-BR\"},{\"@type\":\"WebPage\",\"@id\":\"https:\/\/abrelivros.org.br\/site\/camara-vai-derrubar-o-livro-verde\/#webpage\",\"url\":\"https:\/\/abrelivros.org.br\/site\/camara-vai-derrubar-o-livro-verde\/\",\"name\":\"C\\u00e2mara vai derrubar o livro verde &raquo; Abrelivros\",\"isPartOf\":{\"@id\":\"https:\/\/abrelivros.org.br\/site\/#website\"},\"datePublished\":\"2008-12-10T19:15:00+00:00\",\"dateModified\":\"2008-12-10T19:15:00+00:00\",\"author\":{\"@id\":\"https:\/\/abrelivros.org.br\/site\/#\/schema\/person\/2b867f13a717bb230f1a3555505f5593\"},\"breadcrumb\":{\"@id\":\"https:\/\/abrelivros.org.br\/site\/camara-vai-derrubar-o-livro-verde\/#breadcrumb\"},\"inLanguage\":\"pt-BR\",\"potentialAction\":[{\"@type\":\"ReadAction\",\"target\":[\"https:\/\/abrelivros.org.br\/site\/camara-vai-derrubar-o-livro-verde\/\"]}]},{\"@type\":\"BreadcrumbList\",\"@id\":\"https:\/\/abrelivros.org.br\/site\/camara-vai-derrubar-o-livro-verde\/#breadcrumb\",\"itemListElement\":[{\"@type\":\"ListItem\",\"position\":1,\"item\":{\"@type\":\"WebPage\",\"@id\":\"https:\/\/abrelivros.org.br\/site\/\",\"url\":\"https:\/\/abrelivros.org.br\/site\/\",\"name\":\"In\\u00edcio\"}},{\"@type\":\"ListItem\",\"position\":2,\"item\":{\"@type\":\"WebPage\",\"@id\":\"https:\/\/abrelivros.org.br\/site\/category\/noticias\/\",\"url\":\"https:\/\/abrelivros.org.br\/site\/category\/noticias\/\",\"name\":\"Not\\u00edcias\"}},{\"@type\":\"ListItem\",\"position\":3,\"item\":{\"@type\":\"WebPage\",\"@id\":\"https:\/\/abrelivros.org.br\/site\/category\/noticias\/noticias-da-imprensa\/\",\"url\":\"https:\/\/abrelivros.org.br\/site\/category\/noticias\/noticias-da-imprensa\/\",\"name\":\"Not\\u00edcias da imprensa\"}},{\"@type\":\"ListItem\",\"position\":4,\"item\":{\"@type\":\"WebPage\",\"@id\":\"https:\/\/abrelivros.org.br\/site\/camara-vai-derrubar-o-livro-verde\/\",\"url\":\"https:\/\/abrelivros.org.br\/site\/camara-vai-derrubar-o-livro-verde\/\",\"name\":\"C\\u00e2mara vai derrubar o livro verde\"}}]},{\"@type\":\"Person\",\"@id\":\"https:\/\/abrelivros.org.br\/site\/#\/schema\/person\/2b867f13a717bb230f1a3555505f5593\",\"name\":\"\\u00a0\",\"image\":{\"@type\":\"ImageObject\",\"@id\":\"https:\/\/abrelivros.org.br\/site\/#personlogo\",\"inLanguage\":\"pt-BR\",\"url\":\"https:\/\/secure.gravatar.com\/avatar\/e80b7f5231be2fff5040a8023da424898002831c5439420df182ae62676d2a6f?s=96&d=mm&r=g\",\"caption\":\"\\u00a0\"}}]}<\/script>\n<!-- \/ Yoast SEO plugin. -->","_links":{"self":[{"href":"https:\/\/abrelivros.org.br\/site\/wp-json\/wp\/v2\/posts\/2521","targetHints":{"allow":["GET"]}}],"collection":[{"href":"https:\/\/abrelivros.org.br\/site\/wp-json\/wp\/v2\/posts"}],"about":[{"href":"https:\/\/abrelivros.org.br\/site\/wp-json\/wp\/v2\/types\/post"}],"author":[{"embeddable":true,"href":"https:\/\/abrelivros.org.br\/site\/wp-json\/wp\/v2\/users\/1"}],"replies":[{"embeddable":true,"href":"https:\/\/abrelivros.org.br\/site\/wp-json\/wp\/v2\/comments?post=2521"}],"version-history":[{"count":0,"href":"https:\/\/abrelivros.org.br\/site\/wp-json\/wp\/v2\/posts\/2521\/revisions"}],"wp:attachment":[{"href":"https:\/\/abrelivros.org.br\/site\/wp-json\/wp\/v2\/media?parent=2521"}],"wp:term":[{"taxonomy":"category","embeddable":true,"href":"https:\/\/abrelivros.org.br\/site\/wp-json\/wp\/v2\/categories?post=2521"},{"taxonomy":"post_tag","embeddable":true,"href":"https:\/\/abrelivros.org.br\/site\/wp-json\/wp\/v2\/tags?post=2521"}],"curies":[{"name":"wp","href":"https:\/\/api.w.org\/{rel}","templated":true}]}}