{"id":2519,"date":"2008-12-10T17:19:00","date_gmt":"2008-12-10T19:19:00","guid":{"rendered":"https:\/\/abrelivros.org.br\/site\/2008\/12\/10\/operacao-apreende-15-mil-livros-em-sebos\/"},"modified":"2008-12-10T17:19:00","modified_gmt":"2008-12-10T19:19:00","slug":"operacao-apreende-15-mil-livros-em-sebos","status":"publish","type":"post","link":"https:\/\/abrelivros.org.br\/site\/operacao-apreende-15-mil-livros-em-sebos\/","title":{"rendered":"Opera\u00e7\u00e3o apreende 1,5 mil livros em sebos"},"content":{"rendered":"<p>Cerca de mil e quinhentos livros did\u00e1ticos de venda proibida foram apreendidos em sebos do bairro Cidade Alta, centro de Natal, na manh\u00e3 de ontem, durante uma opera\u00e7\u00e3o conjunta entre a Delegacia Especializada em Falsifica\u00e7\u00f5es e Defrauda\u00e7\u00f5es (DEFD) e a Associa\u00e7\u00e3o Brasileira de Editores de Livros (Abrelivros). De acordo com o delegado Everaldo Fonseca, titular da DEFD, o objetivo era averiguar den\u00fancias de que esses sebos estariam comercializando livros cuja venda n\u00e3o \u00e9 permitida, como os do professor. Os propriet\u00e1rios n\u00e3o chegaram a ser presos em flagrante, mas responder\u00e3o aos processos por portaria.\u00a0<br \/> \u00a0<br \/> A opera\u00e7\u00e3o foi desencadeada a partir das 9h da manh\u00e3 de ontem, em cinco sebos da Cidade Alta. Dois deles localizados na Rua Ulisses Caldas, outros dois na Rua Vig\u00e1rio Bartomoleu e um na Avenida Rio Branco. A apreens\u00e3o foi feita principalmente de livros do professor, de distribui\u00e7\u00e3o governamental e de distribui\u00e7\u00e3o privada, cujas capas apresentam o selo de \u2018\u2018venda proibida\u2019\u2019.\u00a0<br \/> \u00a0<br \/> O advogado da Abrelivros, Dal\u00edzio Porto Barros, explica que a venda desses livros did\u00e1ticos fere os direitos autorais das editoras, regulamentados pela Lei n\u00ba 9610\/98. O delegado Everaldo Fonseca acrescenta que as editoras acabam sendo prejudicadas por esse tipo de com\u00e9rcio, uma vez que \u2018\u2018elas abrem m\u00e3o de recolher os direitos autorais para doar esses livros aos professores\u2019\u2019.\u00a0<br \/> \u00a0<br \/> Dal\u00edzio Barros conta que essa a\u00e7\u00e3o faz parte de uma campanha nacional de combate \u00e0 comercializa\u00e7\u00e3o de livros did\u00e1ticos de venda proibida. Segundo o advogado da Abrelivros, a associa\u00e7\u00e3o recebe v\u00e1rias den\u00fancias desse tipo de crime e por meio do site da institui\u00e7\u00e3o, atrav\u00e9s de representa\u00e7\u00e3o, pede aos delegados que sejam feitas essas opera\u00e7\u00f5es. Ontem foi a vez de Natal, pois, afirma o advogado, \u2018\u2018o n\u00famero de den\u00fancias estavam crescentes na capital potiguar\u2019\u2019.\u00a0<br \/> \u00a0<br \/> sebos\u00a0<br \/> \u00a0<br \/> Ele explica que esses livros s\u00e3o adquiridos pelos sebos atrav\u00e9s dos professores que os recebem gratuitamente. Ou os professores repassam pessoalmente, ou passam para pessoas que vendem aos sebos.\u00a0<br \/> \u00a0<br \/> A vendedora Maria do C\u00e9u, 45, funcion\u00e1ria do Sebo Torres, um dos alvos da opera\u00e7\u00e3o, alega que \u2018\u2018trabalhamos com o com\u00e9rcio de livros usados. Os professores tamb\u00e9m doam esses livros, alguns alunos recebem desses professores e nos vendem. Mesmo sabendo que tem o carimbo (de venda proibida), eu vendo cultura\u2019\u2019.\u00a0<br \/> \u00a0<br \/> O delegado Everaldo Fonseca diz que nesse caso, ningu\u00e9m chega a ser preso em flagrante. \u2018\u2018Mas fazemos o inqu\u00e9rito e remetemos ao juiz, que decide qual ser\u00e1 a pena\u2019\u2019. O titular da DEFD conta que as penas previstas s\u00e3o de deten\u00e7\u00e3o e\/ou pagamento de multa.\u00a0<br \/> \u00a0<br \/> \u00a0<br \/> \u00a0<\/p>\n","protected":false},"excerpt":{"rendered":"<p>Cerca de mil e quinhentos livros did\u00e1ticos de venda proibida foram apreendidos em sebos do bairro Cidade Alta, centro de Natal, na manh\u00e3 de ontem, durante uma opera\u00e7\u00e3o conjunta entre a Delegacia Especializada em Falsifica\u00e7\u00f5es e Defrauda\u00e7\u00f5es (DEFD) e a Associa\u00e7\u00e3o Brasileira de Editores de Livros (Abrelivros). De acordo com o delegado Everaldo Fonseca, titular [&hellip;]<\/p>\n","protected":false},"author":1,"featured_media":0,"comment_status":"closed","ping_status":"closed","sticky":false,"template":"","format":"standard","meta":{"footnotes":"","_links_to":"","_links_to_target":""},"categories":[9],"tags":[],"class_list":["post-2519","post","type-post","status-publish","format-standard","hentry","category-noticias-da-imprensa"],"yoast_head":"<!-- This site is optimized with the Yoast SEO plugin v15.1 - https:\/\/yoast.com\/wordpress\/plugins\/seo\/ -->\n<title>Opera\u00e7\u00e3o apreende 1,5 mil livros em sebos &raquo; Abrelivros<\/title>\n<meta name=\"robots\" content=\"index, follow, max-snippet:-1, max-image-preview:large, max-video-preview:-1\" \/>\n<link rel=\"canonical\" href=\"https:\/\/abrelivros.org.br\/site\/operacao-apreende-15-mil-livros-em-sebos\/\" \/>\n<meta property=\"og:locale\" content=\"pt_BR\" \/>\n<meta property=\"og:type\" content=\"article\" \/>\n<meta property=\"og:title\" content=\"Opera\u00e7\u00e3o apreende 1,5 mil livros em sebos &raquo; Abrelivros\" \/>\n<meta property=\"og:description\" content=\"Cerca de mil e quinhentos livros did\u00e1ticos de venda proibida foram apreendidos em sebos do bairro Cidade Alta, centro de Natal, na manh\u00e3 de ontem, durante uma opera\u00e7\u00e3o conjunta entre a Delegacia Especializada em Falsifica\u00e7\u00f5es e Defrauda\u00e7\u00f5es (DEFD) e a Associa\u00e7\u00e3o Brasileira de Editores de Livros (Abrelivros). De acordo com o delegado Everaldo Fonseca, titular [&hellip;]\" \/>\n<meta property=\"og:url\" content=\"https:\/\/abrelivros.org.br\/site\/operacao-apreende-15-mil-livros-em-sebos\/\" \/>\n<meta property=\"og:site_name\" content=\"Abrelivros\" \/>\n<meta property=\"article:published_time\" content=\"2008-12-10T19:19:00+00:00\" \/>\n<meta name=\"twitter:card\" content=\"summary_large_image\" \/>\n<script type=\"application\/ld+json\" class=\"yoast-schema-graph\">{\"@context\":\"https:\/\/schema.org\",\"@graph\":[{\"@type\":\"WebSite\",\"@id\":\"https:\/\/abrelivros.org.br\/site\/#website\",\"url\":\"https:\/\/abrelivros.org.br\/site\/\",\"name\":\"Abrelivros\",\"description\":\"\",\"potentialAction\":[{\"@type\":\"SearchAction\",\"target\":\"https:\/\/abrelivros.org.br\/site\/?s={search_term_string}\",\"query-input\":\"required name=search_term_string\"}],\"inLanguage\":\"pt-BR\"},{\"@type\":\"WebPage\",\"@id\":\"https:\/\/abrelivros.org.br\/site\/operacao-apreende-15-mil-livros-em-sebos\/#webpage\",\"url\":\"https:\/\/abrelivros.org.br\/site\/operacao-apreende-15-mil-livros-em-sebos\/\",\"name\":\"Opera\\u00e7\\u00e3o apreende 1,5 mil livros em sebos &raquo; Abrelivros\",\"isPartOf\":{\"@id\":\"https:\/\/abrelivros.org.br\/site\/#website\"},\"datePublished\":\"2008-12-10T19:19:00+00:00\",\"dateModified\":\"2008-12-10T19:19:00+00:00\",\"author\":{\"@id\":\"https:\/\/abrelivros.org.br\/site\/#\/schema\/person\/2b867f13a717bb230f1a3555505f5593\"},\"breadcrumb\":{\"@id\":\"https:\/\/abrelivros.org.br\/site\/operacao-apreende-15-mil-livros-em-sebos\/#breadcrumb\"},\"inLanguage\":\"pt-BR\",\"potentialAction\":[{\"@type\":\"ReadAction\",\"target\":[\"https:\/\/abrelivros.org.br\/site\/operacao-apreende-15-mil-livros-em-sebos\/\"]}]},{\"@type\":\"BreadcrumbList\",\"@id\":\"https:\/\/abrelivros.org.br\/site\/operacao-apreende-15-mil-livros-em-sebos\/#breadcrumb\",\"itemListElement\":[{\"@type\":\"ListItem\",\"position\":1,\"item\":{\"@type\":\"WebPage\",\"@id\":\"https:\/\/abrelivros.org.br\/site\/\",\"url\":\"https:\/\/abrelivros.org.br\/site\/\",\"name\":\"In\\u00edcio\"}},{\"@type\":\"ListItem\",\"position\":2,\"item\":{\"@type\":\"WebPage\",\"@id\":\"https:\/\/abrelivros.org.br\/site\/category\/noticias\/\",\"url\":\"https:\/\/abrelivros.org.br\/site\/category\/noticias\/\",\"name\":\"Not\\u00edcias\"}},{\"@type\":\"ListItem\",\"position\":3,\"item\":{\"@type\":\"WebPage\",\"@id\":\"https:\/\/abrelivros.org.br\/site\/category\/noticias\/noticias-da-imprensa\/\",\"url\":\"https:\/\/abrelivros.org.br\/site\/category\/noticias\/noticias-da-imprensa\/\",\"name\":\"Not\\u00edcias da imprensa\"}},{\"@type\":\"ListItem\",\"position\":4,\"item\":{\"@type\":\"WebPage\",\"@id\":\"https:\/\/abrelivros.org.br\/site\/operacao-apreende-15-mil-livros-em-sebos\/\",\"url\":\"https:\/\/abrelivros.org.br\/site\/operacao-apreende-15-mil-livros-em-sebos\/\",\"name\":\"Opera\\u00e7\\u00e3o apreende 1,5 mil livros em sebos\"}}]},{\"@type\":\"Person\",\"@id\":\"https:\/\/abrelivros.org.br\/site\/#\/schema\/person\/2b867f13a717bb230f1a3555505f5593\",\"name\":\"\\u00a0\",\"image\":{\"@type\":\"ImageObject\",\"@id\":\"https:\/\/abrelivros.org.br\/site\/#personlogo\",\"inLanguage\":\"pt-BR\",\"url\":\"https:\/\/secure.gravatar.com\/avatar\/e80b7f5231be2fff5040a8023da424898002831c5439420df182ae62676d2a6f?s=96&d=mm&r=g\",\"caption\":\"\\u00a0\"}}]}<\/script>\n<!-- \/ Yoast SEO plugin. -->","_links":{"self":[{"href":"https:\/\/abrelivros.org.br\/site\/wp-json\/wp\/v2\/posts\/2519","targetHints":{"allow":["GET"]}}],"collection":[{"href":"https:\/\/abrelivros.org.br\/site\/wp-json\/wp\/v2\/posts"}],"about":[{"href":"https:\/\/abrelivros.org.br\/site\/wp-json\/wp\/v2\/types\/post"}],"author":[{"embeddable":true,"href":"https:\/\/abrelivros.org.br\/site\/wp-json\/wp\/v2\/users\/1"}],"replies":[{"embeddable":true,"href":"https:\/\/abrelivros.org.br\/site\/wp-json\/wp\/v2\/comments?post=2519"}],"version-history":[{"count":0,"href":"https:\/\/abrelivros.org.br\/site\/wp-json\/wp\/v2\/posts\/2519\/revisions"}],"wp:attachment":[{"href":"https:\/\/abrelivros.org.br\/site\/wp-json\/wp\/v2\/media?parent=2519"}],"wp:term":[{"taxonomy":"category","embeddable":true,"href":"https:\/\/abrelivros.org.br\/site\/wp-json\/wp\/v2\/categories?post=2519"},{"taxonomy":"post_tag","embeddable":true,"href":"https:\/\/abrelivros.org.br\/site\/wp-json\/wp\/v2\/tags?post=2519"}],"curies":[{"name":"wp","href":"https:\/\/api.w.org\/{rel}","templated":true}]}}