{"id":2518,"date":"2008-12-11T17:04:00","date_gmt":"2008-12-11T19:04:00","guid":{"rendered":"https:\/\/abrelivros.org.br\/site\/2008\/12\/11\/conteudo-desconectado-da-realidade-e-uma-das-causas-da-evasao-do-ensino-medio\/"},"modified":"2008-12-11T17:04:00","modified_gmt":"2008-12-11T19:04:00","slug":"conteudo-desconectado-da-realidade-e-uma-das-causas-da-evasao-do-ensino-medio","status":"publish","type":"post","link":"https:\/\/abrelivros.org.br\/site\/conteudo-desconectado-da-realidade-e-uma-das-causas-da-evasao-do-ensino-medio\/","title":{"rendered":"Conte\u00fado desconectado da realidade \u00e9 uma das causas da evas\u00e3o do Ensino M\u00e9dio"},"content":{"rendered":"<p>\u201cN\u00e3o \u00e9 a atra\u00e7\u00e3o pelo mercado de trabalho que afasta os jovens do Ensino M\u00e9dio, mas sim a repulsa que a escola causa\u201d. A afirma\u00e7\u00e3o \u00e9 do presidente do Conselho Consultivo da Faculdade Pit\u00e1goras \u2013 integrante de uma rede particular de ensino -, Cl\u00e1udio de Moura Castro. O dirigente participou do semin\u00e1rio \u201cA crise de audi\u00eancia no ensino m\u00e9dio\u201d, na \u00faltima semana em S\u00e3o Paulo (SP). \u201cAs orienta\u00e7\u00f5es e expectativas que o Ensino M\u00e9dio oferece s\u00e3o muito vagas\u201d, completou.&nbsp;<br \/> &nbsp;<br \/> De acordo com Castro, o Ensino M\u00e9dio tem pouca \u00eanfase nas habilidades pr\u00e1ticas. \u201cA tradi\u00e7\u00e3o de decoreba \u00e9 um dos fatores que espanta os alunos, mas o n\u00edvel de escolaridade dos pais e a forma\u00e7\u00e3o dos professores, que n\u00e3o se conectam com a realidade dos alunos, tamb\u00e9m colaboram com o fen\u00f4meno de evas\u00e3o do Ensino M\u00e9dio\u201d, alertou.&nbsp;<br \/> &nbsp;<br \/> Segundo dados do Censo Escolar do MEC de 2007, dos 3,6 milh\u00f5es de jovens que se matriculam no Ensino M\u00e9dio, apenas 1,8 milh\u00e3o concluem. A taxa de abandono \u00e9 de 13,3%, contra 6,7% de 5\u00aa a 8\u00aa s\u00e9ries e 3,2% de 1\u00aa a 4\u00aa s\u00e9ries.&nbsp;<br \/> &nbsp;<br \/> Para o presidente do Instituto Alfa e Beto \u2013 organiza\u00e7\u00e3o n\u00e3o-governamental que trabalha na \u00e1rea da educa\u00e7\u00e3o \u2013, Jo\u00e3o Batista de Oliveira, uma das causas do grande abandono do Ensino M\u00e9dio \u00e9 o conte\u00fado voltado para o vestibular. \u201cHoje, um bom Ensino M\u00e9dio gira em torno do vestibular. Devemos romper essa conex\u00e3o e aproveitar a energia do jovem para o que realmente interessa para ele, que n\u00e3o necessariamente \u00e9 o vestibular\u201d, alertou.&nbsp;<br \/> &nbsp;<br \/> \u201cPenalizamos nossos jovens com um sistema igual para todos, que n\u00e3o d\u00e1 escolha para que os alunos estudem o que mais lhe interessam. Devemos diversificar o Ensino M\u00e9dio de acordo com as necessidades do mercado de trabalho\u201d, sugeriu Oliveira. &nbsp;<br \/> &nbsp;<br \/> Outro aspecto levantado na mesa foi a forma\u00e7\u00e3o dos professores. \u201cN\u00e3o \u00e9 s\u00f3 a crise de audi\u00eancia que precisa ser observada, mas tamb\u00e9m o que est\u00e1 em torno dela. Os cursos de Pedagogia n\u00e3o t\u00eam formado bons profissionais\u201d, disse o diretor de Concep\u00e7\u00f5es e Orienta\u00e7\u00f5es Curriculares para Educa\u00e7\u00e3o B\u00e1sica (SEB\/MEC), Carlos Artexes Sim\u00f5es. \u201cA escola est\u00e1 inserida em uma sociedade que tamb\u00e9m deve mudar. N\u00e3o basta pensar escola para dentro, temos que pensar escola para fora\u201d.&nbsp;<br \/> &nbsp;<br \/> Um dos consensos da mesa \u00e9 que o Ensino M\u00e9dio s\u00f3 ter\u00e1 sucesso quando as quest\u00f5es pr\u00e1ticas estiverem atreladas \u00e0 educa\u00e7\u00e3o.  Para isso, uma das formas \u00e9 dar mais poder de escolha aos jovens quanto aos seus interesses futuros. \u201cEnsinando a consertar um autom\u00f3vel, por exemplo, \u00e9 que o jovem aprende matem\u00e1tica, f\u00edsica, desenho. O conhecimento termina na cabe\u00e7a, mas \u00e9 pelas m\u00e3os que ele entra\u201d, finalizou Castro. &nbsp;<br \/> &nbsp;<\/p>\n","protected":false},"excerpt":{"rendered":"<p>\u201cN\u00e3o \u00e9 a atra\u00e7\u00e3o pelo mercado de trabalho que afasta os jovens do Ensino M\u00e9dio, mas sim a repulsa que a escola causa\u201d. A afirma\u00e7\u00e3o \u00e9 do presidente do Conselho Consultivo da Faculdade Pit\u00e1goras \u2013 integrante de uma rede particular de ensino -, Cl\u00e1udio de Moura Castro. O dirigente participou do semin\u00e1rio \u201cA crise de [&hellip;]<\/p>\n","protected":false},"author":1,"featured_media":0,"comment_status":"closed","ping_status":"closed","sticky":false,"template":"","format":"standard","meta":{"footnotes":"","_links_to":"","_links_to_target":""},"categories":[9],"tags":[],"class_list":["post-2518","post","type-post","status-publish","format-standard","hentry","category-noticias-da-imprensa"],"yoast_head":"<!-- This site is optimized with the Yoast SEO plugin v15.1 - https:\/\/yoast.com\/wordpress\/plugins\/seo\/ -->\n<title>Conte\u00fado desconectado da realidade \u00e9 uma das causas da evas\u00e3o do Ensino M\u00e9dio &raquo; Abrelivros<\/title>\n<meta name=\"robots\" content=\"index, follow, max-snippet:-1, max-image-preview:large, max-video-preview:-1\" \/>\n<link rel=\"canonical\" href=\"https:\/\/abrelivros.org.br\/site\/conteudo-desconectado-da-realidade-e-uma-das-causas-da-evasao-do-ensino-medio\/\" \/>\n<meta property=\"og:locale\" content=\"pt_BR\" \/>\n<meta property=\"og:type\" content=\"article\" \/>\n<meta property=\"og:title\" content=\"Conte\u00fado desconectado da realidade \u00e9 uma das causas da evas\u00e3o do Ensino M\u00e9dio &raquo; Abrelivros\" \/>\n<meta property=\"og:description\" content=\"\u201cN\u00e3o \u00e9 a atra\u00e7\u00e3o pelo mercado de trabalho que afasta os jovens do Ensino M\u00e9dio, mas sim a repulsa que a escola causa\u201d. A afirma\u00e7\u00e3o \u00e9 do presidente do Conselho Consultivo da Faculdade Pit\u00e1goras \u2013 integrante de uma rede particular de ensino -, Cl\u00e1udio de Moura Castro. O dirigente participou do semin\u00e1rio \u201cA crise de [&hellip;]\" \/>\n<meta property=\"og:url\" content=\"https:\/\/abrelivros.org.br\/site\/conteudo-desconectado-da-realidade-e-uma-das-causas-da-evasao-do-ensino-medio\/\" \/>\n<meta property=\"og:site_name\" content=\"Abrelivros\" \/>\n<meta property=\"article:published_time\" content=\"2008-12-11T19:04:00+00:00\" \/>\n<meta name=\"twitter:card\" content=\"summary_large_image\" \/>\n<script type=\"application\/ld+json\" class=\"yoast-schema-graph\">{\"@context\":\"https:\/\/schema.org\",\"@graph\":[{\"@type\":\"WebSite\",\"@id\":\"https:\/\/abrelivros.org.br\/site\/#website\",\"url\":\"https:\/\/abrelivros.org.br\/site\/\",\"name\":\"Abrelivros\",\"description\":\"\",\"potentialAction\":[{\"@type\":\"SearchAction\",\"target\":\"https:\/\/abrelivros.org.br\/site\/?s={search_term_string}\",\"query-input\":\"required name=search_term_string\"}],\"inLanguage\":\"pt-BR\"},{\"@type\":\"WebPage\",\"@id\":\"https:\/\/abrelivros.org.br\/site\/conteudo-desconectado-da-realidade-e-uma-das-causas-da-evasao-do-ensino-medio\/#webpage\",\"url\":\"https:\/\/abrelivros.org.br\/site\/conteudo-desconectado-da-realidade-e-uma-das-causas-da-evasao-do-ensino-medio\/\",\"name\":\"Conte\\u00fado desconectado da realidade \\u00e9 uma das causas da evas\\u00e3o do Ensino M\\u00e9dio &raquo; Abrelivros\",\"isPartOf\":{\"@id\":\"https:\/\/abrelivros.org.br\/site\/#website\"},\"datePublished\":\"2008-12-11T19:04:00+00:00\",\"dateModified\":\"2008-12-11T19:04:00+00:00\",\"author\":{\"@id\":\"https:\/\/abrelivros.org.br\/site\/#\/schema\/person\/2b867f13a717bb230f1a3555505f5593\"},\"breadcrumb\":{\"@id\":\"https:\/\/abrelivros.org.br\/site\/conteudo-desconectado-da-realidade-e-uma-das-causas-da-evasao-do-ensino-medio\/#breadcrumb\"},\"inLanguage\":\"pt-BR\",\"potentialAction\":[{\"@type\":\"ReadAction\",\"target\":[\"https:\/\/abrelivros.org.br\/site\/conteudo-desconectado-da-realidade-e-uma-das-causas-da-evasao-do-ensino-medio\/\"]}]},{\"@type\":\"BreadcrumbList\",\"@id\":\"https:\/\/abrelivros.org.br\/site\/conteudo-desconectado-da-realidade-e-uma-das-causas-da-evasao-do-ensino-medio\/#breadcrumb\",\"itemListElement\":[{\"@type\":\"ListItem\",\"position\":1,\"item\":{\"@type\":\"WebPage\",\"@id\":\"https:\/\/abrelivros.org.br\/site\/\",\"url\":\"https:\/\/abrelivros.org.br\/site\/\",\"name\":\"In\\u00edcio\"}},{\"@type\":\"ListItem\",\"position\":2,\"item\":{\"@type\":\"WebPage\",\"@id\":\"https:\/\/abrelivros.org.br\/site\/category\/noticias\/\",\"url\":\"https:\/\/abrelivros.org.br\/site\/category\/noticias\/\",\"name\":\"Not\\u00edcias\"}},{\"@type\":\"ListItem\",\"position\":3,\"item\":{\"@type\":\"WebPage\",\"@id\":\"https:\/\/abrelivros.org.br\/site\/category\/noticias\/noticias-da-imprensa\/\",\"url\":\"https:\/\/abrelivros.org.br\/site\/category\/noticias\/noticias-da-imprensa\/\",\"name\":\"Not\\u00edcias da imprensa\"}},{\"@type\":\"ListItem\",\"position\":4,\"item\":{\"@type\":\"WebPage\",\"@id\":\"https:\/\/abrelivros.org.br\/site\/conteudo-desconectado-da-realidade-e-uma-das-causas-da-evasao-do-ensino-medio\/\",\"url\":\"https:\/\/abrelivros.org.br\/site\/conteudo-desconectado-da-realidade-e-uma-das-causas-da-evasao-do-ensino-medio\/\",\"name\":\"Conte\\u00fado desconectado da realidade \\u00e9 uma das causas da evas\\u00e3o do Ensino M\\u00e9dio\"}}]},{\"@type\":\"Person\",\"@id\":\"https:\/\/abrelivros.org.br\/site\/#\/schema\/person\/2b867f13a717bb230f1a3555505f5593\",\"name\":\"\\u00a0\",\"image\":{\"@type\":\"ImageObject\",\"@id\":\"https:\/\/abrelivros.org.br\/site\/#personlogo\",\"inLanguage\":\"pt-BR\",\"url\":\"https:\/\/secure.gravatar.com\/avatar\/e80b7f5231be2fff5040a8023da424898002831c5439420df182ae62676d2a6f?s=96&d=mm&r=g\",\"caption\":\"\\u00a0\"}}]}<\/script>\n<!-- \/ Yoast SEO plugin. -->","_links":{"self":[{"href":"https:\/\/abrelivros.org.br\/site\/wp-json\/wp\/v2\/posts\/2518","targetHints":{"allow":["GET"]}}],"collection":[{"href":"https:\/\/abrelivros.org.br\/site\/wp-json\/wp\/v2\/posts"}],"about":[{"href":"https:\/\/abrelivros.org.br\/site\/wp-json\/wp\/v2\/types\/post"}],"author":[{"embeddable":true,"href":"https:\/\/abrelivros.org.br\/site\/wp-json\/wp\/v2\/users\/1"}],"replies":[{"embeddable":true,"href":"https:\/\/abrelivros.org.br\/site\/wp-json\/wp\/v2\/comments?post=2518"}],"version-history":[{"count":0,"href":"https:\/\/abrelivros.org.br\/site\/wp-json\/wp\/v2\/posts\/2518\/revisions"}],"wp:attachment":[{"href":"https:\/\/abrelivros.org.br\/site\/wp-json\/wp\/v2\/media?parent=2518"}],"wp:term":[{"taxonomy":"category","embeddable":true,"href":"https:\/\/abrelivros.org.br\/site\/wp-json\/wp\/v2\/categories?post=2518"},{"taxonomy":"post_tag","embeddable":true,"href":"https:\/\/abrelivros.org.br\/site\/wp-json\/wp\/v2\/tags?post=2518"}],"curies":[{"name":"wp","href":"https:\/\/api.w.org\/{rel}","templated":true}]}}