{"id":2515,"date":"2008-12-16T15:33:00","date_gmt":"2008-12-16T17:33:00","guid":{"rendered":"https:\/\/abrelivros.org.br\/site\/2008\/12\/16\/literatura-para-15-milhao-de-alunos\/"},"modified":"2008-12-16T15:33:00","modified_gmt":"2008-12-16T17:33:00","slug":"literatura-para-15-milhao-de-alunos","status":"publish","type":"post","link":"https:\/\/abrelivros.org.br\/site\/literatura-para-15-milhao-de-alunos\/","title":{"rendered":"Literatura para 1,5 milh\u00e3o de alunos"},"content":{"rendered":"<p>O Minist\u00e9rio da Educa\u00e7\u00e3o vai publicar os dez textos vencedores do 2\u00ba Concurso Literatura para Todos e distribu\u00ed-los a 1,5 milh\u00e3o de estudantes. A premia\u00e7\u00e3o ocorreu na quarta-feira, dia 10, na Semana de Educa\u00e7\u00e3o de Jovens e Adultos, em Natal. O pr\u00eamio \u00e9 promovido pelo Minist\u00e9rio da Educa\u00e7\u00e3o para estimular a produ\u00e7\u00e3o liter\u00e1ria destinada a jovens e adultos em processo de alfabetiza\u00e7\u00e3o.\u00a0<br \/> \u00a0<br \/> Ser\u00e3o contempladas com as obras as entidades parceiras do Programa Brasil Alfabetizado, universidades da Rede de Forma\u00e7\u00e3o de Alfabetiza\u00e7\u00e3o de Jovens e Adultos, pres\u00eddios e n\u00facleos de educa\u00e7\u00e3o de jovens e adultos de institui\u00e7\u00f5es de educa\u00e7\u00e3o superior. Os livros tamb\u00e9m chegar\u00e3o \u00e0s escolas p\u00fablicas de educa\u00e7\u00e3o b\u00e1sica.\u00a0<br \/> \u00a0<br \/> \u201cEsse n\u00e3o \u00e9 um concurso para neo-escritores, mas para escritores experientes. Este ano, recebemos menos obras. Por\u00e9m, com mais qualidade\u201d, disse Jane Paiva, integrante da comiss\u00e3o julgadora. \u201cApesar de vivermos numa sociedade baseada na linguagem escrita, o acesso \u00e0s obras liter\u00e1rias n\u00e3o \u00e9 igualit\u00e1rio. Iniciativas como esse concurso conseguem desfazer esse processo.\u201d\u00a0<br \/> \u00a0<br \/> De acordo com Iacyr Freitas, que recebeu men\u00e7\u00e3o honrosa pela obra Via V\u00e1ria, a soma da tiragem de seus 20 livros publicados n\u00e3o chega ao n\u00famero de exemplares do que ser\u00e1 editado pelo MEC. Dentre os escritores de pa\u00edses africanos l\u00edngua portuguesa, o vencedor foi Jos\u00e9 Lu\u00eds Tavares, com a obra po\u00e9tica Os Secretos Acrobatas.\u00a0<br \/> \u00a0<br \/> No concurso, organizado pela Secretaria de Educa\u00e7\u00e3o Continuada, Alfabetiza\u00e7\u00e3o e Diversidade (Secad), os candidatos concorreram nas categorias prosa (conto, novela ou cr\u00f4nica), poesia, biografia e texto de tradi\u00e7\u00e3o oral (em prosa ou em verso). Em cada uma delas foram premiados dois autores.\u00a0<br \/> \u00a0<br \/> O MEC recebeu 133 contos, 61 novelas, 30 cr\u00f4nicas, 13 biografias, 29 textos de tradi\u00e7\u00e3o oral e 249 de poesia. O pr\u00eamio teve o patroc\u00ednio do Banco do Brasil e o apoio da Organiza\u00e7\u00e3o dos Estados Ibero-Americanos  para Educa\u00e7\u00e3o, Ci\u00eancia e Cultura (OEI).\u00a0<br \/> \u00a0<br \/> \u00a0<br \/> \u00a0<br \/> \u00a0<\/p>\n","protected":false},"excerpt":{"rendered":"<p>O Minist\u00e9rio da Educa\u00e7\u00e3o vai publicar os dez textos vencedores do 2\u00ba Concurso Literatura para Todos e distribu\u00ed-los a 1,5 milh\u00e3o de estudantes. A premia\u00e7\u00e3o ocorreu na quarta-feira, dia 10, na Semana de Educa\u00e7\u00e3o de Jovens e Adultos, em Natal. O pr\u00eamio \u00e9 promovido pelo Minist\u00e9rio da Educa\u00e7\u00e3o para estimular a produ\u00e7\u00e3o liter\u00e1ria destinada a [&hellip;]<\/p>\n","protected":false},"author":1,"featured_media":0,"comment_status":"closed","ping_status":"closed","sticky":false,"template":"","format":"standard","meta":{"footnotes":"","_links_to":"","_links_to_target":""},"categories":[9],"tags":[],"class_list":["post-2515","post","type-post","status-publish","format-standard","hentry","category-noticias-da-imprensa"],"yoast_head":"<!-- This site is optimized with the Yoast SEO plugin v15.1 - https:\/\/yoast.com\/wordpress\/plugins\/seo\/ -->\n<title>Literatura para 1,5 milh\u00e3o de alunos &raquo; Abrelivros<\/title>\n<meta name=\"robots\" content=\"index, follow, max-snippet:-1, max-image-preview:large, max-video-preview:-1\" \/>\n<link rel=\"canonical\" href=\"https:\/\/abrelivros.org.br\/site\/literatura-para-15-milhao-de-alunos\/\" \/>\n<meta property=\"og:locale\" content=\"pt_BR\" \/>\n<meta property=\"og:type\" content=\"article\" \/>\n<meta property=\"og:title\" content=\"Literatura para 1,5 milh\u00e3o de alunos &raquo; Abrelivros\" \/>\n<meta property=\"og:description\" content=\"O Minist\u00e9rio da Educa\u00e7\u00e3o vai publicar os dez textos vencedores do 2\u00ba Concurso Literatura para Todos e distribu\u00ed-los a 1,5 milh\u00e3o de estudantes. A premia\u00e7\u00e3o ocorreu na quarta-feira, dia 10, na Semana de Educa\u00e7\u00e3o de Jovens e Adultos, em Natal. O pr\u00eamio \u00e9 promovido pelo Minist\u00e9rio da Educa\u00e7\u00e3o para estimular a produ\u00e7\u00e3o liter\u00e1ria destinada a [&hellip;]\" \/>\n<meta property=\"og:url\" content=\"https:\/\/abrelivros.org.br\/site\/literatura-para-15-milhao-de-alunos\/\" \/>\n<meta property=\"og:site_name\" content=\"Abrelivros\" \/>\n<meta property=\"article:published_time\" content=\"2008-12-16T17:33:00+00:00\" \/>\n<meta name=\"twitter:card\" content=\"summary_large_image\" \/>\n<script type=\"application\/ld+json\" class=\"yoast-schema-graph\">{\"@context\":\"https:\/\/schema.org\",\"@graph\":[{\"@type\":\"WebSite\",\"@id\":\"https:\/\/abrelivros.org.br\/site\/#website\",\"url\":\"https:\/\/abrelivros.org.br\/site\/\",\"name\":\"Abrelivros\",\"description\":\"\",\"potentialAction\":[{\"@type\":\"SearchAction\",\"target\":\"https:\/\/abrelivros.org.br\/site\/?s={search_term_string}\",\"query-input\":\"required name=search_term_string\"}],\"inLanguage\":\"pt-BR\"},{\"@type\":\"WebPage\",\"@id\":\"https:\/\/abrelivros.org.br\/site\/literatura-para-15-milhao-de-alunos\/#webpage\",\"url\":\"https:\/\/abrelivros.org.br\/site\/literatura-para-15-milhao-de-alunos\/\",\"name\":\"Literatura para 1,5 milh\\u00e3o de alunos &raquo; Abrelivros\",\"isPartOf\":{\"@id\":\"https:\/\/abrelivros.org.br\/site\/#website\"},\"datePublished\":\"2008-12-16T17:33:00+00:00\",\"dateModified\":\"2008-12-16T17:33:00+00:00\",\"author\":{\"@id\":\"https:\/\/abrelivros.org.br\/site\/#\/schema\/person\/2b867f13a717bb230f1a3555505f5593\"},\"breadcrumb\":{\"@id\":\"https:\/\/abrelivros.org.br\/site\/literatura-para-15-milhao-de-alunos\/#breadcrumb\"},\"inLanguage\":\"pt-BR\",\"potentialAction\":[{\"@type\":\"ReadAction\",\"target\":[\"https:\/\/abrelivros.org.br\/site\/literatura-para-15-milhao-de-alunos\/\"]}]},{\"@type\":\"BreadcrumbList\",\"@id\":\"https:\/\/abrelivros.org.br\/site\/literatura-para-15-milhao-de-alunos\/#breadcrumb\",\"itemListElement\":[{\"@type\":\"ListItem\",\"position\":1,\"item\":{\"@type\":\"WebPage\",\"@id\":\"https:\/\/abrelivros.org.br\/site\/\",\"url\":\"https:\/\/abrelivros.org.br\/site\/\",\"name\":\"In\\u00edcio\"}},{\"@type\":\"ListItem\",\"position\":2,\"item\":{\"@type\":\"WebPage\",\"@id\":\"https:\/\/abrelivros.org.br\/site\/category\/noticias\/\",\"url\":\"https:\/\/abrelivros.org.br\/site\/category\/noticias\/\",\"name\":\"Not\\u00edcias\"}},{\"@type\":\"ListItem\",\"position\":3,\"item\":{\"@type\":\"WebPage\",\"@id\":\"https:\/\/abrelivros.org.br\/site\/category\/noticias\/noticias-da-imprensa\/\",\"url\":\"https:\/\/abrelivros.org.br\/site\/category\/noticias\/noticias-da-imprensa\/\",\"name\":\"Not\\u00edcias da imprensa\"}},{\"@type\":\"ListItem\",\"position\":4,\"item\":{\"@type\":\"WebPage\",\"@id\":\"https:\/\/abrelivros.org.br\/site\/literatura-para-15-milhao-de-alunos\/\",\"url\":\"https:\/\/abrelivros.org.br\/site\/literatura-para-15-milhao-de-alunos\/\",\"name\":\"Literatura para 1,5 milh\\u00e3o de alunos\"}}]},{\"@type\":\"Person\",\"@id\":\"https:\/\/abrelivros.org.br\/site\/#\/schema\/person\/2b867f13a717bb230f1a3555505f5593\",\"name\":\"\\u00a0\",\"image\":{\"@type\":\"ImageObject\",\"@id\":\"https:\/\/abrelivros.org.br\/site\/#personlogo\",\"inLanguage\":\"pt-BR\",\"url\":\"https:\/\/secure.gravatar.com\/avatar\/e80b7f5231be2fff5040a8023da424898002831c5439420df182ae62676d2a6f?s=96&d=mm&r=g\",\"caption\":\"\\u00a0\"}}]}<\/script>\n<!-- \/ Yoast SEO plugin. -->","_links":{"self":[{"href":"https:\/\/abrelivros.org.br\/site\/wp-json\/wp\/v2\/posts\/2515","targetHints":{"allow":["GET"]}}],"collection":[{"href":"https:\/\/abrelivros.org.br\/site\/wp-json\/wp\/v2\/posts"}],"about":[{"href":"https:\/\/abrelivros.org.br\/site\/wp-json\/wp\/v2\/types\/post"}],"author":[{"embeddable":true,"href":"https:\/\/abrelivros.org.br\/site\/wp-json\/wp\/v2\/users\/1"}],"replies":[{"embeddable":true,"href":"https:\/\/abrelivros.org.br\/site\/wp-json\/wp\/v2\/comments?post=2515"}],"version-history":[{"count":0,"href":"https:\/\/abrelivros.org.br\/site\/wp-json\/wp\/v2\/posts\/2515\/revisions"}],"wp:attachment":[{"href":"https:\/\/abrelivros.org.br\/site\/wp-json\/wp\/v2\/media?parent=2515"}],"wp:term":[{"taxonomy":"category","embeddable":true,"href":"https:\/\/abrelivros.org.br\/site\/wp-json\/wp\/v2\/categories?post=2515"},{"taxonomy":"post_tag","embeddable":true,"href":"https:\/\/abrelivros.org.br\/site\/wp-json\/wp\/v2\/tags?post=2515"}],"curies":[{"name":"wp","href":"https:\/\/api.w.org\/{rel}","templated":true}]}}