{"id":2512,"date":"2008-12-16T15:42:00","date_gmt":"2008-12-16T17:42:00","guid":{"rendered":"https:\/\/abrelivros.org.br\/site\/2008\/12\/16\/em-media-13-dos-livros-didaticos-da-rede-publica-sao-perdidos-a-cada-ano\/"},"modified":"2008-12-16T15:42:00","modified_gmt":"2008-12-16T17:42:00","slug":"em-media-13-dos-livros-didaticos-da-rede-publica-sao-perdidos-a-cada-ano","status":"publish","type":"post","link":"https:\/\/abrelivros.org.br\/site\/em-media-13-dos-livros-didaticos-da-rede-publica-sao-perdidos-a-cada-ano\/","title":{"rendered":"Em m\u00e9dia, 13% dos livros did\u00e1ticos da rede p\u00fablica s\u00e3o perdidos a cada ano"},"content":{"rendered":"<p>A cada fim de ano letivo, em m\u00e9dia 13% dos livros did\u00e1ticos n\u00e3o s\u00e3o devolvidos pelos alunos da rede p\u00fablica ou precisam ser aposentados em fun\u00e7\u00e3o do mau estado de conserva\u00e7\u00e3o.&nbsp;<br \/> &nbsp;<br \/> O c\u00e1lculo \u00e9 do Fundo Nacional de Desenvolvimento da Educa\u00e7\u00e3o (FNDE), que coordena o Programa Nacional do Livro Did\u00e1tico (PNLD). Cada publica\u00e7\u00e3o tem durabilidade prevista de tr\u00eas anos, mas cerca de 10% do or\u00e7amento anual do programa \u00e9 gasto com a reposi\u00e7\u00e3o de exemplares.&nbsp;<br \/> &nbsp;<br \/> \u201cCada escola determina o prazo para a devolu\u00e7\u00e3o, mas a gente sugere que seja at\u00e9 o final do ano letivo. Entretanto, at\u00e9 o in\u00edcio do pr\u00f3ximo ano, em fevereiro, os livros tamb\u00e9m podem ser devolvidos\u201d, explica a coordenadora do PNLD, S\u00f4nia Schwartz.&nbsp;<br \/> &nbsp;<br \/> Segundo ela, o FNDE mant\u00e9m campanhas permanentes com as escolas sobre a necessidade de se cuidar bem dos livros. \u201cA quest\u00e3o \u00e9 um pouco cultural tamb\u00e9m, as coisas do governo parecem que n\u00e3o t\u00eam dono. \u00c9 preciso criar essa cultura de que o livro n\u00e3o \u00e9 gratuito, mas pago com os impostos de todos n\u00f3s, inclusive dos pais dos alunos\u201d, destaca.&nbsp;<br \/> &nbsp;<br \/> Na Escola Classe 34 de Ceil\u00e2ndia, cidade-sat\u00e9lite de Bras\u00edlia, a diretora Giz\u00ealda de Andrade comemora a entrega de 92% dos 2,4 mil livros da escola, a uma semana do fim das aulas. Os livros recolhidos est\u00e3o em \u00f3timo estado e alguns sequer parecerem que foram usados. O bom resultado, na opini\u00e3o de Giz\u00ealda, deve-se ao projeto de est\u00edmulo \u00e0 leitura desenvolvido pela escola.&nbsp;<br \/> &nbsp;<br \/> \u201cIsso come\u00e7a cedo, desde a pr\u00e9-escola. Os alunos levam livros infantis para casa para serem lidos pelos pais e, como n\u00e3o sabem escrever, desenham para contar o que entenderam daquela hist\u00f3ria. A id\u00e9ia \u00e9 sensibiliz\u00e1-los sobre o manuseio do livro. Quando eles chegam \u00e0 1\u00aa s\u00e9rie j\u00e1 t\u00eam a no\u00e7\u00e3o do cuidado\u201d, conta a diretora. A leitura tem papel de destaque no projeto pedag\u00f3gico da escola, que este ano lan\u00e7ou dois livros de poesias com textos dos alunos.&nbsp;<br \/> &nbsp;<br \/> Os pais tamb\u00e9m assinam um termo de compromisso no in\u00edcio do ano. O documento n\u00e3o tem validade legal, mas a inten\u00e7\u00e3o \u00e9 estimular a no\u00e7\u00e3o de responsabilidade da fam\u00edlia pelo material. \u201cOs alunos pedem um livro novinho no in\u00edcio do ano, mas a gente diz que, para isso, ele precisa cuidar do livro dele tamb\u00e9m\u201d, diz Giz\u00ealda.&nbsp;<br \/> &nbsp;<br \/> Thomas Moraes e Daniel Neves, alunos da 4\u00aa s\u00e9rie, dizem que cuidam bem dos livros porque receberam as obras em bom estado e n\u00e3o acham justo devolv\u00ea-las rasgadas ou rabiscadas. \u201cAno que vem o meu irm\u00e3o vai para a 4\u00aa s\u00e9rie, j\u00e1 pensou se eu mesmo rasgo o livro e passo para o meu irm\u00e3o? N\u00e3o d\u00e1, por isso eu cuido como se fosse meu\u201d, explica Daniel.&nbsp;<br \/> &nbsp;<br \/> Tatiana Brito, professora da escola, acredita que os projetos de incentivo ajudam a formar leitores conscientes. \u201cEles aprendem n\u00e3o s\u00f3 a gostar de ler, mas a zelar pelos livros. V\u00e3o ser leitores mais competentes. A gente quer formar uma gera\u00e7\u00e3o com consci\u00eancia do que \u00e9 p\u00fablico\u201d, afirma.&nbsp;<br \/> &nbsp;<br \/> Segundo a coordenadora do Programa Nacional do Livro Did\u00e1tico, se o \u00edndice de obras n\u00e3o devolvidas em cada escola for maior do que 13%, podem faltar exemplares para atender a todos os alunos. \u201cO FNDE rep\u00f5e at\u00e9 esse \u00edndice, por isso \u00e9 preciso que as escolas fiquem em cima\u201d, orienta S\u00f4nia. Em 2009, o fundo vai distribuir 103 milh\u00f5es de livros did\u00e1tico para a rede p\u00fablica de ensino. As escolas que tiverem alguma d\u00favida sobre o processo de devolu\u00e7\u00e3o podem entrar em contato com o FNDE pelo telefone 0800 616161.  &nbsp;<br \/> &nbsp;<\/p>\n","protected":false},"excerpt":{"rendered":"<p>A cada fim de ano letivo, em m\u00e9dia 13% dos livros did\u00e1ticos n\u00e3o s\u00e3o devolvidos pelos alunos da rede p\u00fablica ou precisam ser aposentados em fun\u00e7\u00e3o do mau estado de conserva\u00e7\u00e3o.&nbsp; &nbsp; O c\u00e1lculo \u00e9 do Fundo Nacional de Desenvolvimento da Educa\u00e7\u00e3o (FNDE), que coordena o Programa Nacional do Livro Did\u00e1tico (PNLD). Cada publica\u00e7\u00e3o tem [&hellip;]<\/p>\n","protected":false},"author":1,"featured_media":0,"comment_status":"closed","ping_status":"closed","sticky":false,"template":"","format":"standard","meta":{"footnotes":"","_links_to":"","_links_to_target":""},"categories":[9],"tags":[],"class_list":["post-2512","post","type-post","status-publish","format-standard","hentry","category-noticias-da-imprensa"],"yoast_head":"<!-- This site is optimized with the Yoast SEO plugin v15.1 - https:\/\/yoast.com\/wordpress\/plugins\/seo\/ -->\n<title>Em m\u00e9dia, 13% dos livros did\u00e1ticos da rede p\u00fablica s\u00e3o perdidos a cada ano &raquo; Abrelivros<\/title>\n<meta name=\"robots\" content=\"index, follow, max-snippet:-1, max-image-preview:large, max-video-preview:-1\" \/>\n<link rel=\"canonical\" href=\"https:\/\/abrelivros.org.br\/site\/em-media-13-dos-livros-didaticos-da-rede-publica-sao-perdidos-a-cada-ano\/\" \/>\n<meta property=\"og:locale\" content=\"pt_BR\" \/>\n<meta property=\"og:type\" content=\"article\" \/>\n<meta property=\"og:title\" content=\"Em m\u00e9dia, 13% dos livros did\u00e1ticos da rede p\u00fablica s\u00e3o perdidos a cada ano &raquo; Abrelivros\" \/>\n<meta property=\"og:description\" content=\"A cada fim de ano letivo, em m\u00e9dia 13% dos livros did\u00e1ticos n\u00e3o s\u00e3o devolvidos pelos alunos da rede p\u00fablica ou precisam ser aposentados em fun\u00e7\u00e3o do mau estado de conserva\u00e7\u00e3o.&nbsp; &nbsp; O c\u00e1lculo \u00e9 do Fundo Nacional de Desenvolvimento da Educa\u00e7\u00e3o (FNDE), que coordena o Programa Nacional do Livro Did\u00e1tico (PNLD). Cada publica\u00e7\u00e3o tem [&hellip;]\" \/>\n<meta property=\"og:url\" content=\"https:\/\/abrelivros.org.br\/site\/em-media-13-dos-livros-didaticos-da-rede-publica-sao-perdidos-a-cada-ano\/\" \/>\n<meta property=\"og:site_name\" content=\"Abrelivros\" \/>\n<meta property=\"article:published_time\" content=\"2008-12-16T17:42:00+00:00\" \/>\n<meta name=\"twitter:card\" content=\"summary_large_image\" \/>\n<script type=\"application\/ld+json\" class=\"yoast-schema-graph\">{\"@context\":\"https:\/\/schema.org\",\"@graph\":[{\"@type\":\"WebSite\",\"@id\":\"https:\/\/abrelivros.org.br\/site\/#website\",\"url\":\"https:\/\/abrelivros.org.br\/site\/\",\"name\":\"Abrelivros\",\"description\":\"\",\"potentialAction\":[{\"@type\":\"SearchAction\",\"target\":\"https:\/\/abrelivros.org.br\/site\/?s={search_term_string}\",\"query-input\":\"required name=search_term_string\"}],\"inLanguage\":\"pt-BR\"},{\"@type\":\"WebPage\",\"@id\":\"https:\/\/abrelivros.org.br\/site\/em-media-13-dos-livros-didaticos-da-rede-publica-sao-perdidos-a-cada-ano\/#webpage\",\"url\":\"https:\/\/abrelivros.org.br\/site\/em-media-13-dos-livros-didaticos-da-rede-publica-sao-perdidos-a-cada-ano\/\",\"name\":\"Em m\\u00e9dia, 13% dos livros did\\u00e1ticos da rede p\\u00fablica s\\u00e3o perdidos a cada ano &raquo; Abrelivros\",\"isPartOf\":{\"@id\":\"https:\/\/abrelivros.org.br\/site\/#website\"},\"datePublished\":\"2008-12-16T17:42:00+00:00\",\"dateModified\":\"2008-12-16T17:42:00+00:00\",\"author\":{\"@id\":\"https:\/\/abrelivros.org.br\/site\/#\/schema\/person\/2b867f13a717bb230f1a3555505f5593\"},\"breadcrumb\":{\"@id\":\"https:\/\/abrelivros.org.br\/site\/em-media-13-dos-livros-didaticos-da-rede-publica-sao-perdidos-a-cada-ano\/#breadcrumb\"},\"inLanguage\":\"pt-BR\",\"potentialAction\":[{\"@type\":\"ReadAction\",\"target\":[\"https:\/\/abrelivros.org.br\/site\/em-media-13-dos-livros-didaticos-da-rede-publica-sao-perdidos-a-cada-ano\/\"]}]},{\"@type\":\"BreadcrumbList\",\"@id\":\"https:\/\/abrelivros.org.br\/site\/em-media-13-dos-livros-didaticos-da-rede-publica-sao-perdidos-a-cada-ano\/#breadcrumb\",\"itemListElement\":[{\"@type\":\"ListItem\",\"position\":1,\"item\":{\"@type\":\"WebPage\",\"@id\":\"https:\/\/abrelivros.org.br\/site\/\",\"url\":\"https:\/\/abrelivros.org.br\/site\/\",\"name\":\"In\\u00edcio\"}},{\"@type\":\"ListItem\",\"position\":2,\"item\":{\"@type\":\"WebPage\",\"@id\":\"https:\/\/abrelivros.org.br\/site\/category\/noticias\/\",\"url\":\"https:\/\/abrelivros.org.br\/site\/category\/noticias\/\",\"name\":\"Not\\u00edcias\"}},{\"@type\":\"ListItem\",\"position\":3,\"item\":{\"@type\":\"WebPage\",\"@id\":\"https:\/\/abrelivros.org.br\/site\/category\/noticias\/noticias-da-imprensa\/\",\"url\":\"https:\/\/abrelivros.org.br\/site\/category\/noticias\/noticias-da-imprensa\/\",\"name\":\"Not\\u00edcias da imprensa\"}},{\"@type\":\"ListItem\",\"position\":4,\"item\":{\"@type\":\"WebPage\",\"@id\":\"https:\/\/abrelivros.org.br\/site\/em-media-13-dos-livros-didaticos-da-rede-publica-sao-perdidos-a-cada-ano\/\",\"url\":\"https:\/\/abrelivros.org.br\/site\/em-media-13-dos-livros-didaticos-da-rede-publica-sao-perdidos-a-cada-ano\/\",\"name\":\"Em m\\u00e9dia, 13% dos livros did\\u00e1ticos da rede p\\u00fablica s\\u00e3o perdidos a cada ano\"}}]},{\"@type\":\"Person\",\"@id\":\"https:\/\/abrelivros.org.br\/site\/#\/schema\/person\/2b867f13a717bb230f1a3555505f5593\",\"name\":\"\\u00a0\",\"image\":{\"@type\":\"ImageObject\",\"@id\":\"https:\/\/abrelivros.org.br\/site\/#personlogo\",\"inLanguage\":\"pt-BR\",\"url\":\"https:\/\/secure.gravatar.com\/avatar\/e80b7f5231be2fff5040a8023da424898002831c5439420df182ae62676d2a6f?s=96&d=mm&r=g\",\"caption\":\"\\u00a0\"}}]}<\/script>\n<!-- \/ Yoast SEO plugin. -->","_links":{"self":[{"href":"https:\/\/abrelivros.org.br\/site\/wp-json\/wp\/v2\/posts\/2512","targetHints":{"allow":["GET"]}}],"collection":[{"href":"https:\/\/abrelivros.org.br\/site\/wp-json\/wp\/v2\/posts"}],"about":[{"href":"https:\/\/abrelivros.org.br\/site\/wp-json\/wp\/v2\/types\/post"}],"author":[{"embeddable":true,"href":"https:\/\/abrelivros.org.br\/site\/wp-json\/wp\/v2\/users\/1"}],"replies":[{"embeddable":true,"href":"https:\/\/abrelivros.org.br\/site\/wp-json\/wp\/v2\/comments?post=2512"}],"version-history":[{"count":0,"href":"https:\/\/abrelivros.org.br\/site\/wp-json\/wp\/v2\/posts\/2512\/revisions"}],"wp:attachment":[{"href":"https:\/\/abrelivros.org.br\/site\/wp-json\/wp\/v2\/media?parent=2512"}],"wp:term":[{"taxonomy":"category","embeddable":true,"href":"https:\/\/abrelivros.org.br\/site\/wp-json\/wp\/v2\/categories?post=2512"},{"taxonomy":"post_tag","embeddable":true,"href":"https:\/\/abrelivros.org.br\/site\/wp-json\/wp\/v2\/tags?post=2512"}],"curies":[{"name":"wp","href":"https:\/\/api.w.org\/{rel}","templated":true}]}}