{"id":2511,"date":"2008-12-17T10:26:00","date_gmt":"2008-12-17T12:26:00","guid":{"rendered":"https:\/\/abrelivros.org.br\/site\/2008\/12\/17\/ensino-medio-sera-reestruturado\/"},"modified":"2008-12-17T10:26:00","modified_gmt":"2008-12-17T12:26:00","slug":"ensino-medio-sera-reestruturado","status":"publish","type":"post","link":"https:\/\/abrelivros.org.br\/site\/ensino-medio-sera-reestruturado\/","title":{"rendered":"Ensino m\u00e9dio ser\u00e1 reestruturado"},"content":{"rendered":"<p>O ensino m\u00e9dio brasileiro ser\u00e1 reformulado. Novo curr\u00edculo e modelo pedag\u00f3gico, aliado \u00e0 expans\u00e3o das matr\u00edculas, permitir\u00e1 a oferta de uma educa\u00e7\u00e3o atrativa e de qualidade a todos os jovens. O Programa Ensino M\u00e9dio Nacional, nova a\u00e7\u00e3o do Plano de Desenvolvimento da Educa\u00e7\u00e3o (PDE), pretende unir as a\u00e7\u00f5es do Brasil Profissionalizado \u2013 que incentiva a expans\u00e3o de matr\u00edculas no ensino m\u00e9dio integrado nas redes p\u00fablicas estaduais \u2013 e do Plano de A\u00e7\u00f5es Articuladas (PAR), por meio do regime de colabora\u00e7\u00e3o.\u00a0<br \/> \u00a0<br \/> O grupo de trabalho composto por t\u00e9cnicos do Minist\u00e9rio da Educa\u00e7\u00e3o e da Secretaria de Assuntos Estrat\u00e9gicos da Presid\u00eancia da Rep\u00fablica apresentou nesta ter\u00e7a-feira, 16, um estudo sobre a reestrutura\u00e7\u00e3o e expans\u00e3o do ensino m\u00e9dio no Brasil. O documento, a ser debatido pela sociedade, mostra uma concep\u00e7\u00e3o inovadora do ensino m\u00e9dio: a forma\u00e7\u00e3o integral do estudante, estruturada na ci\u00eancia, cultura e trabalho.\u00a0<br \/> \u00a0<br \/> \u201cO ensino m\u00e9dio brasileiro vive um momento n\u00e3o de renascimento, mas de nascimento\u201d, disse o ministro da Educa\u00e7\u00e3o, Fernando Haddad. Segundo ele, a expans\u00e3o da rede federal de escolas que ofere\u00e7am essa etapa educacional, o apoio \u00e0 reestrutura\u00e7\u00e3o impetrado pelo Brasil Profissionalizado e a reforma no Sistema S v\u00e3o possibilitar a constru\u00e7\u00e3o de um ensino m\u00e9dio mais diverso e mais aderente, que d\u00ea aos jovens perspectivas de desenvolvimento intelectual e humano.\u00a0<br \/> \u00a0<br \/> O estudo feito pelo grupo de trabalho aponta uma pol\u00edtica de m\u00e9dio e longo prazo para consolidar o ensino m\u00e9dio de qualidade no Brasil, que atenda \u00e0 diversidade e aos anseios da juventude e da popula\u00e7\u00e3o adulta que volta \u00e0 escola, al\u00e9m de preparar para o mercado de trabalho. As a\u00e7\u00f5es ser\u00e3o baseadas na supera\u00e7\u00e3o do dualismo entre o ensino regular e o profissional e na expans\u00e3o da oferta de matr\u00edculas. De acordo com o documento, mais de 50% dos jovens de 15 a 17 anos n\u00e3o est\u00e3o matriculados no ensino m\u00e9dio. \u00a0<br \/> \u00a0<br \/> Outros princ\u00edpios dispostos no estudo se referem \u00e0 obrigatoriedade do ensino m\u00e9dio e ao aumento no valor investido por aluno por ano. \u201cN\u00e3o h\u00e1 como universalizar o ensino m\u00e9dio com qualidade investindo menos do que R$ 2 mil por aluno por ano\u201d, ressaltou Haddad. Hoje, esse investimento \u00e9 de R$ 1,4 mil aluno\/ano.\u00a0<br \/> \u00a0<br \/><B> Ifets <\/B>\u2013 O ministro da Secretaria de Assuntos Estrat\u00e9gicos, Mangabeira Unger, destacou que o novo ensino m\u00e9dio come\u00e7a com os institutos federais de educa\u00e7\u00e3o, ci\u00eancia e tecnologia (Ifets), que j\u00e1 nascem com uma oferta de ensino m\u00e9dio diferenciada, aliada \u00e0 educa\u00e7\u00e3o profissional. \u201cOs Ifets representam uma revolu\u00e7\u00e3o de ideais e pr\u00e1ticas na maneira de ensinar e aprender\u201d, acredita. A lei que cria os institutos foi aprovada na C\u00e2mara e no Senado e aguarda a san\u00e7\u00e3o presidencial.\u00a0<br \/> \u00a0<br \/> O segundo momento da reestrutura\u00e7\u00e3o do ensino m\u00e9dio, segundo Unger, \u00e9 o engajamento com estados. Isso porque a maioria das escolas que oferecem ensino m\u00e9dio \u00e9 estadual. \u201c\u00c9 necess\u00e1rio transformar as escolas e capacitar os professores, da\u00ed a import\u00e2ncia do regime de colabora\u00e7\u00e3o.\u201d \u00a0<br \/> \u00a0<br \/> \u00a0<\/p>\n","protected":false},"excerpt":{"rendered":"<p>O ensino m\u00e9dio brasileiro ser\u00e1 reformulado. Novo curr\u00edculo e modelo pedag\u00f3gico, aliado \u00e0 expans\u00e3o das matr\u00edculas, permitir\u00e1 a oferta de uma educa\u00e7\u00e3o atrativa e de qualidade a todos os jovens. O Programa Ensino M\u00e9dio Nacional, nova a\u00e7\u00e3o do Plano de Desenvolvimento da Educa\u00e7\u00e3o (PDE), pretende unir as a\u00e7\u00f5es do Brasil Profissionalizado \u2013 que incentiva a [&hellip;]<\/p>\n","protected":false},"author":1,"featured_media":0,"comment_status":"closed","ping_status":"closed","sticky":false,"template":"","format":"standard","meta":{"footnotes":"","_links_to":"","_links_to_target":""},"categories":[9],"tags":[],"class_list":["post-2511","post","type-post","status-publish","format-standard","hentry","category-noticias-da-imprensa"],"yoast_head":"<!-- This site is optimized with the Yoast SEO plugin v15.1 - https:\/\/yoast.com\/wordpress\/plugins\/seo\/ -->\n<title>Ensino m\u00e9dio ser\u00e1 reestruturado &raquo; Abrelivros<\/title>\n<meta name=\"robots\" content=\"index, follow, max-snippet:-1, max-image-preview:large, max-video-preview:-1\" \/>\n<link rel=\"canonical\" href=\"https:\/\/abrelivros.org.br\/site\/ensino-medio-sera-reestruturado\/\" \/>\n<meta property=\"og:locale\" content=\"pt_BR\" \/>\n<meta property=\"og:type\" content=\"article\" \/>\n<meta property=\"og:title\" content=\"Ensino m\u00e9dio ser\u00e1 reestruturado &raquo; Abrelivros\" \/>\n<meta property=\"og:description\" content=\"O ensino m\u00e9dio brasileiro ser\u00e1 reformulado. Novo curr\u00edculo e modelo pedag\u00f3gico, aliado \u00e0 expans\u00e3o das matr\u00edculas, permitir\u00e1 a oferta de uma educa\u00e7\u00e3o atrativa e de qualidade a todos os jovens. O Programa Ensino M\u00e9dio Nacional, nova a\u00e7\u00e3o do Plano de Desenvolvimento da Educa\u00e7\u00e3o (PDE), pretende unir as a\u00e7\u00f5es do Brasil Profissionalizado \u2013 que incentiva a [&hellip;]\" \/>\n<meta property=\"og:url\" content=\"https:\/\/abrelivros.org.br\/site\/ensino-medio-sera-reestruturado\/\" \/>\n<meta property=\"og:site_name\" content=\"Abrelivros\" \/>\n<meta property=\"article:published_time\" content=\"2008-12-17T12:26:00+00:00\" \/>\n<meta name=\"twitter:card\" content=\"summary_large_image\" \/>\n<script type=\"application\/ld+json\" class=\"yoast-schema-graph\">{\"@context\":\"https:\/\/schema.org\",\"@graph\":[{\"@type\":\"WebSite\",\"@id\":\"https:\/\/abrelivros.org.br\/site\/#website\",\"url\":\"https:\/\/abrelivros.org.br\/site\/\",\"name\":\"Abrelivros\",\"description\":\"\",\"potentialAction\":[{\"@type\":\"SearchAction\",\"target\":\"https:\/\/abrelivros.org.br\/site\/?s={search_term_string}\",\"query-input\":\"required name=search_term_string\"}],\"inLanguage\":\"pt-BR\"},{\"@type\":\"WebPage\",\"@id\":\"https:\/\/abrelivros.org.br\/site\/ensino-medio-sera-reestruturado\/#webpage\",\"url\":\"https:\/\/abrelivros.org.br\/site\/ensino-medio-sera-reestruturado\/\",\"name\":\"Ensino m\\u00e9dio ser\\u00e1 reestruturado &raquo; Abrelivros\",\"isPartOf\":{\"@id\":\"https:\/\/abrelivros.org.br\/site\/#website\"},\"datePublished\":\"2008-12-17T12:26:00+00:00\",\"dateModified\":\"2008-12-17T12:26:00+00:00\",\"author\":{\"@id\":\"https:\/\/abrelivros.org.br\/site\/#\/schema\/person\/2b867f13a717bb230f1a3555505f5593\"},\"breadcrumb\":{\"@id\":\"https:\/\/abrelivros.org.br\/site\/ensino-medio-sera-reestruturado\/#breadcrumb\"},\"inLanguage\":\"pt-BR\",\"potentialAction\":[{\"@type\":\"ReadAction\",\"target\":[\"https:\/\/abrelivros.org.br\/site\/ensino-medio-sera-reestruturado\/\"]}]},{\"@type\":\"BreadcrumbList\",\"@id\":\"https:\/\/abrelivros.org.br\/site\/ensino-medio-sera-reestruturado\/#breadcrumb\",\"itemListElement\":[{\"@type\":\"ListItem\",\"position\":1,\"item\":{\"@type\":\"WebPage\",\"@id\":\"https:\/\/abrelivros.org.br\/site\/\",\"url\":\"https:\/\/abrelivros.org.br\/site\/\",\"name\":\"In\\u00edcio\"}},{\"@type\":\"ListItem\",\"position\":2,\"item\":{\"@type\":\"WebPage\",\"@id\":\"https:\/\/abrelivros.org.br\/site\/category\/noticias\/\",\"url\":\"https:\/\/abrelivros.org.br\/site\/category\/noticias\/\",\"name\":\"Not\\u00edcias\"}},{\"@type\":\"ListItem\",\"position\":3,\"item\":{\"@type\":\"WebPage\",\"@id\":\"https:\/\/abrelivros.org.br\/site\/category\/noticias\/noticias-da-imprensa\/\",\"url\":\"https:\/\/abrelivros.org.br\/site\/category\/noticias\/noticias-da-imprensa\/\",\"name\":\"Not\\u00edcias da imprensa\"}},{\"@type\":\"ListItem\",\"position\":4,\"item\":{\"@type\":\"WebPage\",\"@id\":\"https:\/\/abrelivros.org.br\/site\/ensino-medio-sera-reestruturado\/\",\"url\":\"https:\/\/abrelivros.org.br\/site\/ensino-medio-sera-reestruturado\/\",\"name\":\"Ensino m\\u00e9dio ser\\u00e1 reestruturado\"}}]},{\"@type\":\"Person\",\"@id\":\"https:\/\/abrelivros.org.br\/site\/#\/schema\/person\/2b867f13a717bb230f1a3555505f5593\",\"name\":\"\\u00a0\",\"image\":{\"@type\":\"ImageObject\",\"@id\":\"https:\/\/abrelivros.org.br\/site\/#personlogo\",\"inLanguage\":\"pt-BR\",\"url\":\"https:\/\/secure.gravatar.com\/avatar\/e80b7f5231be2fff5040a8023da424898002831c5439420df182ae62676d2a6f?s=96&d=mm&r=g\",\"caption\":\"\\u00a0\"}}]}<\/script>\n<!-- \/ Yoast SEO plugin. -->","_links":{"self":[{"href":"https:\/\/abrelivros.org.br\/site\/wp-json\/wp\/v2\/posts\/2511","targetHints":{"allow":["GET"]}}],"collection":[{"href":"https:\/\/abrelivros.org.br\/site\/wp-json\/wp\/v2\/posts"}],"about":[{"href":"https:\/\/abrelivros.org.br\/site\/wp-json\/wp\/v2\/types\/post"}],"author":[{"embeddable":true,"href":"https:\/\/abrelivros.org.br\/site\/wp-json\/wp\/v2\/users\/1"}],"replies":[{"embeddable":true,"href":"https:\/\/abrelivros.org.br\/site\/wp-json\/wp\/v2\/comments?post=2511"}],"version-history":[{"count":0,"href":"https:\/\/abrelivros.org.br\/site\/wp-json\/wp\/v2\/posts\/2511\/revisions"}],"wp:attachment":[{"href":"https:\/\/abrelivros.org.br\/site\/wp-json\/wp\/v2\/media?parent=2511"}],"wp:term":[{"taxonomy":"category","embeddable":true,"href":"https:\/\/abrelivros.org.br\/site\/wp-json\/wp\/v2\/categories?post=2511"},{"taxonomy":"post_tag","embeddable":true,"href":"https:\/\/abrelivros.org.br\/site\/wp-json\/wp\/v2\/tags?post=2511"}],"curies":[{"name":"wp","href":"https:\/\/api.w.org\/{rel}","templated":true}]}}