{"id":2510,"date":"2008-12-19T15:18:00","date_gmt":"2008-12-19T17:18:00","guid":{"rendered":"https:\/\/abrelivros.org.br\/site\/2008\/12\/19\/mec-vai-comprar-livro-didatico-de-ingles-e-espanhol-em-2010\/"},"modified":"2008-12-19T15:18:00","modified_gmt":"2008-12-19T17:18:00","slug":"mec-vai-comprar-livro-didatico-de-ingles-e-espanhol-em-2010","status":"publish","type":"post","link":"https:\/\/abrelivros.org.br\/site\/mec-vai-comprar-livro-didatico-de-ingles-e-espanhol-em-2010\/","title":{"rendered":"MEC vai comprar livro did\u00e1tico de ingl\u00eas e espanhol em 2010"},"content":{"rendered":"<p>A partir de 2011, os alunos da rede p\u00fablica dos anos finais do ensino fundamental (6\u00ba ao 9\u00ba ano) receber\u00e3o livros did\u00e1ticos de l\u00edngua estrangeira (ingl\u00eas e espanhol). A pr\u00e9-inscri\u00e7\u00e3o das cole\u00e7\u00f5es e o cadastramento dos titulares de direito autoral junto ao Fundo Nacional de Desenvolvimento da Educa\u00e7\u00e3o (FNDE), respons\u00e1vel pela compra das obras, vai de 12 de janeiro a 27 de mar\u00e7o de 2009.<\/p>\n<p> \u201c\u00c9 a primeira vez que vamos enviar livros de l\u00edngua estrangeira para os alunos. J\u00e1 distribu\u00edmos, anteriormente, livros de suporte para que os professores do ensino m\u00e9dio melhorassem o processo de aprendizagem em sala de aula, mas agora distribuiremos para todos os estudantes dos anos finais do ensino fundamental e deveremos ampliar o atendimento para o ensino m\u00e9dio em 2012\u201d , afirma S\u00f4nia Schwartz, coordenadora geral dos programas do livro do FNDE. \u00a0<\/p>\n<p><B> Pron\u00fancia<\/B> \u2013 Cada obra de l\u00edngua estrangeira ser\u00e1 acompanhada de um CD: \u201cEle \u00e9 essencial para ensinar a pron\u00fancia do ingl\u00eas ou do espanhol\u201d, afirma S\u00f4nia. Segundo ela, diversamente dos outros componentes curriculares, em que os livros devem ser utilizados por tr\u00eas anos consecutivos, os exemplares de l\u00edngua estrangeira ser\u00e3o consum\u00edveis: \u201cO aluno vai poder escrever nele, j\u00e1 que ser\u00e1 para seu uso exclusivo.\u201d \u00a0<br \/> \u00a0<br \/> O <a href=\"ftp:\/\/ftp.fnde.gov.br\/web\/livro_didatico\/edital_pnld_2011.pdf\" target=\"_blank\" rel=\"noopener noreferrer\">edital<\/a> do PNLD 2011 j\u00e1 est\u00e1 dispon\u00edvel no s\u00edtio eletr\u00f4nico do FNDE. O prazo para a entrega das cole\u00e7\u00f5es, que abrangem livros de ci\u00eancias, hist\u00f3ria, geografia, portugu\u00eas e matem\u00e1tica, vai de 13 a 17 de abril de 2009. Depois disso, as obras ser\u00e3o avaliadas quanto \u00e0s especifica\u00e7\u00f5es t\u00e9cnicas e de conte\u00fado. Em 2010, vir\u00e1 a fase da escolha, em que diretores e professores selecionam os livros mais adaptados ao curr\u00edculo da escola. \u00a0<br \/> \u00a0<br \/><B> Amplitude <\/B>\u2013 Atualmente, os programas do livro did\u00e1tico beneficiam 31 milh\u00f5es de estudantes do ensino fundamental e 7 milh\u00f5es do ensino m\u00e9dio. Em 2008, o FNDE adquiriu 103 milh\u00f5es de exemplares para distribu\u00ed-los a alunos da rede p\u00fablica de todo o pa\u00eds, com investimento de R$ 719 milh\u00f5es para a compra dos livros, sem contar o valor pago aos Correios para sua distribui\u00e7\u00e3o. A entrega dos exemplares nas escolas come\u00e7ou em outubro e deve terminar at\u00e9 o fim de janeiro pr\u00f3ximo. \u00a0<\/p>\n","protected":false},"excerpt":{"rendered":"<p>A partir de 2011, os alunos da rede p\u00fablica dos anos finais do ensino fundamental (6\u00ba ao 9\u00ba ano) receber\u00e3o livros did\u00e1ticos de l\u00edngua estrangeira (ingl\u00eas e espanhol). A pr\u00e9-inscri\u00e7\u00e3o das cole\u00e7\u00f5es e o cadastramento dos titulares de direito autoral junto ao Fundo Nacional de Desenvolvimento da Educa\u00e7\u00e3o (FNDE), respons\u00e1vel pela compra das obras, vai [&hellip;]<\/p>\n","protected":false},"author":1,"featured_media":0,"comment_status":"closed","ping_status":"closed","sticky":false,"template":"","format":"standard","meta":{"footnotes":"","_links_to":"","_links_to_target":""},"categories":[9],"tags":[],"class_list":["post-2510","post","type-post","status-publish","format-standard","hentry","category-noticias-da-imprensa"],"yoast_head":"<!-- This site is optimized with the Yoast SEO plugin v15.1 - https:\/\/yoast.com\/wordpress\/plugins\/seo\/ -->\n<title>MEC vai comprar livro did\u00e1tico de ingl\u00eas e espanhol em 2010 &raquo; Abrelivros<\/title>\n<meta name=\"robots\" content=\"index, follow, max-snippet:-1, max-image-preview:large, max-video-preview:-1\" \/>\n<link rel=\"canonical\" href=\"https:\/\/abrelivros.org.br\/site\/mec-vai-comprar-livro-didatico-de-ingles-e-espanhol-em-2010\/\" \/>\n<meta property=\"og:locale\" content=\"pt_BR\" \/>\n<meta property=\"og:type\" content=\"article\" \/>\n<meta property=\"og:title\" content=\"MEC vai comprar livro did\u00e1tico de ingl\u00eas e espanhol em 2010 &raquo; Abrelivros\" \/>\n<meta property=\"og:description\" content=\"A partir de 2011, os alunos da rede p\u00fablica dos anos finais do ensino fundamental (6\u00ba ao 9\u00ba ano) receber\u00e3o livros did\u00e1ticos de l\u00edngua estrangeira (ingl\u00eas e espanhol). A pr\u00e9-inscri\u00e7\u00e3o das cole\u00e7\u00f5es e o cadastramento dos titulares de direito autoral junto ao Fundo Nacional de Desenvolvimento da Educa\u00e7\u00e3o (FNDE), respons\u00e1vel pela compra das obras, vai [&hellip;]\" \/>\n<meta property=\"og:url\" content=\"https:\/\/abrelivros.org.br\/site\/mec-vai-comprar-livro-didatico-de-ingles-e-espanhol-em-2010\/\" \/>\n<meta property=\"og:site_name\" content=\"Abrelivros\" \/>\n<meta property=\"article:published_time\" content=\"2008-12-19T17:18:00+00:00\" \/>\n<meta name=\"twitter:card\" content=\"summary_large_image\" \/>\n<script type=\"application\/ld+json\" class=\"yoast-schema-graph\">{\"@context\":\"https:\/\/schema.org\",\"@graph\":[{\"@type\":\"WebSite\",\"@id\":\"https:\/\/abrelivros.org.br\/site\/#website\",\"url\":\"https:\/\/abrelivros.org.br\/site\/\",\"name\":\"Abrelivros\",\"description\":\"\",\"potentialAction\":[{\"@type\":\"SearchAction\",\"target\":\"https:\/\/abrelivros.org.br\/site\/?s={search_term_string}\",\"query-input\":\"required name=search_term_string\"}],\"inLanguage\":\"pt-BR\"},{\"@type\":\"WebPage\",\"@id\":\"https:\/\/abrelivros.org.br\/site\/mec-vai-comprar-livro-didatico-de-ingles-e-espanhol-em-2010\/#webpage\",\"url\":\"https:\/\/abrelivros.org.br\/site\/mec-vai-comprar-livro-didatico-de-ingles-e-espanhol-em-2010\/\",\"name\":\"MEC vai comprar livro did\\u00e1tico de ingl\\u00eas e espanhol em 2010 &raquo; Abrelivros\",\"isPartOf\":{\"@id\":\"https:\/\/abrelivros.org.br\/site\/#website\"},\"datePublished\":\"2008-12-19T17:18:00+00:00\",\"dateModified\":\"2008-12-19T17:18:00+00:00\",\"author\":{\"@id\":\"https:\/\/abrelivros.org.br\/site\/#\/schema\/person\/2b867f13a717bb230f1a3555505f5593\"},\"breadcrumb\":{\"@id\":\"https:\/\/abrelivros.org.br\/site\/mec-vai-comprar-livro-didatico-de-ingles-e-espanhol-em-2010\/#breadcrumb\"},\"inLanguage\":\"pt-BR\",\"potentialAction\":[{\"@type\":\"ReadAction\",\"target\":[\"https:\/\/abrelivros.org.br\/site\/mec-vai-comprar-livro-didatico-de-ingles-e-espanhol-em-2010\/\"]}]},{\"@type\":\"BreadcrumbList\",\"@id\":\"https:\/\/abrelivros.org.br\/site\/mec-vai-comprar-livro-didatico-de-ingles-e-espanhol-em-2010\/#breadcrumb\",\"itemListElement\":[{\"@type\":\"ListItem\",\"position\":1,\"item\":{\"@type\":\"WebPage\",\"@id\":\"https:\/\/abrelivros.org.br\/site\/\",\"url\":\"https:\/\/abrelivros.org.br\/site\/\",\"name\":\"In\\u00edcio\"}},{\"@type\":\"ListItem\",\"position\":2,\"item\":{\"@type\":\"WebPage\",\"@id\":\"https:\/\/abrelivros.org.br\/site\/category\/noticias\/\",\"url\":\"https:\/\/abrelivros.org.br\/site\/category\/noticias\/\",\"name\":\"Not\\u00edcias\"}},{\"@type\":\"ListItem\",\"position\":3,\"item\":{\"@type\":\"WebPage\",\"@id\":\"https:\/\/abrelivros.org.br\/site\/category\/noticias\/noticias-da-imprensa\/\",\"url\":\"https:\/\/abrelivros.org.br\/site\/category\/noticias\/noticias-da-imprensa\/\",\"name\":\"Not\\u00edcias da imprensa\"}},{\"@type\":\"ListItem\",\"position\":4,\"item\":{\"@type\":\"WebPage\",\"@id\":\"https:\/\/abrelivros.org.br\/site\/mec-vai-comprar-livro-didatico-de-ingles-e-espanhol-em-2010\/\",\"url\":\"https:\/\/abrelivros.org.br\/site\/mec-vai-comprar-livro-didatico-de-ingles-e-espanhol-em-2010\/\",\"name\":\"MEC vai comprar livro did\\u00e1tico de ingl\\u00eas e espanhol em 2010\"}}]},{\"@type\":\"Person\",\"@id\":\"https:\/\/abrelivros.org.br\/site\/#\/schema\/person\/2b867f13a717bb230f1a3555505f5593\",\"name\":\"\\u00a0\",\"image\":{\"@type\":\"ImageObject\",\"@id\":\"https:\/\/abrelivros.org.br\/site\/#personlogo\",\"inLanguage\":\"pt-BR\",\"url\":\"https:\/\/secure.gravatar.com\/avatar\/e80b7f5231be2fff5040a8023da424898002831c5439420df182ae62676d2a6f?s=96&d=mm&r=g\",\"caption\":\"\\u00a0\"}}]}<\/script>\n<!-- \/ Yoast SEO plugin. -->","_links":{"self":[{"href":"https:\/\/abrelivros.org.br\/site\/wp-json\/wp\/v2\/posts\/2510","targetHints":{"allow":["GET"]}}],"collection":[{"href":"https:\/\/abrelivros.org.br\/site\/wp-json\/wp\/v2\/posts"}],"about":[{"href":"https:\/\/abrelivros.org.br\/site\/wp-json\/wp\/v2\/types\/post"}],"author":[{"embeddable":true,"href":"https:\/\/abrelivros.org.br\/site\/wp-json\/wp\/v2\/users\/1"}],"replies":[{"embeddable":true,"href":"https:\/\/abrelivros.org.br\/site\/wp-json\/wp\/v2\/comments?post=2510"}],"version-history":[{"count":0,"href":"https:\/\/abrelivros.org.br\/site\/wp-json\/wp\/v2\/posts\/2510\/revisions"}],"wp:attachment":[{"href":"https:\/\/abrelivros.org.br\/site\/wp-json\/wp\/v2\/media?parent=2510"}],"wp:term":[{"taxonomy":"category","embeddable":true,"href":"https:\/\/abrelivros.org.br\/site\/wp-json\/wp\/v2\/categories?post=2510"},{"taxonomy":"post_tag","embeddable":true,"href":"https:\/\/abrelivros.org.br\/site\/wp-json\/wp\/v2\/tags?post=2510"}],"curies":[{"name":"wp","href":"https:\/\/api.w.org\/{rel}","templated":true}]}}