{"id":2509,"date":"2009-01-06T14:32:00","date_gmt":"2009-01-06T16:32:00","guid":{"rendered":"https:\/\/abrelivros.org.br\/site\/2009\/01\/06\/nova-ortografia-da-lingua-portuguesa-entra-em-vigor-em-2009-2\/"},"modified":"2009-01-06T14:32:00","modified_gmt":"2009-01-06T16:32:00","slug":"nova-ortografia-da-lingua-portuguesa-entra-em-vigor-em-2009-2","status":"publish","type":"post","link":"https:\/\/abrelivros.org.br\/site\/nova-ortografia-da-lingua-portuguesa-entra-em-vigor-em-2009-2\/","title":{"rendered":"Nova ortografia da l\u00edngua portuguesa entra em vigor em 2009"},"content":{"rendered":"<p>Passados 18 anos de sua elabora\u00e7\u00e3o, o Acordo Ortogr\u00e1fico da L\u00edngua Portuguesa promete finalmente sair do papel. Ou melhor: entrar de vez no papel. O Brasil ser\u00e1 o primeiro pa\u00eds entre os que integram a CPLP (Comunidade de Pa\u00edses de L\u00edngua Portuguesa) a adotar oficialmente a nova grafia, j\u00e1 a partir do ano que vem. \u00a0<br \/> \u00a0<br \/> As regras ortogr\u00e1ficas que constam no acordo ser\u00e3o obrigat\u00f3rias inicialmente em documentos dos governos. Nas escolas, o prazo ser\u00e1 maior, devido ao cronograma de compras de livros did\u00e1ticos pelo Minist\u00e9rio da Educa\u00e7\u00e3o. \u00a0<br \/> \u00a0<br \/> As mudan\u00e7as mais significativas alteram a acentua\u00e7\u00e3o de algumas palavras, extingue o uso do trema e sistematiza a utiliza\u00e7\u00e3o do h\u00edfen. No Brasil, as altera\u00e7\u00f5es atingem aproximadamente 0,5% das palavras. Nos demais pa\u00edses, que adotam a ortografia de Portugal, o percentual \u00e9 de 1,6%. \u00a0<br \/> \u00a0<br \/> Entre os pa\u00edses da CPLP, j\u00e1 ratificaram o acordo Brasil, Portugal, Cabo Verde e S\u00e3o Tom\u00e9 e Pr\u00edncipe. Ainda n\u00e3o definiram quando ir\u00e3o ratificar o documento Angola, Mo\u00e7ambique, Guin\u00e9-Bissau e Timor-Leste. \u00a0<br \/> \u00a0<br \/> A assinatura desses pa\u00edses, por\u00e9m, n\u00e3o impede a entrada em vigor das novas regras em todos os pa\u00edses, pois todos concordaram que as mudan\u00e7as poderiam ser adotadas com a assinatura de pelo menos tr\u00eas integrantes da comunidade. \u00a0<br \/> \u00a0<br \/> No Brasil, o acordo &#8212; firmado em 1990 &#8211; foi aprovado pelo Congresso em 1995. Agora, a implementa\u00e7\u00e3o definitiva depende apenas de um decreto do presidente Lula, ainda sem data para ocorrer. \u00a0<br \/> \u00a0<br \/> Mesmo assim, o MEC (Minist\u00e9rio da Educa\u00e7\u00e3o) j\u00e1 iniciou o processo de ado\u00e7\u00e3o da nova ortografia. Entre 2010 e 2012 \u00e9 o per\u00edodo de transi\u00e7\u00e3o estipulado pela pasta para a nova ortografia passar a ser obrigat\u00f3ria nos livros did\u00e1ticos para todas as s\u00e9ries. \u00a0<br \/> \u00a0<br \/><B> Novas regras \u00a0<br \/> \u00a0<br \/><\/B> O acordo incorpora tanto caracter\u00edsticas da ortografia utilizada por Portugal quanto a brasileira. O trema, que j\u00e1 foi suprimido na escrita dos portugueses, desaparece de vez tamb\u00e9m no Brasil. Palavras como \u201cling\u00fci\u00e7a\u201c e \u201ctranq\u00fcilo\u201c passar\u00e3o a ser grafadas sem o sinal gr\u00e1fico sobre a letra \u201cu\u201c. A exce\u00e7\u00e3o s\u00e3o nomes estrangeiros e seus derivados, como \u201cM\u00fcller\u201c e \u201cH\u00fcbner\u201c. \u00a0<br \/> \u00a0<br \/> Seguindo o exemplo de Portugal, parox\u00edtonas com ditongos abertos \u201cei\u201c e \u201coi\u201c &#8211;como \u201cid\u00e9ia\u201c, \u201cher\u00f3ico\u201c e \u201cassembl\u00e9ia\u201c&#8211; deixam de levar o acento agudo. O mesmo ocorre com o \u201ci\u201c e o \u201cu\u201c precedidos de ditongos abertos, como em \u201cfei\u00fara\u201c. Tamb\u00e9m deixa de existir o acento circunflexo em parox\u00edtonas com duplos \u201ce\u201c ou \u201co\u201c, em formas verbais como \u201cv\u00f4o\u201c, \u201cd\u00eaem\u201c e \u201cv\u00eaem\u201c. \u00a0<br \/> \u00a0<br \/> Os portugueses n\u00e3o tiveram mudan\u00e7as na forma como acentuam as palavras, mas na forma escrevem algumas delas. As chamadas consoantes mudas, que n\u00e3o s\u00e3o pronunciadas na fala, ser\u00e3o abolidas da escrita. \u00c9 o exemplo de palavras como \u201cobjecto\u201c e \u201cadop\u00e7\u00e3o\u201c, nas quais as letras \u201cc\u201c e \u201cp\u201c n\u00e3o s\u00e3o pronunciadas. \u00a0<br \/> \u00a0<br \/> Com o acordo, o alfabeto passa a ter 26 letras, com a inclus\u00e3o de \u201ck\u201c, \u201cy\u201c e \u201cw\u201c. A utiliza\u00e7\u00e3o dessas letras permanece restrita a palavras de origem estrangeira e seus derivados, como \u201ckafka\u201c e \u201ckafkiano\u201c. \u00a0<br \/> \u00a0<br \/><B> Dupla grafia \u00a0<br \/> \u00a0<br \/><\/B> A unifica\u00e7\u00e3o na ortografia n\u00e3o ser\u00e1 total. Como privilegiou mais crit\u00e9rios fon\u00e9ticos (pron\u00fancia) em lugar de etimol\u00f3gicos (origem), para algumas palavras ser\u00e1 permitida a dupla grafia. \u00a0<br \/> \u00a0<br \/> Isso ocorre em algumas palavras proparox\u00edtonas e, predominantemente, em parox\u00edtonas cuja entona\u00e7\u00e3o entre brasileiros e portugueses \u00e9 diferente, com inflex\u00e3o mais aberta ou fechada. Enquanto no Brasil as palavras s\u00e3o acentuadas com o acento circunflexo, em Portugal utiliza-se o acento agudo. Ambas as grafias ser\u00e3o aceitas, como em \u201cfen\u00f4meno\u201c ou \u201cfen\u00f3meno\u201c, \u201ct\u00eanis\u201c e \u201ct\u00e9nis\u201c. \u00a0<br \/> \u00a0<br \/> A regra valer\u00e1 ainda para algumas ox\u00edtonas. Palavras como \u201ccarat\u00ea\u201c e \u201ccroch\u00ea\u201c tamb\u00e9m poder\u00e3o ser escritas \u201ccarat\u00e9\u201c e \u201ccroch\u00e9\u201c. \u00a0<br \/> \u00a0<br \/><B> H\u00edfen \u00a0<br \/> \u00a0<br \/><\/B> As regras de utiliza\u00e7\u00e3o do h\u00edfen tamb\u00e9m ganharam nova sistematiza\u00e7\u00e3o. O objetivo das mudan\u00e7as \u00e9 simplificar a utiliza\u00e7\u00e3o do sinal gr\u00e1fico, cujas regras est\u00e3o entre as mais complexas da norma ortogr\u00e1fica. \u00a0<br \/> \u00a0<br \/> O sinal ser\u00e1 abolido em palavras compostas em que o prefixo termina em vogal e o segundo elemento tamb\u00e9m come\u00e7a com outra vogal, como em aeroespacial (aero + espacial) e extraescolar (extra + escolar). \u00a0<br \/> \u00a0<br \/> J\u00e1 quando o primeiro elemento finalizar com uma vogal igual \u00e0 do segundo elemento, o h\u00edfen dever\u00e1 ser utilizado, como nas palavras \u201cmicro-ondas\u201c e \u201canti-inflamat\u00f3rio\u201c. \u00a0<br \/> \u00a0<br \/> Essa regra acaba modificando a grafia dessas palavras no Brasil, onde essas palavras eram escritas unidas, pois a regra de utiliza\u00e7\u00e3o do h\u00edfen era determinada pelo prefixo. \u00a0<br \/> \u00a0<br \/> A partir da reforma, nos casos em que a primeira palavra terminar em vogal e a segunda come\u00e7ar por \u201cr\u201c ou \u201cs\u201c, essas letras dever\u00e3o ser duplicadas, como na conjun\u00e7\u00e3o \u201canti\u201c + \u201csemita\u201c: \u201cantissemita\u201c. \u00a0<br \/> \u00a0<br \/> A exce\u00e7\u00e3o \u00e9 quando o primeiro elemento terminar em \u201cr\u201c e o segundo elemento come\u00e7ar com a mesma letra. Nesse caso, a palavra dever\u00e1 ser grafada com h\u00edfen, como em \u201chiper-requintado\u201c e \u201cinter-racial\u201c. \u00a0<br \/> \u00a0<br \/> \u00a0<br \/> \u00a0<br \/><B> ABL prepara novo vocabul\u00e1rio ortogr\u00e1fico<br \/><\/B> Folha Online &#8211; Deh Oliveira\u00a0<br \/> \u00a0<br \/> Um novo Volp (Vocabul\u00e1rio Ortogr\u00e1fico da L\u00edngua Portuguesa) est\u00e1 sendo elaborado para a ABL (Academia Brasileira de Letras). Esta ser\u00e1 a quinta edi\u00e7\u00e3o da publica\u00e7\u00e3o, que registra a forma oficial de escrever as palavras no Brasil. \u00a0<br \/> \u00a0<br \/> Segundo Evanildo Bechara, respons\u00e1vel na entidade pelo setor de lexicografia e lexicologia (ramo da ling\u00fc\u00edstica que estuda a origem das palavras e seus significados), o trabalho deve ser conclu\u00eddo at\u00e9 novembro. \u00a0<br \/> \u00a0<br \/> O Volp dever\u00e1 conter cerca de 370 mil verbetes. A expectativa \u00e9 de que ponha fim a um dos pontos que permanecem controversos em rela\u00e7\u00e3o ao acordo ortogr\u00e1fico da l\u00edngua portuguesa: o uso do h\u00edfen. \u00a0<br \/> \u00a0<br \/> \u201cApresentei uma leitura palat\u00e1vel do emprego do h\u00edfen. Estamos preparando um sistema que basta a pessoa ver a natureza do primeiro e do segundo elemento, a letra que termina um e come\u00e7a o outro, para saber se levar\u00e1 h\u00edfen ou n\u00e3o\u201c, afirma Bechara. \u00a0<br \/> \u00a0<br \/> O acad\u00eamico acredita que futuramente ser\u00e1 poss\u00edvel reduzir o n\u00famero de exce\u00e7\u00f5es \u00e0 regra que foram mantidas no acordo. Um dos pontos que causam mais d\u00favidas \u00e9 a que determina que as palavras podem prescindir do h\u00edfen quando a palavra tiver perdido o sentido de composi\u00e7\u00e3o, crit\u00e9rio considerado muito subjetivo. \u201cA meu ver, acho que seria o momento de abolirmos essas exce\u00e7\u00f5es\u201c, diz. \u00a0<br \/> \u00a0<br \/><B> Decis\u00e3o unilateral \u00a0<br \/> \u00a0<br \/><\/B> Apesar de o acordo ortogr\u00e1fico ter sido feito de forma conjunta entre os pa\u00edses que falam o idioma portugu\u00eas, para elaborar o Volp n\u00e3o haver\u00e1 qualquer consulta aos portugueses. \u201cMesmo porque os portugueses se deram um prazo de seis anos [para implementar as mudan\u00e7as], enquanto n\u00f3s vamos adotar a nova ortografia j\u00e1 a partir do ano que vem\u201c, explica. \u00a0<br \/> \u00a0<br \/> No Brasil, a nova ortografia passa a valer a partir do pr\u00f3ximo ano, pelo menos para documentos oficiais e para a m\u00eddia. No ensino p\u00fablico, o cronograma de implementa\u00e7\u00e3o come\u00e7a em 2010, com os livros did\u00e1ticos para as turmas dos primeiros cinco anos de estudo do ensino fundamental. At\u00e9 2012 as novas regras ser\u00e3o adotadas para todas as s\u00e9ries. \u00a0<br \/> \u00a0<br \/> \u00a0<\/p>\n","protected":false},"excerpt":{"rendered":"<p>Passados 18 anos de sua elabora\u00e7\u00e3o, o Acordo Ortogr\u00e1fico da L\u00edngua Portuguesa promete finalmente sair do papel. Ou melhor: entrar de vez no papel. O Brasil ser\u00e1 o primeiro pa\u00eds entre os que integram a CPLP (Comunidade de Pa\u00edses de L\u00edngua Portuguesa) a adotar oficialmente a nova grafia, j\u00e1 a partir do ano que vem. [&hellip;]<\/p>\n","protected":false},"author":1,"featured_media":0,"comment_status":"closed","ping_status":"closed","sticky":false,"template":"","format":"standard","meta":{"footnotes":"","_links_to":"","_links_to_target":""},"categories":[9],"tags":[],"class_list":["post-2509","post","type-post","status-publish","format-standard","hentry","category-noticias-da-imprensa"],"yoast_head":"<!-- This site is optimized with the Yoast SEO plugin v15.1 - https:\/\/yoast.com\/wordpress\/plugins\/seo\/ -->\n<title>Nova ortografia da l\u00edngua portuguesa entra em vigor em 2009 &raquo; Abrelivros<\/title>\n<meta name=\"robots\" content=\"index, follow, max-snippet:-1, max-image-preview:large, max-video-preview:-1\" \/>\n<link rel=\"canonical\" href=\"https:\/\/abrelivros.org.br\/site\/nova-ortografia-da-lingua-portuguesa-entra-em-vigor-em-2009-2\/\" \/>\n<meta property=\"og:locale\" content=\"pt_BR\" \/>\n<meta property=\"og:type\" content=\"article\" \/>\n<meta property=\"og:title\" content=\"Nova ortografia da l\u00edngua portuguesa entra em vigor em 2009 &raquo; Abrelivros\" \/>\n<meta property=\"og:description\" content=\"Passados 18 anos de sua elabora\u00e7\u00e3o, o Acordo Ortogr\u00e1fico da L\u00edngua Portuguesa promete finalmente sair do papel. Ou melhor: entrar de vez no papel. O Brasil ser\u00e1 o primeiro pa\u00eds entre os que integram a CPLP (Comunidade de Pa\u00edses de L\u00edngua Portuguesa) a adotar oficialmente a nova grafia, j\u00e1 a partir do ano que vem. [&hellip;]\" \/>\n<meta property=\"og:url\" content=\"https:\/\/abrelivros.org.br\/site\/nova-ortografia-da-lingua-portuguesa-entra-em-vigor-em-2009-2\/\" \/>\n<meta property=\"og:site_name\" content=\"Abrelivros\" \/>\n<meta property=\"article:published_time\" content=\"2009-01-06T16:32:00+00:00\" \/>\n<meta name=\"twitter:card\" content=\"summary_large_image\" \/>\n<script type=\"application\/ld+json\" class=\"yoast-schema-graph\">{\"@context\":\"https:\/\/schema.org\",\"@graph\":[{\"@type\":\"WebSite\",\"@id\":\"https:\/\/abrelivros.org.br\/site\/#website\",\"url\":\"https:\/\/abrelivros.org.br\/site\/\",\"name\":\"Abrelivros\",\"description\":\"\",\"potentialAction\":[{\"@type\":\"SearchAction\",\"target\":\"https:\/\/abrelivros.org.br\/site\/?s={search_term_string}\",\"query-input\":\"required name=search_term_string\"}],\"inLanguage\":\"pt-BR\"},{\"@type\":\"WebPage\",\"@id\":\"https:\/\/abrelivros.org.br\/site\/nova-ortografia-da-lingua-portuguesa-entra-em-vigor-em-2009-2\/#webpage\",\"url\":\"https:\/\/abrelivros.org.br\/site\/nova-ortografia-da-lingua-portuguesa-entra-em-vigor-em-2009-2\/\",\"name\":\"Nova ortografia da l\\u00edngua portuguesa entra em vigor em 2009 &raquo; Abrelivros\",\"isPartOf\":{\"@id\":\"https:\/\/abrelivros.org.br\/site\/#website\"},\"datePublished\":\"2009-01-06T16:32:00+00:00\",\"dateModified\":\"2009-01-06T16:32:00+00:00\",\"author\":{\"@id\":\"https:\/\/abrelivros.org.br\/site\/#\/schema\/person\/2b867f13a717bb230f1a3555505f5593\"},\"breadcrumb\":{\"@id\":\"https:\/\/abrelivros.org.br\/site\/nova-ortografia-da-lingua-portuguesa-entra-em-vigor-em-2009-2\/#breadcrumb\"},\"inLanguage\":\"pt-BR\",\"potentialAction\":[{\"@type\":\"ReadAction\",\"target\":[\"https:\/\/abrelivros.org.br\/site\/nova-ortografia-da-lingua-portuguesa-entra-em-vigor-em-2009-2\/\"]}]},{\"@type\":\"BreadcrumbList\",\"@id\":\"https:\/\/abrelivros.org.br\/site\/nova-ortografia-da-lingua-portuguesa-entra-em-vigor-em-2009-2\/#breadcrumb\",\"itemListElement\":[{\"@type\":\"ListItem\",\"position\":1,\"item\":{\"@type\":\"WebPage\",\"@id\":\"https:\/\/abrelivros.org.br\/site\/\",\"url\":\"https:\/\/abrelivros.org.br\/site\/\",\"name\":\"In\\u00edcio\"}},{\"@type\":\"ListItem\",\"position\":2,\"item\":{\"@type\":\"WebPage\",\"@id\":\"https:\/\/abrelivros.org.br\/site\/category\/noticias\/\",\"url\":\"https:\/\/abrelivros.org.br\/site\/category\/noticias\/\",\"name\":\"Not\\u00edcias\"}},{\"@type\":\"ListItem\",\"position\":3,\"item\":{\"@type\":\"WebPage\",\"@id\":\"https:\/\/abrelivros.org.br\/site\/category\/noticias\/noticias-da-imprensa\/\",\"url\":\"https:\/\/abrelivros.org.br\/site\/category\/noticias\/noticias-da-imprensa\/\",\"name\":\"Not\\u00edcias da imprensa\"}},{\"@type\":\"ListItem\",\"position\":4,\"item\":{\"@type\":\"WebPage\",\"@id\":\"https:\/\/abrelivros.org.br\/site\/nova-ortografia-da-lingua-portuguesa-entra-em-vigor-em-2009-2\/\",\"url\":\"https:\/\/abrelivros.org.br\/site\/nova-ortografia-da-lingua-portuguesa-entra-em-vigor-em-2009-2\/\",\"name\":\"Nova ortografia da l\\u00edngua portuguesa entra em vigor em 2009\"}}]},{\"@type\":\"Person\",\"@id\":\"https:\/\/abrelivros.org.br\/site\/#\/schema\/person\/2b867f13a717bb230f1a3555505f5593\",\"name\":\"\\u00a0\",\"image\":{\"@type\":\"ImageObject\",\"@id\":\"https:\/\/abrelivros.org.br\/site\/#personlogo\",\"inLanguage\":\"pt-BR\",\"url\":\"https:\/\/secure.gravatar.com\/avatar\/e80b7f5231be2fff5040a8023da424898002831c5439420df182ae62676d2a6f?s=96&d=mm&r=g\",\"caption\":\"\\u00a0\"}}]}<\/script>\n<!-- \/ Yoast SEO plugin. -->","_links":{"self":[{"href":"https:\/\/abrelivros.org.br\/site\/wp-json\/wp\/v2\/posts\/2509","targetHints":{"allow":["GET"]}}],"collection":[{"href":"https:\/\/abrelivros.org.br\/site\/wp-json\/wp\/v2\/posts"}],"about":[{"href":"https:\/\/abrelivros.org.br\/site\/wp-json\/wp\/v2\/types\/post"}],"author":[{"embeddable":true,"href":"https:\/\/abrelivros.org.br\/site\/wp-json\/wp\/v2\/users\/1"}],"replies":[{"embeddable":true,"href":"https:\/\/abrelivros.org.br\/site\/wp-json\/wp\/v2\/comments?post=2509"}],"version-history":[{"count":0,"href":"https:\/\/abrelivros.org.br\/site\/wp-json\/wp\/v2\/posts\/2509\/revisions"}],"wp:attachment":[{"href":"https:\/\/abrelivros.org.br\/site\/wp-json\/wp\/v2\/media?parent=2509"}],"wp:term":[{"taxonomy":"category","embeddable":true,"href":"https:\/\/abrelivros.org.br\/site\/wp-json\/wp\/v2\/categories?post=2509"},{"taxonomy":"post_tag","embeddable":true,"href":"https:\/\/abrelivros.org.br\/site\/wp-json\/wp\/v2\/tags?post=2509"}],"curies":[{"name":"wp","href":"https:\/\/api.w.org\/{rel}","templated":true}]}}