{"id":2507,"date":"2009-01-08T15:47:00","date_gmt":"2009-01-08T17:47:00","guid":{"rendered":"https:\/\/abrelivros.org.br\/site\/2009\/01\/08\/presidente-garantiu-que-investimentos-em-educacao-nao-vao-parar-diz-ministro\/"},"modified":"2009-01-08T15:47:00","modified_gmt":"2009-01-08T17:47:00","slug":"presidente-garantiu-que-investimentos-em-educacao-nao-vao-parar-diz-ministro","status":"publish","type":"post","link":"https:\/\/abrelivros.org.br\/site\/presidente-garantiu-que-investimentos-em-educacao-nao-vao-parar-diz-ministro\/","title":{"rendered":"Presidente garantiu que investimentos em educa\u00e7\u00e3o n\u00e3o v\u00e3o parar, diz ministro"},"content":{"rendered":"<p>O ministro da educa\u00e7\u00e3o, Fernando Haddad, reafirmou nesta quinta (8) que a crise financeira internacional n\u00e3o vai afetar os investimentos em educa\u00e7\u00e3o, incluindo o projeto de expans\u00e3o dos institutos t\u00e9cnicos e de ensino superior.\u00a0<br \/> \u00a0<br \/> Ap\u00f3s participar de entrevista a emissoras de r\u00e1dio durante o programa Bom dia, Ministro, Haddad lembrou que o or\u00e7amento para a educa\u00e7\u00e3o foi aprovado com uma cl\u00e1usula adicional garantida no \u00faltimo instante, recompondo o que havia sido cortado no relat\u00f3rio final da proposta or\u00e7ament\u00e1ria.\u00a0<br \/> \u00a0<br \/> \u201cTemos a palavra do presidente da Rep\u00fablica de que n\u00e3o v\u00e3o parar os investimentos em educa\u00e7\u00e3o. Nosso plano de obras \u00e9 muito audacioso, mas tamb\u00e9m gera emprego. Para fazer um \u00f4nibus escolar, por exemplo, voc\u00ea tem que contratar metal\u00fargico para a linha montagem.\u201c\u00a0<br \/> \u00a0<br \/> Haddad refor\u00e7ou que \u201co Brasil n\u00e3o vai parar\u201c e que, dentro os pa\u00edses mais atingidos pelos efeitos da instabilidade nas Bolsas de Valores, foi o menos afetado. \u201cN\u00f3s nos preparamos. Hoje, somos credores internacionais\u201c, disse o ministro.\u00a0<br \/> \u00a0<br \/> \u00a0<br \/> \u00a0<br \/><B> Haddad afirma que novas regras ortogr\u00e1ficas afetam pouco o cotidiano do brasileiro\u00a0<br \/><\/B> Ag\u00eancia Brasil &#8211; Paula Laboissi\u00e8re \u00a0<br \/> \u00a0<br \/> O ministro da educa\u00e7\u00e3o, Fernando Haddad, avaliou nesta quinta (8) que as mudan\u00e7as previstas no novo acordo ortogr\u00e1fico afetam \u201cmuito pouco\u201c o cotidiano dos brasileiros. Ele ressaltou que apenas 0,5% da l\u00edngua portuguesa usada no pa\u00eds vai sofrer altera\u00e7\u00f5es, mas admite que 2009 ser\u00e1 um per\u00edodo de adapta\u00e7\u00f5es &#8211; inclusive para professores e alunos da rede p\u00fablica de ensino.\u00a0<br \/> \u00a0<br \/> \u201cO acordo ortogr\u00e1fico simplifica a l\u00edngua e \u00e9 bem-vindo. \u00c9 \u00f3bvio que vamos ter uma fase de transi\u00e7\u00e3o, mas as mudan\u00e7as fortalecem a l\u00edngua no mundo. O portugu\u00eas era a \u00fanica l\u00edngua que tinha mais de uma ortografia e enfrent\u00e1vamos resist\u00eancia de organismos internacionais. O acordo ortogr\u00e1fico vem refor\u00e7ar a presen\u00e7a da l\u00edngua portuguesa no cen\u00e1rio internacional\u201c, disse, ao participar de entrevista a emissoras de r\u00e1dio durante o programa Bom dia, Ministro.\u00a0<br \/> \u00a0<br \/> Haddad lembrou que as editoras de livros j\u00e1 estavam com as publica\u00e7\u00f5es escolares prontas antes mesmo de o acordo ortogr\u00e1fico ser aprovado e que as escolas p\u00fablicas de todo o pa\u00eds receber\u00e3o, em 2009, livros desatualizados.\u00a0<br \/> \u00a0<br \/> De acordo com o ministro, o MEC aguarda posicionamento da Academia Brasileira de Letras \u00e0 respeito de quest\u00f5es de ortografia da l\u00edngua portuguesa que ficaram pendentes, para que haja uma orienta\u00e7\u00e3o aos professores da rede p\u00fablica de ensino.\u00a0<br \/> \u00a0<br \/> \u201cN\u00e3o temos por que temer esse processo, ele vai ser bastante singelo. Temos toda a condi\u00e7\u00e3o de fazer isso em um curto espa\u00e7o de tempo, mas as duas ortografias convivem em 2009. N\u00e3o se pode punir um estudante por um erro de ortografia pelo fato de ele n\u00e3o ter assimilado ainda a nova regra\u201c, disse. \u201cUma hora se consolida a nova ortografia e as pessoas v\u00e3o poder ser julgadas\u201c, completou. \u00a0<br \/> \u00a0<br \/> \u00a0<br \/> \u00a0<\/p>\n","protected":false},"excerpt":{"rendered":"<p>O ministro da educa\u00e7\u00e3o, Fernando Haddad, reafirmou nesta quinta (8) que a crise financeira internacional n\u00e3o vai afetar os investimentos em educa\u00e7\u00e3o, incluindo o projeto de expans\u00e3o dos institutos t\u00e9cnicos e de ensino superior.\u00a0 \u00a0 Ap\u00f3s participar de entrevista a emissoras de r\u00e1dio durante o programa Bom dia, Ministro, Haddad lembrou que o or\u00e7amento para [&hellip;]<\/p>\n","protected":false},"author":1,"featured_media":0,"comment_status":"closed","ping_status":"closed","sticky":false,"template":"","format":"standard","meta":{"footnotes":"","_links_to":"","_links_to_target":""},"categories":[9],"tags":[],"class_list":["post-2507","post","type-post","status-publish","format-standard","hentry","category-noticias-da-imprensa"],"yoast_head":"<!-- This site is optimized with the Yoast SEO plugin v15.1 - https:\/\/yoast.com\/wordpress\/plugins\/seo\/ -->\n<title>Presidente garantiu que investimentos em educa\u00e7\u00e3o n\u00e3o v\u00e3o parar, diz ministro &raquo; Abrelivros<\/title>\n<meta name=\"robots\" content=\"index, follow, max-snippet:-1, max-image-preview:large, max-video-preview:-1\" \/>\n<link rel=\"canonical\" href=\"https:\/\/abrelivros.org.br\/site\/presidente-garantiu-que-investimentos-em-educacao-nao-vao-parar-diz-ministro\/\" \/>\n<meta property=\"og:locale\" content=\"pt_BR\" \/>\n<meta property=\"og:type\" content=\"article\" \/>\n<meta property=\"og:title\" content=\"Presidente garantiu que investimentos em educa\u00e7\u00e3o n\u00e3o v\u00e3o parar, diz ministro &raquo; Abrelivros\" \/>\n<meta property=\"og:description\" content=\"O ministro da educa\u00e7\u00e3o, Fernando Haddad, reafirmou nesta quinta (8) que a crise financeira internacional n\u00e3o vai afetar os investimentos em educa\u00e7\u00e3o, incluindo o projeto de expans\u00e3o dos institutos t\u00e9cnicos e de ensino superior.\u00a0 \u00a0 Ap\u00f3s participar de entrevista a emissoras de r\u00e1dio durante o programa Bom dia, Ministro, Haddad lembrou que o or\u00e7amento para [&hellip;]\" \/>\n<meta property=\"og:url\" content=\"https:\/\/abrelivros.org.br\/site\/presidente-garantiu-que-investimentos-em-educacao-nao-vao-parar-diz-ministro\/\" \/>\n<meta property=\"og:site_name\" content=\"Abrelivros\" \/>\n<meta property=\"article:published_time\" content=\"2009-01-08T17:47:00+00:00\" \/>\n<meta name=\"twitter:card\" content=\"summary_large_image\" \/>\n<script type=\"application\/ld+json\" class=\"yoast-schema-graph\">{\"@context\":\"https:\/\/schema.org\",\"@graph\":[{\"@type\":\"WebSite\",\"@id\":\"https:\/\/abrelivros.org.br\/site\/#website\",\"url\":\"https:\/\/abrelivros.org.br\/site\/\",\"name\":\"Abrelivros\",\"description\":\"\",\"potentialAction\":[{\"@type\":\"SearchAction\",\"target\":\"https:\/\/abrelivros.org.br\/site\/?s={search_term_string}\",\"query-input\":\"required name=search_term_string\"}],\"inLanguage\":\"pt-BR\"},{\"@type\":\"WebPage\",\"@id\":\"https:\/\/abrelivros.org.br\/site\/presidente-garantiu-que-investimentos-em-educacao-nao-vao-parar-diz-ministro\/#webpage\",\"url\":\"https:\/\/abrelivros.org.br\/site\/presidente-garantiu-que-investimentos-em-educacao-nao-vao-parar-diz-ministro\/\",\"name\":\"Presidente garantiu que investimentos em educa\\u00e7\\u00e3o n\\u00e3o v\\u00e3o parar, diz ministro &raquo; Abrelivros\",\"isPartOf\":{\"@id\":\"https:\/\/abrelivros.org.br\/site\/#website\"},\"datePublished\":\"2009-01-08T17:47:00+00:00\",\"dateModified\":\"2009-01-08T17:47:00+00:00\",\"author\":{\"@id\":\"https:\/\/abrelivros.org.br\/site\/#\/schema\/person\/2b867f13a717bb230f1a3555505f5593\"},\"breadcrumb\":{\"@id\":\"https:\/\/abrelivros.org.br\/site\/presidente-garantiu-que-investimentos-em-educacao-nao-vao-parar-diz-ministro\/#breadcrumb\"},\"inLanguage\":\"pt-BR\",\"potentialAction\":[{\"@type\":\"ReadAction\",\"target\":[\"https:\/\/abrelivros.org.br\/site\/presidente-garantiu-que-investimentos-em-educacao-nao-vao-parar-diz-ministro\/\"]}]},{\"@type\":\"BreadcrumbList\",\"@id\":\"https:\/\/abrelivros.org.br\/site\/presidente-garantiu-que-investimentos-em-educacao-nao-vao-parar-diz-ministro\/#breadcrumb\",\"itemListElement\":[{\"@type\":\"ListItem\",\"position\":1,\"item\":{\"@type\":\"WebPage\",\"@id\":\"https:\/\/abrelivros.org.br\/site\/\",\"url\":\"https:\/\/abrelivros.org.br\/site\/\",\"name\":\"In\\u00edcio\"}},{\"@type\":\"ListItem\",\"position\":2,\"item\":{\"@type\":\"WebPage\",\"@id\":\"https:\/\/abrelivros.org.br\/site\/category\/noticias\/\",\"url\":\"https:\/\/abrelivros.org.br\/site\/category\/noticias\/\",\"name\":\"Not\\u00edcias\"}},{\"@type\":\"ListItem\",\"position\":3,\"item\":{\"@type\":\"WebPage\",\"@id\":\"https:\/\/abrelivros.org.br\/site\/category\/noticias\/noticias-da-imprensa\/\",\"url\":\"https:\/\/abrelivros.org.br\/site\/category\/noticias\/noticias-da-imprensa\/\",\"name\":\"Not\\u00edcias da imprensa\"}},{\"@type\":\"ListItem\",\"position\":4,\"item\":{\"@type\":\"WebPage\",\"@id\":\"https:\/\/abrelivros.org.br\/site\/presidente-garantiu-que-investimentos-em-educacao-nao-vao-parar-diz-ministro\/\",\"url\":\"https:\/\/abrelivros.org.br\/site\/presidente-garantiu-que-investimentos-em-educacao-nao-vao-parar-diz-ministro\/\",\"name\":\"Presidente garantiu que investimentos em educa\\u00e7\\u00e3o n\\u00e3o v\\u00e3o parar, diz ministro\"}}]},{\"@type\":\"Person\",\"@id\":\"https:\/\/abrelivros.org.br\/site\/#\/schema\/person\/2b867f13a717bb230f1a3555505f5593\",\"name\":\"\\u00a0\",\"image\":{\"@type\":\"ImageObject\",\"@id\":\"https:\/\/abrelivros.org.br\/site\/#personlogo\",\"inLanguage\":\"pt-BR\",\"url\":\"https:\/\/secure.gravatar.com\/avatar\/e80b7f5231be2fff5040a8023da424898002831c5439420df182ae62676d2a6f?s=96&d=mm&r=g\",\"caption\":\"\\u00a0\"}}]}<\/script>\n<!-- \/ Yoast SEO plugin. -->","_links":{"self":[{"href":"https:\/\/abrelivros.org.br\/site\/wp-json\/wp\/v2\/posts\/2507","targetHints":{"allow":["GET"]}}],"collection":[{"href":"https:\/\/abrelivros.org.br\/site\/wp-json\/wp\/v2\/posts"}],"about":[{"href":"https:\/\/abrelivros.org.br\/site\/wp-json\/wp\/v2\/types\/post"}],"author":[{"embeddable":true,"href":"https:\/\/abrelivros.org.br\/site\/wp-json\/wp\/v2\/users\/1"}],"replies":[{"embeddable":true,"href":"https:\/\/abrelivros.org.br\/site\/wp-json\/wp\/v2\/comments?post=2507"}],"version-history":[{"count":0,"href":"https:\/\/abrelivros.org.br\/site\/wp-json\/wp\/v2\/posts\/2507\/revisions"}],"wp:attachment":[{"href":"https:\/\/abrelivros.org.br\/site\/wp-json\/wp\/v2\/media?parent=2507"}],"wp:term":[{"taxonomy":"category","embeddable":true,"href":"https:\/\/abrelivros.org.br\/site\/wp-json\/wp\/v2\/categories?post=2507"},{"taxonomy":"post_tag","embeddable":true,"href":"https:\/\/abrelivros.org.br\/site\/wp-json\/wp\/v2\/tags?post=2507"}],"curies":[{"name":"wp","href":"https:\/\/api.w.org\/{rel}","templated":true}]}}