{"id":2506,"date":"2009-01-09T15:51:00","date_gmt":"2009-01-09T17:51:00","guid":{"rendered":"https:\/\/abrelivros.org.br\/site\/2009\/01\/09\/bibliotecas-publicas\/"},"modified":"2009-01-09T15:51:00","modified_gmt":"2009-01-09T17:51:00","slug":"bibliotecas-publicas","status":"publish","type":"post","link":"https:\/\/abrelivros.org.br\/site\/bibliotecas-publicas\/","title":{"rendered":"Bibliotecas P\u00fablicas"},"content":{"rendered":"<p>A Funda\u00e7\u00e3o Biblioteca Nacional, institui\u00e7\u00e3o vinculada ao Minist\u00e9rio da Cultura, reafirma a meta para o ano de 2009 de zerar o d\u00e9ficit de munic\u00edpios brasileiros que n\u00e3o t\u00eam bibliotecas p\u00fablicas &#8211; um total de 361, o equivalente a 6,4% de cidades do pa\u00eds -, uma a\u00e7\u00e3o inserida no Programa Mais Cultura, que faz parte da Agenda Social do Governo Federal.\u00a0<br \/> \u00a0<br \/> Ser\u00e3o contemplados com a implanta\u00e7\u00e3o desse equipamento cultural munic\u00edpios de 21 estados: Acre, dois; Alagoas, tr\u00eas; Amap\u00e1, tr\u00eas; Amazonas, 24; Bahia, 67; Cear\u00e1, dois; Goi\u00e1s, 25; Maranh\u00e3o, 11; Mato Grosso do Sul, tr\u00eas; Minas Gerais, quatro; Par\u00e1, cinco; Para\u00edba, 48; Pernambuco, dez; Piau\u00ed, 79; Rio Grande do Norte, 28; Rio Grande do Sul, 13; Rond\u00f4nia, um; Roraima, cinco; Sergipe, tr\u00eas; S\u00e3o Paulo, 15; e Tocantins, dez.\u00a0<br \/> \u00a0<br \/> Tamb\u00e9m ser\u00e3o modernizadas 410 unidades existentes em diversas regi\u00f5es do pa\u00eds. As listagens com os nomes das cidades beneficiadas com as duas a\u00e7\u00f5es foram divulgadas no \u00faltimo dia 30 de dezembro, no Di\u00e1rio Oficial da Uni\u00e3o (Se\u00e7\u00e3o 3, p\u00e1ginas 30 a 32).\u00a0<br \/> \u00a0<br \/><B> Fomento \u00e0 Leitura\u00a0<br \/> \u00a0<br \/><\/B> Para o presidente da FBN\/MinC, Muniz Sodr\u00e9, a iniciativa visa difundir e ampliar a cultura atrav\u00e9s do incentivo ao h\u00e1bito da leitura, considerando-se que no Brasil l\u00ea-se muito pouco &#8211; em m\u00e9dia 4,7 livros ao ano por habitante, segundo revelou a pesquisa Retratos da Leitura no Brasil.\u00a0<br \/> \u00a0<br \/> At\u00e9 2003, havia 1.173 cidades sem bibliotecas p\u00fablicas no pa\u00eds, o equivalente a 21,09% do total dos 5.564 munic\u00edpios brasileiros. Desde 2006, com investimentos de R$ 44 milh\u00f5es, foram implantadas 703 bibliotecas municipais e modernizadas outras 96 j\u00e1 existentes, por meio do Programa Livro Aberto, uma das a\u00e7\u00f5es do Sistema Nacional de Bibliotecas P\u00fablicas, coordenado pela Funda\u00e7\u00e3o.\u00a0<br \/> \u00a0<br \/> Cada biblioteca recebe um kit com uma cole\u00e7\u00e3o com cerca de dois mil livros, equipamentos de som, TV, DVD e v\u00eddeo, m\u00f3veis e um software para arquivamento e digitaliza\u00e7\u00e3o, o Biblivre, desenvolvido gratuitamente pela Coordena\u00e7\u00e3o dos Programas de P\u00f3s-Gradua\u00e7\u00e3o de Engenharia, da Universidade Federal do Rio de Janeiro, e tem a vantagem de j\u00e1 vir com todo o acervo digitalizado.\u00a0<br \/> \u00a0<br \/> Como contrapartida, para se beneficiar com a iniciativa, as prefeituras dos munic\u00edpios contemplados devem dispor do espa\u00e7o f\u00edsico e de pelo menos um funcion\u00e1rio especializado, al\u00e9m de estar adimplentes com a Uni\u00e3o.\u00a0<br \/> \u00a0<br \/> <a href=\"http:\/\/www.cultura.gov.br\/site\/wp-content\/uploads\/2009\/01\/lista.pdf\" target=\"_blank\" rel=\"noopener noreferrer\">Confira as rela\u00e7\u00f5es dos contemplados<\/a><br \/> \u00a0<\/p>\n<p><\/p>\n","protected":false},"excerpt":{"rendered":"<p>A Funda\u00e7\u00e3o Biblioteca Nacional, institui\u00e7\u00e3o vinculada ao Minist\u00e9rio da Cultura, reafirma a meta para o ano de 2009 de zerar o d\u00e9ficit de munic\u00edpios brasileiros que n\u00e3o t\u00eam bibliotecas p\u00fablicas &#8211; um total de 361, o equivalente a 6,4% de cidades do pa\u00eds -, uma a\u00e7\u00e3o inserida no Programa Mais Cultura, que faz parte da [&hellip;]<\/p>\n","protected":false},"author":1,"featured_media":0,"comment_status":"closed","ping_status":"closed","sticky":false,"template":"","format":"standard","meta":{"footnotes":"","_links_to":"","_links_to_target":""},"categories":[9],"tags":[],"class_list":["post-2506","post","type-post","status-publish","format-standard","hentry","category-noticias-da-imprensa"],"yoast_head":"<!-- This site is optimized with the Yoast SEO plugin v15.1 - https:\/\/yoast.com\/wordpress\/plugins\/seo\/ -->\n<title>Bibliotecas P\u00fablicas &raquo; Abrelivros<\/title>\n<meta name=\"robots\" content=\"index, follow, max-snippet:-1, max-image-preview:large, max-video-preview:-1\" \/>\n<link rel=\"canonical\" href=\"https:\/\/abrelivros.org.br\/site\/bibliotecas-publicas\/\" \/>\n<meta property=\"og:locale\" content=\"pt_BR\" \/>\n<meta property=\"og:type\" content=\"article\" \/>\n<meta property=\"og:title\" content=\"Bibliotecas P\u00fablicas &raquo; Abrelivros\" \/>\n<meta property=\"og:description\" content=\"A Funda\u00e7\u00e3o Biblioteca Nacional, institui\u00e7\u00e3o vinculada ao Minist\u00e9rio da Cultura, reafirma a meta para o ano de 2009 de zerar o d\u00e9ficit de munic\u00edpios brasileiros que n\u00e3o t\u00eam bibliotecas p\u00fablicas &#8211; um total de 361, o equivalente a 6,4% de cidades do pa\u00eds -, uma a\u00e7\u00e3o inserida no Programa Mais Cultura, que faz parte da [&hellip;]\" \/>\n<meta property=\"og:url\" content=\"https:\/\/abrelivros.org.br\/site\/bibliotecas-publicas\/\" \/>\n<meta property=\"og:site_name\" content=\"Abrelivros\" \/>\n<meta property=\"article:published_time\" content=\"2009-01-09T17:51:00+00:00\" \/>\n<meta name=\"twitter:card\" content=\"summary_large_image\" \/>\n<script type=\"application\/ld+json\" class=\"yoast-schema-graph\">{\"@context\":\"https:\/\/schema.org\",\"@graph\":[{\"@type\":\"WebSite\",\"@id\":\"https:\/\/abrelivros.org.br\/site\/#website\",\"url\":\"https:\/\/abrelivros.org.br\/site\/\",\"name\":\"Abrelivros\",\"description\":\"\",\"potentialAction\":[{\"@type\":\"SearchAction\",\"target\":\"https:\/\/abrelivros.org.br\/site\/?s={search_term_string}\",\"query-input\":\"required name=search_term_string\"}],\"inLanguage\":\"pt-BR\"},{\"@type\":\"WebPage\",\"@id\":\"https:\/\/abrelivros.org.br\/site\/bibliotecas-publicas\/#webpage\",\"url\":\"https:\/\/abrelivros.org.br\/site\/bibliotecas-publicas\/\",\"name\":\"Bibliotecas P\\u00fablicas &raquo; Abrelivros\",\"isPartOf\":{\"@id\":\"https:\/\/abrelivros.org.br\/site\/#website\"},\"datePublished\":\"2009-01-09T17:51:00+00:00\",\"dateModified\":\"2009-01-09T17:51:00+00:00\",\"author\":{\"@id\":\"https:\/\/abrelivros.org.br\/site\/#\/schema\/person\/2b867f13a717bb230f1a3555505f5593\"},\"breadcrumb\":{\"@id\":\"https:\/\/abrelivros.org.br\/site\/bibliotecas-publicas\/#breadcrumb\"},\"inLanguage\":\"pt-BR\",\"potentialAction\":[{\"@type\":\"ReadAction\",\"target\":[\"https:\/\/abrelivros.org.br\/site\/bibliotecas-publicas\/\"]}]},{\"@type\":\"BreadcrumbList\",\"@id\":\"https:\/\/abrelivros.org.br\/site\/bibliotecas-publicas\/#breadcrumb\",\"itemListElement\":[{\"@type\":\"ListItem\",\"position\":1,\"item\":{\"@type\":\"WebPage\",\"@id\":\"https:\/\/abrelivros.org.br\/site\/\",\"url\":\"https:\/\/abrelivros.org.br\/site\/\",\"name\":\"In\\u00edcio\"}},{\"@type\":\"ListItem\",\"position\":2,\"item\":{\"@type\":\"WebPage\",\"@id\":\"https:\/\/abrelivros.org.br\/site\/category\/noticias\/\",\"url\":\"https:\/\/abrelivros.org.br\/site\/category\/noticias\/\",\"name\":\"Not\\u00edcias\"}},{\"@type\":\"ListItem\",\"position\":3,\"item\":{\"@type\":\"WebPage\",\"@id\":\"https:\/\/abrelivros.org.br\/site\/category\/noticias\/noticias-da-imprensa\/\",\"url\":\"https:\/\/abrelivros.org.br\/site\/category\/noticias\/noticias-da-imprensa\/\",\"name\":\"Not\\u00edcias da imprensa\"}},{\"@type\":\"ListItem\",\"position\":4,\"item\":{\"@type\":\"WebPage\",\"@id\":\"https:\/\/abrelivros.org.br\/site\/bibliotecas-publicas\/\",\"url\":\"https:\/\/abrelivros.org.br\/site\/bibliotecas-publicas\/\",\"name\":\"Bibliotecas P\\u00fablicas\"}}]},{\"@type\":\"Person\",\"@id\":\"https:\/\/abrelivros.org.br\/site\/#\/schema\/person\/2b867f13a717bb230f1a3555505f5593\",\"name\":\"\\u00a0\",\"image\":{\"@type\":\"ImageObject\",\"@id\":\"https:\/\/abrelivros.org.br\/site\/#personlogo\",\"inLanguage\":\"pt-BR\",\"url\":\"https:\/\/secure.gravatar.com\/avatar\/e80b7f5231be2fff5040a8023da424898002831c5439420df182ae62676d2a6f?s=96&d=mm&r=g\",\"caption\":\"\\u00a0\"}}]}<\/script>\n<!-- \/ Yoast SEO plugin. -->","_links":{"self":[{"href":"https:\/\/abrelivros.org.br\/site\/wp-json\/wp\/v2\/posts\/2506","targetHints":{"allow":["GET"]}}],"collection":[{"href":"https:\/\/abrelivros.org.br\/site\/wp-json\/wp\/v2\/posts"}],"about":[{"href":"https:\/\/abrelivros.org.br\/site\/wp-json\/wp\/v2\/types\/post"}],"author":[{"embeddable":true,"href":"https:\/\/abrelivros.org.br\/site\/wp-json\/wp\/v2\/users\/1"}],"replies":[{"embeddable":true,"href":"https:\/\/abrelivros.org.br\/site\/wp-json\/wp\/v2\/comments?post=2506"}],"version-history":[{"count":0,"href":"https:\/\/abrelivros.org.br\/site\/wp-json\/wp\/v2\/posts\/2506\/revisions"}],"wp:attachment":[{"href":"https:\/\/abrelivros.org.br\/site\/wp-json\/wp\/v2\/media?parent=2506"}],"wp:term":[{"taxonomy":"category","embeddable":true,"href":"https:\/\/abrelivros.org.br\/site\/wp-json\/wp\/v2\/categories?post=2506"},{"taxonomy":"post_tag","embeddable":true,"href":"https:\/\/abrelivros.org.br\/site\/wp-json\/wp\/v2\/tags?post=2506"}],"curies":[{"name":"wp","href":"https:\/\/api.w.org\/{rel}","templated":true}]}}